{"id":480993,"date":"2023-05-10T19:56:59","date_gmt":"2023-05-11T01:56:59","guid":{"rendered":"https:\/\/www.zunoticia.com\/noticias-de-hidalgo\/?p=480993"},"modified":"2023-05-10T19:57:00","modified_gmt":"2023-05-11T01:57:00","slug":"desaparece-joven-de-zacualtipan","status":"publish","type":"post","link":"https:\/\/www.zunoticia.com\/noticias-de-hidalgo\/2023\/05\/10\/desaparece-joven-de-zacualtipan\/","title":{"rendered":"Desaparece joven de Zacualtip\u00e1n"},"content":{"rendered":"<aside class=\"mashsb-container mashsb-main mashsb-stretched\"><div class=\"mashsb-box\"><div class=\"mashsb-count mash-large\" style=\"float:left\"><div class=\"counts mashsbcount\">36<\/div><span class=\"mashsb-sharetext\">SHARES<\/span><\/div><div class=\"mashsb-buttons\"><a class=\"mashicon-facebook mash-large mash-center mashsb-noshadow\" href=\"https:\/\/www.facebook.com\/sharer.php?u=https%3A%2F%2Fwww.zunoticia.com%2Fnoticias-de-hidalgo%2F2023%2F05%2F10%2Fdesaparece-joven-de-zacualtipan%2F\" target=\"_top\" rel=\"nofollow\"><span class=\"icon\"><\/span><span class=\"text\">Share<\/span><\/a><a class=\"mashicon-twitter mash-large mash-center mashsb-noshadow\" href=\"https:\/\/twitter.com\/intent\/tweet?text=&amp;url=https:\/\/www.zunoticia.com\/noticias-de-hidalgo\/2023\/05\/10\/desaparece-joven-de-zacualtipan\/\" target=\"_top\" rel=\"nofollow\"><span class=\"icon\"><\/span><span class=\"text\">Tweet<\/span><\/a><div class=\"onoffswitch2 mash-large mashsb-noshadow\" style=\"display:none\"><\/div><\/div>\n            <\/div>\n                <div style=\"clear:both\"><\/div><div class=\"mashsb-toggle-container\"><\/div><\/aside>\n            <!-- Share buttons by mashshare.net - Version: 4.0.47-->\n<p><em>Por Francisco Rosas\/Zunoticia<\/em><\/p>\n\n\n\n<p><strong>Zacualtip\u00e1n, Hgo.-<\/strong> Pedro Dami\u00e1n, vecino de este municipio, es buscado por sus familiares y autoridades municipales, debido a que est\u00e1 desaparecido desde el pasado lunes 8 de mayo.<\/p>\n\n\n\n<p>De acuerdo con la versi\u00f3n de Fernando Hern\u00e1ndez Hern\u00e1ndez, el joven sali\u00f3 de su lugar de residencia en la zona Centro de Zacualtip\u00e1n y desde entonces ya no regres\u00f3 a su hogar, motivo por el cual sus padres ya acudieron a la alcald\u00eda para dar a conocer sobre la desaparici\u00f3n, sin embargo, hasta el momento no aparece.<\/p>\n\n\n\n<p>Por la desaparici\u00f3n de esta persona del sexo masculino, los progenitores del jovencito, que son originarios del poblado de Texcaco del municipio de Xochicoatl\u00e1n, solicitan la colaboraci\u00f3n de la ciudadan\u00eda para que coadyuven en la b\u00fasqueda y si alguien tiene informaci\u00f3n que ayude a su localizaci\u00f3n, piden comunicarse al n\u00famero de emergencias 911 o a la presidencia municipal de Zacualtip\u00e1n.<\/p>\n","protected":false},"excerpt":{"rendered":"<p>Por Francisco Rosas\/Zunoticia Zacualtip\u00e1n, Hgo.- Pedro Dami\u00e1n, vecino de este municipio, es buscado por sus familiares y autoridades municipales, debido a que est\u00e1 desaparecido desde el pasado lunes 8 de mayo. De acuerdo con la versi\u00f3n de Fernando Hern\u00e1ndez Hern\u00e1ndez, el joven sali\u00f3 de su lugar de residencia en la zona Centro de Zacualtip\u00e1n y&hellip; <a class=\"more-link\" href=\"https:\/\/www.zunoticia.com\/noticias-de-hidalgo\/2023\/05\/10\/desaparece-joven-de-zacualtipan\/\">Seguir leyendo <span class=\"screen-reader-text\">Desaparece joven de Zacualtip\u00e1n<\/span><\/a><\/p>\n","protected":false},"author":12,"featured_media":480999,"comment_status":"closed","ping_status":"open","sticky":false,"template":"","format":"standard","meta":{"rop_custom_images_group":[],"rop_custom_messages_group":[],"rop_publish_now":"initial","rop_publish_now_accounts":{"facebook_10159540855086992_322828327761733":""},"rop_publish_now_history":[],"rop_publish_now_status":"pending","footnotes":""},"categories":[178],"tags":[259],"class_list":["post-480993","post","type-post","status-publish","format-standard","has-post-thumbnail","hentry","category-policiaca","tag-policiaca","entry"],"_links":{"self":[{"href":"https:\/\/www.zunoticia.com\/noticias-de-hidalgo\/wp-json\/wp\/v2\/posts\/480993","targetHints":{"allow":["GET"]}}],"collection":[{"href":"https:\/\/www.zunoticia.com\/noticias-de-hidalgo\/wp-json\/wp\/v2\/posts"}],"about":[{"href":"https:\/\/www.zunoticia.com\/noticias-de-hidalgo\/wp-json\/wp\/v2\/types\/post"}],"author":[{"embeddable":true,"href":"https:\/\/www.zunoticia.com\/noticias-de-hidalgo\/wp-json\/wp\/v2\/users\/12"}],"replies":[{"embeddable":true,"href":"https:\/\/www.zunoticia.com\/noticias-de-hidalgo\/wp-json\/wp\/v2\/comments?post=480993"}],"version-history":[{"count":1,"href":"https:\/\/www.zunoticia.com\/noticias-de-hidalgo\/wp-json\/wp\/v2\/posts\/480993\/revisions"}],"predecessor-version":[{"id":481004,"href":"https:\/\/www.zunoticia.com\/noticias-de-hidalgo\/wp-json\/wp\/v2\/posts\/480993\/revisions\/481004"}],"wp:featuredmedia":[{"embeddable":true,"href":"https:\/\/www.zunoticia.com\/noticias-de-hidalgo\/wp-json\/wp\/v2\/media\/480999"}],"wp:attachment":[{"href":"https:\/\/www.zunoticia.com\/noticias-de-hidalgo\/wp-json\/wp\/v2\/media?parent=480993"}],"wp:term":[{"taxonomy":"category","embeddable":true,"href":"https:\/\/www.zunoticia.com\/noticias-de-hidalgo\/wp-json\/wp\/v2\/categories?post=480993"},{"taxonomy":"post_tag","embeddable":true,"href":"https:\/\/www.zunoticia.com\/noticias-de-hidalgo\/wp-json\/wp\/v2\/tags?post=480993"}],"curies":[{"name":"wp","href":"https:\/\/api.w.org\/{rel}","templated":true}]}}