{"id":481029,"date":"2023-05-10T21:32:15","date_gmt":"2023-05-11T03:32:15","guid":{"rendered":"https:\/\/www.zunoticia.com\/noticias-de-hidalgo\/?p=481029"},"modified":"2023-05-10T21:32:16","modified_gmt":"2023-05-11T03:32:16","slug":"refrendan-respeto-y-amor-a-la-figura-materna-en-la-escuela-telesecundaria-128-de-ixcatepec","status":"publish","type":"post","link":"https:\/\/www.zunoticia.com\/noticias-de-hidalgo\/2023\/05\/10\/refrendan-respeto-y-amor-a-la-figura-materna-en-la-escuela-telesecundaria-128-de-ixcatepec\/","title":{"rendered":"Refrendan respeto y amor a la figura materna en la Escuela Telesecundaria 128 de Ixcatepec"},"content":{"rendered":"<aside class=\"mashsb-container mashsb-main mashsb-stretched\"><div class=\"mashsb-box\"><div class=\"mashsb-count mash-large\" style=\"float:left\"><div class=\"counts mashsbcount\">50<\/div><span class=\"mashsb-sharetext\">SHARES<\/span><\/div><div class=\"mashsb-buttons\"><a class=\"mashicon-facebook mash-large mash-center mashsb-noshadow\" href=\"https:\/\/www.facebook.com\/sharer.php?u=https%3A%2F%2Fwww.zunoticia.com%2Fnoticias-de-hidalgo%2F2023%2F05%2F10%2Frefrendan-respeto-y-amor-a-la-figura-materna-en-la-escuela-telesecundaria-128-de-ixcatepec%2F\" target=\"_top\" rel=\"nofollow\"><span class=\"icon\"><\/span><span class=\"text\">Share<\/span><\/a><a class=\"mashicon-twitter mash-large mash-center mashsb-noshadow\" href=\"https:\/\/twitter.com\/intent\/tweet?text=&amp;url=https:\/\/www.zunoticia.com\/noticias-de-hidalgo\/2023\/05\/10\/refrendan-respeto-y-amor-a-la-figura-materna-en-la-escuela-telesecundaria-128-de-ixcatepec\/\" target=\"_top\" rel=\"nofollow\"><span class=\"icon\"><\/span><span class=\"text\">Tweet<\/span><\/a><div class=\"onoffswitch2 mash-large mashsb-noshadow\" style=\"display:none\"><\/div><\/div>\n            <\/div>\n                <div style=\"clear:both\"><\/div><div class=\"mashsb-toggle-container\"><\/div><\/aside>\n            <!-- Share buttons by mashshare.net - Version: 4.0.47-->\n<p><em>Por Salvador Altamirano\/Zunoticia<\/em><\/p>\n\n\n\n<p><strong>Huejutla, Hgo.-<\/strong> El &#8220;D\u00eda de la Madre&#8221; es una de las celebraciones manifiesta en todos los n\u00facleos sociales del pa\u00eds, incluyendo el educativo, todos con el mismo objetivo, &#8220;agradecer y engrandecer la figura materna&#8221;, por lo que los festejos en las instituciones educativas son elementales para refrendar amor y respeto a la autora de nuestros d\u00edas.<\/p>\n\n\n\n<figure class=\"wp-block-image size-full\"><img fetchpriority=\"high\" decoding=\"async\" width=\"828\" height=\"612\" src=\"https:\/\/www.zunoticia.com\/noticias-de-hidalgo\/wp-content\/uploads\/2023\/05\/eZy-Watermark-10-05-2023-08-23-02-2380p.m..jpg\" alt=\"\" class=\"wp-image-481019\" srcset=\"https:\/\/www.zunoticia.com\/noticias-de-hidalgo\/wp-content\/uploads\/2023\/05\/eZy-Watermark-10-05-2023-08-23-02-2380p.m..jpg 828w, https:\/\/www.zunoticia.com\/noticias-de-hidalgo\/wp-content\/uploads\/2023\/05\/eZy-Watermark-10-05-2023-08-23-02-2380p.m.-300x222.jpg 300w, https:\/\/www.zunoticia.com\/noticias-de-hidalgo\/wp-content\/uploads\/2023\/05\/eZy-Watermark-10-05-2023-08-23-02-2380p.m.-768x568.jpg 768w\" sizes=\"(max-width: 828px) 100vw, 828px\" \/><\/figure>\n\n\n\n<p>Por tal motivo, este mi\u00e9rcoles por la ma\u00f1ana, la direcci\u00f3n, personal docente y de apoyo de la Escuela Telesecundaria 128 de la comunidad de Ixcatepec, municipio de Huejutla, festej\u00f3 a las madres de los alumnos que integran la comuna estudiantil.<\/p>\n\n\n\n<figure class=\"wp-block-image size-full\"><img decoding=\"async\" width=\"1024\" height=\"768\" src=\"https:\/\/www.zunoticia.com\/noticias-de-hidalgo\/wp-content\/uploads\/2023\/05\/eZy-Watermark-10-05-2023-08-23-17-6780p.m..jpg\" alt=\"\" class=\"wp-image-481018\" srcset=\"https:\/\/www.zunoticia.com\/noticias-de-hidalgo\/wp-content\/uploads\/2023\/05\/eZy-Watermark-10-05-2023-08-23-17-6780p.m..jpg 1024w, https:\/\/www.zunoticia.com\/noticias-de-hidalgo\/wp-content\/uploads\/2023\/05\/eZy-Watermark-10-05-2023-08-23-17-6780p.m.-300x225.jpg 300w, https:\/\/www.zunoticia.com\/noticias-de-hidalgo\/wp-content\/uploads\/2023\/05\/eZy-Watermark-10-05-2023-08-23-17-6780p.m.-768x576.jpg 768w\" sizes=\"(max-width: 1024px) 100vw, 1024px\" \/><\/figure>\n\n\n\n<p>La emotiva celebraci\u00f3n, consisti\u00f3 en un ameno festival art\u00edstico con la participaci\u00f3n de los alumnos de cada grado, cuyas actuaciones fueron del agrado de las mam\u00e1s, quienes aplaudieron con entusiasmo cada n\u00famero, acentu\u00e1ndose cuando estaban en escena sus hijos o familiares.<\/p>\n\n\n\n<figure class=\"wp-block-image size-full\"><img decoding=\"async\" width=\"1024\" height=\"768\" src=\"https:\/\/www.zunoticia.com\/noticias-de-hidalgo\/wp-content\/uploads\/2023\/05\/eZy-Watermark-10-05-2023-08-23-32-4320p.m..jpg\" alt=\"\" class=\"wp-image-481017\" srcset=\"https:\/\/www.zunoticia.com\/noticias-de-hidalgo\/wp-content\/uploads\/2023\/05\/eZy-Watermark-10-05-2023-08-23-32-4320p.m..jpg 1024w, https:\/\/www.zunoticia.com\/noticias-de-hidalgo\/wp-content\/uploads\/2023\/05\/eZy-Watermark-10-05-2023-08-23-32-4320p.m.-300x225.jpg 300w, https:\/\/www.zunoticia.com\/noticias-de-hidalgo\/wp-content\/uploads\/2023\/05\/eZy-Watermark-10-05-2023-08-23-32-4320p.m.-768x576.jpg 768w\" sizes=\"(max-width: 1024px) 100vw, 1024px\" \/><\/figure>\n\n\n\n<p>Como es tradicional en cada festejo huasteco, el evento se &#8220;cerr\u00f3 con broche de oro&#8221;, coloquialmente hablando, con la repartici\u00f3n de zacahuil, el tamal representativo de la gastronom\u00eda regional.<\/p>\n\n\n\n<p>Enfatizaron que fue una celebraci\u00f3n plet\u00f3rica de emociones para refrendar el respeto y amor a la figura materna.<\/p>\n","protected":false},"excerpt":{"rendered":"<p>Por Salvador Altamirano\/Zunoticia Huejutla, Hgo.- El &#8220;D\u00eda de la Madre&#8221; es una de las celebraciones manifiesta en todos los n\u00facleos sociales del pa\u00eds, incluyendo el educativo, todos con el mismo objetivo, &#8220;agradecer y engrandecer la figura materna&#8221;, por lo que los festejos en las instituciones educativas son elementales para refrendar amor y respeto a la&hellip; <a class=\"more-link\" href=\"https:\/\/www.zunoticia.com\/noticias-de-hidalgo\/2023\/05\/10\/refrendan-respeto-y-amor-a-la-figura-materna-en-la-escuela-telesecundaria-128-de-ixcatepec\/\">Seguir leyendo <span class=\"screen-reader-text\">Refrendan respeto y amor a la figura materna en la Escuela Telesecundaria 128 de Ixcatepec<\/span><\/a><\/p>\n","protected":false},"author":12,"featured_media":481020,"comment_status":"closed","ping_status":"open","sticky":false,"template":"","format":"standard","meta":{"rop_custom_images_group":[],"rop_custom_messages_group":[],"rop_publish_now":"initial","rop_publish_now_accounts":{"facebook_10159540855086992_322828327761733":""},"rop_publish_now_history":[],"rop_publish_now_status":"pending","footnotes":""},"categories":[181],"tags":[121],"class_list":["post-481029","post","type-post","status-publish","format-standard","has-post-thumbnail","hentry","category-huejutla","tag-huejutla","entry"],"_links":{"self":[{"href":"https:\/\/www.zunoticia.com\/noticias-de-hidalgo\/wp-json\/wp\/v2\/posts\/481029","targetHints":{"allow":["GET"]}}],"collection":[{"href":"https:\/\/www.zunoticia.com\/noticias-de-hidalgo\/wp-json\/wp\/v2\/posts"}],"about":[{"href":"https:\/\/www.zunoticia.com\/noticias-de-hidalgo\/wp-json\/wp\/v2\/types\/post"}],"author":[{"embeddable":true,"href":"https:\/\/www.zunoticia.com\/noticias-de-hidalgo\/wp-json\/wp\/v2\/users\/12"}],"replies":[{"embeddable":true,"href":"https:\/\/www.zunoticia.com\/noticias-de-hidalgo\/wp-json\/wp\/v2\/comments?post=481029"}],"version-history":[{"count":1,"href":"https:\/\/www.zunoticia.com\/noticias-de-hidalgo\/wp-json\/wp\/v2\/posts\/481029\/revisions"}],"predecessor-version":[{"id":481034,"href":"https:\/\/www.zunoticia.com\/noticias-de-hidalgo\/wp-json\/wp\/v2\/posts\/481029\/revisions\/481034"}],"wp:featuredmedia":[{"embeddable":true,"href":"https:\/\/www.zunoticia.com\/noticias-de-hidalgo\/wp-json\/wp\/v2\/media\/481020"}],"wp:attachment":[{"href":"https:\/\/www.zunoticia.com\/noticias-de-hidalgo\/wp-json\/wp\/v2\/media?parent=481029"}],"wp:term":[{"taxonomy":"category","embeddable":true,"href":"https:\/\/www.zunoticia.com\/noticias-de-hidalgo\/wp-json\/wp\/v2\/categories?post=481029"},{"taxonomy":"post_tag","embeddable":true,"href":"https:\/\/www.zunoticia.com\/noticias-de-hidalgo\/wp-json\/wp\/v2\/tags?post=481029"}],"curies":[{"name":"wp","href":"https:\/\/api.w.org\/{rel}","templated":true}]}}