{"id":481031,"date":"2023-05-10T21:09:58","date_gmt":"2023-05-11T03:09:58","guid":{"rendered":"https:\/\/www.zunoticia.com\/noticias-de-hidalgo\/?p=481031"},"modified":"2023-05-10T21:09:59","modified_gmt":"2023-05-11T03:09:59","slug":"dia-de-las-madres-el-festejo-mas-importante-de-mexico-opinan","status":"publish","type":"post","link":"https:\/\/www.zunoticia.com\/noticias-de-hidalgo\/2023\/05\/10\/dia-de-las-madres-el-festejo-mas-importante-de-mexico-opinan\/","title":{"rendered":"&#8220;D\u00eda de las Madres&#8221;, el festejo m\u00e1s importante de M\u00e9xico: Opinan"},"content":{"rendered":"<aside class=\"mashsb-container mashsb-main mashsb-stretched\"><div class=\"mashsb-box\"><div class=\"mashsb-count mash-large\" style=\"float:left\"><div class=\"counts mashsbcount\">30<\/div><span class=\"mashsb-sharetext\">SHARES<\/span><\/div><div class=\"mashsb-buttons\"><a class=\"mashicon-facebook mash-large mash-center mashsb-noshadow\" href=\"https:\/\/www.facebook.com\/sharer.php?u=https%3A%2F%2Fwww.zunoticia.com%2Fnoticias-de-hidalgo%2F2023%2F05%2F10%2Fdia-de-las-madres-el-festejo-mas-importante-de-mexico-opinan%2F\" target=\"_top\" rel=\"nofollow\"><span class=\"icon\"><\/span><span class=\"text\">Share<\/span><\/a><a class=\"mashicon-twitter mash-large mash-center mashsb-noshadow\" href=\"https:\/\/twitter.com\/intent\/tweet?text=&amp;url=https:\/\/www.zunoticia.com\/noticias-de-hidalgo\/2023\/05\/10\/dia-de-las-madres-el-festejo-mas-importante-de-mexico-opinan\/\" target=\"_top\" rel=\"nofollow\"><span class=\"icon\"><\/span><span class=\"text\">Tweet<\/span><\/a><div class=\"onoffswitch2 mash-large mashsb-noshadow\" style=\"display:none\"><\/div><\/div>\n            <\/div>\n                <div style=\"clear:both\"><\/div><div class=\"mashsb-toggle-container\"><\/div><\/aside>\n            <!-- Share buttons by mashshare.net - Version: 4.0.47-->\n<p><em>Por Salvador Altamirano\/Zunoticia<\/em><\/p>\n\n\n\n<p><strong>Huejutla, Hgo.-<\/strong> Sin duda, el 10 de mayo, fecha en que se celebra el &#8220;D\u00eda de la Madre&#8221;, cada a\u00f1o deja una derrama econ\u00f3mica excelente para el sector comercial, lo cual se pudo comprobar una vez m\u00e1s la ma\u00f1ana de este mi\u00e9rcoles en el trecho de la Avenida Nuevo Le\u00f3n que comprende las calles Eloxochitl\u00e1n y Cerrada Hidalgo, de la colonia Santa Irene, en donde la afluencia de personas en busca de regalos era por dem\u00e1s numerosa.<\/p>\n\n\n\n<p>Al respecto, quien se identific\u00f3 con el nombre de Pedro G\u00f3mez, enfatiz\u00f3 que el D\u00eda de la Madre es sin ninguna duda el festejo m\u00e1s importante en M\u00e9xico, el cual se caracteriza por su auge comercial, ya que se otorgan obsequios a las progenitoras.<\/p>\n\n\n\n<figure class=\"wp-block-image size-large\"><img fetchpriority=\"high\" decoding=\"async\" width=\"1024\" height=\"768\" src=\"https:\/\/www.zunoticia.com\/noticias-de-hidalgo\/wp-content\/uploads\/2023\/05\/eZy-Watermark-10-05-2023-08-19-06-3940p.m.-1024x768.jpg\" alt=\"\" class=\"wp-image-481027\" srcset=\"https:\/\/www.zunoticia.com\/noticias-de-hidalgo\/wp-content\/uploads\/2023\/05\/eZy-Watermark-10-05-2023-08-19-06-3940p.m.-1024x768.jpg 1024w, https:\/\/www.zunoticia.com\/noticias-de-hidalgo\/wp-content\/uploads\/2023\/05\/eZy-Watermark-10-05-2023-08-19-06-3940p.m.-300x225.jpg 300w, https:\/\/www.zunoticia.com\/noticias-de-hidalgo\/wp-content\/uploads\/2023\/05\/eZy-Watermark-10-05-2023-08-19-06-3940p.m.-768x576.jpg 768w, https:\/\/www.zunoticia.com\/noticias-de-hidalgo\/wp-content\/uploads\/2023\/05\/eZy-Watermark-10-05-2023-08-19-06-3940p.m..jpg 1280w\" sizes=\"(max-width: 1024px) 100vw, 1024px\" \/><\/figure>\n\n\n\n<p>Rememor\u00f3 que el mundial acontecimiento se celebra por iniciativa, en primer t\u00e9rmino, de Anna Jarvis, originaria de Filadelfia, Estados Unidos, quien hizo la propuesta en 1907 para rendirle un homenaje a su mam\u00e1 por la labor que llev\u00f3 a cabo durante a\u00f1os para reconciliar a los dos bandos que se enfrentaron en la guerra civil, o sea, el Norte y el Sur.<\/p>\n\n\n\n<p>A\u00f1adi\u00f3 que fue el presidente Woodrow Wilson, quien el 8 de mayo de 1914 decret\u00f3 que el D\u00eda de la Madre se celebrar\u00e1 en Estados Unidos el segundo domingo del mes de mayo.<\/p>\n\n\n\n<p>Para finalizar, especific\u00f3 que la festividad en M\u00e9xico surgi\u00f3 por iniciativa del periodista Rafael Alduc\u00edn, director del Peri\u00f3dico Exc\u00e9lsior, quien el 13 de abril de 1922 hizo la propuesta a trav\u00e9s de una publicaci\u00f3n en su medio informativo.<\/p>\n","protected":false},"excerpt":{"rendered":"<p>Por Salvador Altamirano\/Zunoticia Huejutla, Hgo.- Sin duda, el 10 de mayo, fecha en que se celebra el &#8220;D\u00eda de la Madre&#8221;, cada a\u00f1o deja una derrama econ\u00f3mica excelente para el sector comercial, lo cual se pudo comprobar una vez m\u00e1s la ma\u00f1ana de este mi\u00e9rcoles en el trecho de la Avenida Nuevo Le\u00f3n que comprende&hellip; <a class=\"more-link\" href=\"https:\/\/www.zunoticia.com\/noticias-de-hidalgo\/2023\/05\/10\/dia-de-las-madres-el-festejo-mas-importante-de-mexico-opinan\/\">Seguir leyendo <span class=\"screen-reader-text\">&#8220;D\u00eda de las Madres&#8221;, el festejo m\u00e1s importante de M\u00e9xico: Opinan<\/span><\/a><\/p>\n","protected":false},"author":12,"featured_media":481026,"comment_status":"closed","ping_status":"open","sticky":false,"template":"","format":"standard","meta":{"rop_custom_images_group":[],"rop_custom_messages_group":[],"rop_publish_now":"initial","rop_publish_now_accounts":{"facebook_10159540855086992_322828327761733":""},"rop_publish_now_history":[],"rop_publish_now_status":"pending","footnotes":""},"categories":[181],"tags":[121],"class_list":["post-481031","post","type-post","status-publish","format-standard","has-post-thumbnail","hentry","category-huejutla","tag-huejutla","entry"],"_links":{"self":[{"href":"https:\/\/www.zunoticia.com\/noticias-de-hidalgo\/wp-json\/wp\/v2\/posts\/481031","targetHints":{"allow":["GET"]}}],"collection":[{"href":"https:\/\/www.zunoticia.com\/noticias-de-hidalgo\/wp-json\/wp\/v2\/posts"}],"about":[{"href":"https:\/\/www.zunoticia.com\/noticias-de-hidalgo\/wp-json\/wp\/v2\/types\/post"}],"author":[{"embeddable":true,"href":"https:\/\/www.zunoticia.com\/noticias-de-hidalgo\/wp-json\/wp\/v2\/users\/12"}],"replies":[{"embeddable":true,"href":"https:\/\/www.zunoticia.com\/noticias-de-hidalgo\/wp-json\/wp\/v2\/comments?post=481031"}],"version-history":[{"count":1,"href":"https:\/\/www.zunoticia.com\/noticias-de-hidalgo\/wp-json\/wp\/v2\/posts\/481031\/revisions"}],"predecessor-version":[{"id":481032,"href":"https:\/\/www.zunoticia.com\/noticias-de-hidalgo\/wp-json\/wp\/v2\/posts\/481031\/revisions\/481032"}],"wp:featuredmedia":[{"embeddable":true,"href":"https:\/\/www.zunoticia.com\/noticias-de-hidalgo\/wp-json\/wp\/v2\/media\/481026"}],"wp:attachment":[{"href":"https:\/\/www.zunoticia.com\/noticias-de-hidalgo\/wp-json\/wp\/v2\/media?parent=481031"}],"wp:term":[{"taxonomy":"category","embeddable":true,"href":"https:\/\/www.zunoticia.com\/noticias-de-hidalgo\/wp-json\/wp\/v2\/categories?post=481031"},{"taxonomy":"post_tag","embeddable":true,"href":"https:\/\/www.zunoticia.com\/noticias-de-hidalgo\/wp-json\/wp\/v2\/tags?post=481031"}],"curies":[{"name":"wp","href":"https:\/\/api.w.org\/{rel}","templated":true}]}}