{"id":481092,"date":"2023-05-11T15:12:11","date_gmt":"2023-05-11T21:12:11","guid":{"rendered":"https:\/\/www.zunoticia.com\/noticias-de-hidalgo\/?p=481092"},"modified":"2023-05-11T22:15:21","modified_gmt":"2023-05-12T04:15:21","slug":"no-tengo-aspiraciones-politicas-perovoy-a-festejar-a-las-madres-roman-rivera","status":"publish","type":"post","link":"https:\/\/www.zunoticia.com\/noticias-de-hidalgo\/2023\/05\/11\/no-tengo-aspiraciones-politicas-perovoy-a-festejar-a-las-madres-roman-rivera\/","title":{"rendered":"No tengo aspiraciones pol\u00edticas, pero voy a festejar a las madres: Rom\u00e1n Rivera"},"content":{"rendered":"<aside class=\"mashsb-container mashsb-main mashsb-stretched\"><div class=\"mashsb-box\"><div class=\"mashsb-count mash-large\" style=\"float:left\"><div class=\"counts mashsbcount\">54<\/div><span class=\"mashsb-sharetext\">SHARES<\/span><\/div><div class=\"mashsb-buttons\"><a class=\"mashicon-facebook mash-large mash-center mashsb-noshadow\" href=\"https:\/\/www.facebook.com\/sharer.php?u=https%3A%2F%2Fwww.zunoticia.com%2Fnoticias-de-hidalgo%2F2023%2F05%2F11%2Fno-tengo-aspiraciones-politicas-perovoy-a-festejar-a-las-madres-roman-rivera%2F\" target=\"_top\" rel=\"nofollow\"><span class=\"icon\"><\/span><span class=\"text\">Share<\/span><\/a><a class=\"mashicon-twitter mash-large mash-center mashsb-noshadow\" href=\"https:\/\/twitter.com\/intent\/tweet?text=&amp;url=https:\/\/www.zunoticia.com\/noticias-de-hidalgo\/2023\/05\/11\/no-tengo-aspiraciones-politicas-perovoy-a-festejar-a-las-madres-roman-rivera\/\" target=\"_top\" rel=\"nofollow\"><span class=\"icon\"><\/span><span class=\"text\">Tweet<\/span><\/a><div class=\"onoffswitch2 mash-large mashsb-noshadow\" style=\"display:none\"><\/div><\/div>\n            <\/div>\n                <div style=\"clear:both\"><\/div><div class=\"mashsb-toggle-container\"><\/div><\/aside>\n            <!-- Share buttons by mashshare.net - Version: 4.0.47-->\n<p><em>Por Salvador Altamirano\/Zunoticia<\/em><\/p>\n\n\n\n<p><strong>Huejutla, Hgo<\/strong>.- Anticipando que no est\u00e1 respaldado por ning\u00fan partido pol\u00edtico ni tiene aspiraciones a cargo p\u00fablico alguno, Rom\u00e1n Rivera Lara, invita a las madres de familia de la cabecera y comunidades del municipio de Atlapexco, a un evento festivo en su honor que tendr\u00e1 efecto el pr\u00f3ximo 20 (s\u00e1bado) del presente mes.<\/p>\n\n\n\n<p>Especific\u00f3 que la actividad tendr\u00e1 efecto en los domos del mercado municipal, la cual iniciar\u00e1 a las 13:00 horas, en donde habr\u00e1 muchos regalos para las madres asistentes, una comida y un grupo musical que amenizar\u00e1 la convivencia para que se diviertan.<\/p>\n\n\n\n<p>A pregunta expresa, refiri\u00f3 que, el precitado evento no est\u00e1 respaldado por el gobierno municipal ni por fracci\u00f3n pol\u00edtica alguna, simplemente -dijo-, \u201cquiero rendirles un merecido homenaje a las madres, y darle un cambio a este tipo de eventos en donde siempre les regalan una cubeta o una jicarita de pl\u00e1stico; y ese d\u00eda se rifar\u00e1n un refrigerador y una estufa, entre otros aparatos electrodom\u00e9sticos\u201d.<\/p>\n\n\n\n<p>Asimismo, asegur\u00f3 que no tiene aspiraciones pol\u00edticas, es una decisi\u00f3n personal de beneficiar, en especial, a las madres que residen en las comunidades, \u201csoy Ingeniero civil y tengo varios a\u00f1os trabajando, y el grupo de personas que conmigo colaboran no se podr\u00eda considerar una organizaci\u00f3n\u201d.<\/p>\n\n\n\n<p>Para finalizar, Rivera Lara remarc\u00f3 que, el evento no es motivado por aspiraciones pol\u00edticas, simplemente es para apoyar a la gente, en este caso a las madres, para que se lleven un excelente regalo\u201d, por lo que reiter\u00f3 la invitaci\u00f3n para el 20 de mayo, a las 13:00 horas.<\/p>\n","protected":false},"excerpt":{"rendered":"<p>Por Salvador Altamirano\/Zunoticia Huejutla, Hgo.- Anticipando que no est\u00e1 respaldado por ning\u00fan partido pol\u00edtico ni tiene aspiraciones a cargo p\u00fablico alguno, Rom\u00e1n Rivera Lara, invita a las madres de familia de la cabecera y comunidades del municipio de Atlapexco, a un evento festivo en su honor que tendr\u00e1 efecto el pr\u00f3ximo 20 (s\u00e1bado) del presente&hellip; <a class=\"more-link\" href=\"https:\/\/www.zunoticia.com\/noticias-de-hidalgo\/2023\/05\/11\/no-tengo-aspiraciones-politicas-perovoy-a-festejar-a-las-madres-roman-rivera\/\">Seguir leyendo <span class=\"screen-reader-text\">No tengo aspiraciones pol\u00edticas, pero voy a festejar a las madres: Rom\u00e1n Rivera<\/span><\/a><\/p>\n","protected":false},"author":20,"featured_media":481093,"comment_status":"closed","ping_status":"open","sticky":false,"template":"","format":"standard","meta":{"rop_custom_images_group":[],"rop_custom_messages_group":[],"rop_publish_now":"initial","rop_publish_now_accounts":{"facebook_10159540855086992_322828327761733":""},"rop_publish_now_history":[],"rop_publish_now_status":"pending","footnotes":""},"categories":[181],"tags":[121],"class_list":["post-481092","post","type-post","status-publish","format-standard","has-post-thumbnail","hentry","category-huejutla","tag-huejutla","entry"],"_links":{"self":[{"href":"https:\/\/www.zunoticia.com\/noticias-de-hidalgo\/wp-json\/wp\/v2\/posts\/481092","targetHints":{"allow":["GET"]}}],"collection":[{"href":"https:\/\/www.zunoticia.com\/noticias-de-hidalgo\/wp-json\/wp\/v2\/posts"}],"about":[{"href":"https:\/\/www.zunoticia.com\/noticias-de-hidalgo\/wp-json\/wp\/v2\/types\/post"}],"author":[{"embeddable":true,"href":"https:\/\/www.zunoticia.com\/noticias-de-hidalgo\/wp-json\/wp\/v2\/users\/20"}],"replies":[{"embeddable":true,"href":"https:\/\/www.zunoticia.com\/noticias-de-hidalgo\/wp-json\/wp\/v2\/comments?post=481092"}],"version-history":[{"count":2,"href":"https:\/\/www.zunoticia.com\/noticias-de-hidalgo\/wp-json\/wp\/v2\/posts\/481092\/revisions"}],"predecessor-version":[{"id":481188,"href":"https:\/\/www.zunoticia.com\/noticias-de-hidalgo\/wp-json\/wp\/v2\/posts\/481092\/revisions\/481188"}],"wp:featuredmedia":[{"embeddable":true,"href":"https:\/\/www.zunoticia.com\/noticias-de-hidalgo\/wp-json\/wp\/v2\/media\/481093"}],"wp:attachment":[{"href":"https:\/\/www.zunoticia.com\/noticias-de-hidalgo\/wp-json\/wp\/v2\/media?parent=481092"}],"wp:term":[{"taxonomy":"category","embeddable":true,"href":"https:\/\/www.zunoticia.com\/noticias-de-hidalgo\/wp-json\/wp\/v2\/categories?post=481092"},{"taxonomy":"post_tag","embeddable":true,"href":"https:\/\/www.zunoticia.com\/noticias-de-hidalgo\/wp-json\/wp\/v2\/tags?post=481092"}],"curies":[{"name":"wp","href":"https:\/\/api.w.org\/{rel}","templated":true}]}}