{"id":481179,"date":"2023-05-11T21:46:49","date_gmt":"2023-05-12T03:46:49","guid":{"rendered":"https:\/\/www.zunoticia.com\/noticias-de-hidalgo\/?p=481179"},"modified":"2023-05-11T21:46:51","modified_gmt":"2023-05-12T03:46:51","slug":"avanza-difh-en-fortalecimiento-a-sistemas-municipales-en-la-sierra-gorda-y-el-valle-del-mezquital","status":"publish","type":"post","link":"https:\/\/www.zunoticia.com\/noticias-de-hidalgo\/2023\/05\/11\/avanza-difh-en-fortalecimiento-a-sistemas-municipales-en-la-sierra-gorda-y-el-valle-del-mezquital\/","title":{"rendered":"Avanza DIFH en Fortalecimiento a Sistemas Municipales en la Sierra Gorda y el Valle del Mezquital"},"content":{"rendered":"<aside class=\"mashsb-container mashsb-main mashsb-stretched\"><div class=\"mashsb-box\"><div class=\"mashsb-count mash-large\" style=\"float:left\"><div class=\"counts mashsbcount\">15<\/div><span class=\"mashsb-sharetext\">SHARES<\/span><\/div><div class=\"mashsb-buttons\"><a class=\"mashicon-facebook mash-large mash-center mashsb-noshadow\" href=\"https:\/\/www.facebook.com\/sharer.php?u=https%3A%2F%2Fwww.zunoticia.com%2Fnoticias-de-hidalgo%2F2023%2F05%2F11%2Favanza-difh-en-fortalecimiento-a-sistemas-municipales-en-la-sierra-gorda-y-el-valle-del-mezquital%2F\" target=\"_top\" rel=\"nofollow\"><span class=\"icon\"><\/span><span class=\"text\">Share<\/span><\/a><a class=\"mashicon-twitter mash-large mash-center mashsb-noshadow\" href=\"https:\/\/twitter.com\/intent\/tweet?text=&amp;url=https:\/\/www.zunoticia.com\/noticias-de-hidalgo\/2023\/05\/11\/avanza-difh-en-fortalecimiento-a-sistemas-municipales-en-la-sierra-gorda-y-el-valle-del-mezquital\/\" target=\"_top\" rel=\"nofollow\"><span class=\"icon\"><\/span><span class=\"text\">Tweet<\/span><\/a><div class=\"onoffswitch2 mash-large mashsb-noshadow\" style=\"display:none\"><\/div><\/div>\n            <\/div>\n                <div style=\"clear:both\"><\/div><div class=\"mashsb-toggle-container\"><\/div><\/aside>\n            <!-- Share buttons by mashshare.net - Version: 4.0.47-->\n<ul class=\"wp-block-list\">\n<li>Edda Vite presidi\u00f3 la quinta Reuni\u00f3n Regional, con sede en Ixmiquilpan.<\/li>\n\n\n\n<li>Contin\u00faa reequipamiento de 4 UBR en la zona.<\/li>\n<\/ul>\n\n\n\n<p><em>Por <\/em><em>Redacci\u00f3n\/Zunoticia<\/em><\/p>\n\n\n\n<p><strong>Pachuca, Hgo.-<\/strong> El Sistema DIFH, encabezado por Edda Vite Ramos, llev\u00f3 a cabo en Ixmiquilpan la quinta Reuni\u00f3n Regional para el Fortalecimiento de Sistemas Municipales DIF, donde se dieron a conocer los programas y mecanismos de atenci\u00f3n a la poblaci\u00f3n vulnerable que se implementan a nivel estatal para impulsar el desarrollo y bienestar de las familias.<\/p>\n\n\n\n<p>En su mensaje de apertura, Edda Vite hizo un llamado a las presidentas y directoras de los Sistemas Alfajayucan, Cardonal, Chilcuautla, Nicol\u00e1s Flores, Tasquillo y Zimap\u00e1n, pertenecientes a la Regi\u00f3n 8, a multiplicar esfuerzos para incrementar el presupuesto del que disponen y as\u00ed poder llevar m\u00e1s y mejores servicios a los sectores prioritarios de sus municipios. &nbsp;&nbsp;<\/p>\n\n\n\n<p>\u201cEl objetivo de estas reuniones, mi principal inquietud, es que ustedes sepan qu\u00e9 tan importante son los sistemas DIF municipales\u201d, puntualiz\u00f3. En el mismo tenor, se\u00f1al\u00f3 que dichos sistemas deben ser m\u00e1s humanos para cubrir las necesidades que tienen estos segmentos.<\/p>\n\n\n\n<p>Durante la jornada se dio seguimiento a las acciones de reequipamiento de las Unidades B\u00e1sicas de Rehabilitaci\u00f3n (UBR) pertenecientes a Cardonal, Chilcuautla, Tasquillo y Zimap\u00e1n, que durante la gesti\u00f3n de Edda Vite Ramos coadyuvaron al incremento de la capacidad de respuesta a la atenci\u00f3n de personas con discapacidad en esta zona de la entidad.<\/p>\n\n\n\n<p>Entre las actividades tambi\u00e9n destac\u00f3 el Taller de Vinculaci\u00f3n Estatal y Municipal para la Atenci\u00f3n y Seguimiento de Casos de Violencia y Restituci\u00f3n de Derechos de Ni\u00f1as, Ni\u00f1os y Adolescentes en los municipios de Alfajayucan, Cardonal y Chilcuautla, impartido por la Procuradur\u00eda de Protecci\u00f3n a NNAyF.<\/p>\n\n\n\n<figure class=\"wp-block-image size-large\"><img fetchpriority=\"high\" decoding=\"async\" width=\"1024\" height=\"682\" src=\"https:\/\/www.zunoticia.com\/noticias-de-hidalgo\/wp-content\/uploads\/2023\/05\/eZy-Watermark-11-05-2023-09-43-26-5540p.m.-1024x682.jpg\" alt=\"\" class=\"wp-image-481182\" srcset=\"https:\/\/www.zunoticia.com\/noticias-de-hidalgo\/wp-content\/uploads\/2023\/05\/eZy-Watermark-11-05-2023-09-43-26-5540p.m.-1024x682.jpg 1024w, https:\/\/www.zunoticia.com\/noticias-de-hidalgo\/wp-content\/uploads\/2023\/05\/eZy-Watermark-11-05-2023-09-43-26-5540p.m.-300x200.jpg 300w, https:\/\/www.zunoticia.com\/noticias-de-hidalgo\/wp-content\/uploads\/2023\/05\/eZy-Watermark-11-05-2023-09-43-26-5540p.m.-768x512.jpg 768w, https:\/\/www.zunoticia.com\/noticias-de-hidalgo\/wp-content\/uploads\/2023\/05\/eZy-Watermark-11-05-2023-09-43-26-5540p.m..jpg 1280w\" sizes=\"(max-width: 1024px) 100vw, 1024px\" \/><\/figure>\n\n\n\n<p>En el rubro de salud pedi\u00e1trica, se inform\u00f3 que, desde el inicio de la actual administraci\u00f3n, el Hospital del Ni\u00f1o DIF destin\u00f3 la cantidad de un mill\u00f3n 502 mil pesos a la atenci\u00f3n de las infancias provenientes de familias de escasos recursos.<\/p>\n\n\n\n<p>La reuni\u00f3n permiti\u00f3 el intercambio de perspectivas por parte de las presidentas participantes, quienes agradecieron el esfuerzo realizado por la Familia DIFH para caminar de la mano con las y los habitantes de las zonas con alto \u00edndice de marginaci\u00f3n. Adem\u00e1s, se reconoci\u00f3 el reto asumido por Edda Vite Ramos para unificar las acciones en favor de la asistencia social en ambos \u00f3rdenes de gobierno.&nbsp;<\/p>\n\n\n\n<p>Finalmente, Javier Rodr\u00edguez Sagah\u00f3n, director del Sistema DIF Hidalgo, subray\u00f3 la importancia de generar proyectos que faciliten el acceso a recursos que se traduzcan en servicios para cada demarcaci\u00f3n municipal, al basarse en estudios de poblaci\u00f3n y en el conocimiento de los techos presupuestales.<\/p>\n\n\n\n<p>Con esta reuni\u00f3n regional se mantiene la pol\u00edtica de la presidenta del Patronato del Sistema DIF Hidalgo, de consolidar una forma de trabajo que contemple la perspectiva de todos los sectores de la poblaci\u00f3n y que estreche la sinergia interinstitucional en favor de quien m\u00e1s lo necesita.<\/p>\n","protected":false},"excerpt":{"rendered":"<p>Por Redacci\u00f3n\/Zunoticia Pachuca, Hgo.- El Sistema DIFH, encabezado por Edda Vite Ramos, llev\u00f3 a cabo en Ixmiquilpan la quinta Reuni\u00f3n Regional para el Fortalecimiento de Sistemas Municipales DIF, donde se dieron a conocer los programas y mecanismos de atenci\u00f3n a la poblaci\u00f3n vulnerable que se implementan a nivel estatal para impulsar el desarrollo y bienestar&hellip; <a class=\"more-link\" href=\"https:\/\/www.zunoticia.com\/noticias-de-hidalgo\/2023\/05\/11\/avanza-difh-en-fortalecimiento-a-sistemas-municipales-en-la-sierra-gorda-y-el-valle-del-mezquital\/\">Seguir leyendo <span class=\"screen-reader-text\">Avanza DIFH en Fortalecimiento a Sistemas Municipales en la Sierra Gorda y el Valle del Mezquital<\/span><\/a><\/p>\n","protected":false},"author":12,"featured_media":481181,"comment_status":"closed","ping_status":"open","sticky":false,"template":"","format":"standard","meta":{"rop_custom_images_group":[],"rop_custom_messages_group":[],"rop_publish_now":"initial","rop_publish_now_accounts":{"facebook_10159540855086992_322828327761733":""},"rop_publish_now_history":[],"rop_publish_now_status":"pending","footnotes":""},"categories":[208],"tags":[214],"class_list":["post-481179","post","type-post","status-publish","format-standard","has-post-thumbnail","hentry","category-estado","tag-estado","entry"],"_links":{"self":[{"href":"https:\/\/www.zunoticia.com\/noticias-de-hidalgo\/wp-json\/wp\/v2\/posts\/481179","targetHints":{"allow":["GET"]}}],"collection":[{"href":"https:\/\/www.zunoticia.com\/noticias-de-hidalgo\/wp-json\/wp\/v2\/posts"}],"about":[{"href":"https:\/\/www.zunoticia.com\/noticias-de-hidalgo\/wp-json\/wp\/v2\/types\/post"}],"author":[{"embeddable":true,"href":"https:\/\/www.zunoticia.com\/noticias-de-hidalgo\/wp-json\/wp\/v2\/users\/12"}],"replies":[{"embeddable":true,"href":"https:\/\/www.zunoticia.com\/noticias-de-hidalgo\/wp-json\/wp\/v2\/comments?post=481179"}],"version-history":[{"count":1,"href":"https:\/\/www.zunoticia.com\/noticias-de-hidalgo\/wp-json\/wp\/v2\/posts\/481179\/revisions"}],"predecessor-version":[{"id":481183,"href":"https:\/\/www.zunoticia.com\/noticias-de-hidalgo\/wp-json\/wp\/v2\/posts\/481179\/revisions\/481183"}],"wp:featuredmedia":[{"embeddable":true,"href":"https:\/\/www.zunoticia.com\/noticias-de-hidalgo\/wp-json\/wp\/v2\/media\/481181"}],"wp:attachment":[{"href":"https:\/\/www.zunoticia.com\/noticias-de-hidalgo\/wp-json\/wp\/v2\/media?parent=481179"}],"wp:term":[{"taxonomy":"category","embeddable":true,"href":"https:\/\/www.zunoticia.com\/noticias-de-hidalgo\/wp-json\/wp\/v2\/categories?post=481179"},{"taxonomy":"post_tag","embeddable":true,"href":"https:\/\/www.zunoticia.com\/noticias-de-hidalgo\/wp-json\/wp\/v2\/tags?post=481179"}],"curies":[{"name":"wp","href":"https:\/\/api.w.org\/{rel}","templated":true}]}}