{"id":481180,"date":"2023-05-11T23:36:26","date_gmt":"2023-05-12T05:36:26","guid":{"rendered":"https:\/\/www.zunoticia.com\/noticias-de-hidalgo\/?p=481180"},"modified":"2023-05-11T23:36:27","modified_gmt":"2023-05-12T05:36:27","slug":"reconstruira-gobierno-de-menchaca-carretera-apan-tlaxco","status":"publish","type":"post","link":"https:\/\/www.zunoticia.com\/noticias-de-hidalgo\/2023\/05\/11\/reconstruira-gobierno-de-menchaca-carretera-apan-tlaxco\/","title":{"rendered":"Reconstruir\u00e1 gobierno de Menchaca, carretera Apan &#8211; Tlaxco"},"content":{"rendered":"<aside class=\"mashsb-container mashsb-main mashsb-stretched\"><div class=\"mashsb-box\"><div class=\"mashsb-count mash-large\" style=\"float:left\"><div class=\"counts mashsbcount\">13<\/div><span class=\"mashsb-sharetext\">SHARES<\/span><\/div><div class=\"mashsb-buttons\"><a class=\"mashicon-facebook mash-large mash-center mashsb-noshadow\" href=\"https:\/\/www.facebook.com\/sharer.php?u=https%3A%2F%2Fwww.zunoticia.com%2Fnoticias-de-hidalgo%2F2023%2F05%2F11%2Freconstruira-gobierno-de-menchaca-carretera-apan-tlaxco%2F\" target=\"_top\" rel=\"nofollow\"><span class=\"icon\"><\/span><span class=\"text\">Share<\/span><\/a><a class=\"mashicon-twitter mash-large mash-center mashsb-noshadow\" href=\"https:\/\/twitter.com\/intent\/tweet?text=&amp;url=https:\/\/www.zunoticia.com\/noticias-de-hidalgo\/2023\/05\/11\/reconstruira-gobierno-de-menchaca-carretera-apan-tlaxco\/\" target=\"_top\" rel=\"nofollow\"><span class=\"icon\"><\/span><span class=\"text\">Tweet<\/span><\/a><div class=\"onoffswitch2 mash-large mashsb-noshadow\" style=\"display:none\"><\/div><\/div>\n            <\/div>\n                <div style=\"clear:both\"><\/div><div class=\"mashsb-toggle-container\"><\/div><\/aside>\n            <!-- Share buttons by mashshare.net - Version: 4.0.47-->\n<ul class=\"wp-block-list\">\n<li>En una segunda etapa continuar\u00e1n con la carretera Apan &#8211; La Uni\u00f3n<\/li>\n<\/ul>\n\n\n\n<p><em>Por <\/em><em>Redacci\u00f3n\/Zunoticia<\/em><\/p>\n\n\n\n<p><strong>Apan, Hgo<\/strong><strong>.-<\/strong> Con la llegada de las Rutas de la Transformaci\u00f3n en la regi\u00f3n del Altiplano, concretamente en el municipio de Apan, el gobernador Julio Menchaca anunci\u00f3 la reconstrucci\u00f3n de la carretera estatal Apan \u2013 Tlaxco, cuya segunda etapa contempla la continuaci\u00f3n de la carretera Apan \u2013 La Uni\u00f3n.<\/p>\n\n\n\n<p>La inversi\u00f3n superar\u00e1 los nueve millones de pesos y beneficiar\u00e1 a m\u00e1s de 26 mil 642 habitantes.<\/p>\n\n\n\n<p>Tambi\u00e9n se realizar\u00e1 la rehabilitaci\u00f3n de la calle Jaime Nun\u00f3 Oriente de la cabecera municipal, con la aplicaci\u00f3n de recursos de 9.5 millones de pesos, en beneficio de tres mil 72 habitantes.<\/p>\n","protected":false},"excerpt":{"rendered":"<p>Por Redacci\u00f3n\/Zunoticia Apan, Hgo.- Con la llegada de las Rutas de la Transformaci\u00f3n en la regi\u00f3n del Altiplano, concretamente en el municipio de Apan, el gobernador Julio Menchaca anunci\u00f3 la reconstrucci\u00f3n de la carretera estatal Apan \u2013 Tlaxco, cuya segunda etapa contempla la continuaci\u00f3n de la carretera Apan \u2013 La Uni\u00f3n. La inversi\u00f3n superar\u00e1 los&hellip; <a class=\"more-link\" href=\"https:\/\/www.zunoticia.com\/noticias-de-hidalgo\/2023\/05\/11\/reconstruira-gobierno-de-menchaca-carretera-apan-tlaxco\/\">Seguir leyendo <span class=\"screen-reader-text\">Reconstruir\u00e1 gobierno de Menchaca, carretera Apan &#8211; Tlaxco<\/span><\/a><\/p>\n","protected":false},"author":12,"featured_media":481208,"comment_status":"closed","ping_status":"open","sticky":false,"template":"","format":"standard","meta":{"rop_custom_images_group":[],"rop_custom_messages_group":[],"rop_publish_now":"initial","rop_publish_now_accounts":{"facebook_10159540855086992_322828327761733":""},"rop_publish_now_history":[],"rop_publish_now_status":"pending","footnotes":""},"categories":[208],"tags":[214],"class_list":["post-481180","post","type-post","status-publish","format-standard","has-post-thumbnail","hentry","category-estado","tag-estado","entry"],"_links":{"self":[{"href":"https:\/\/www.zunoticia.com\/noticias-de-hidalgo\/wp-json\/wp\/v2\/posts\/481180","targetHints":{"allow":["GET"]}}],"collection":[{"href":"https:\/\/www.zunoticia.com\/noticias-de-hidalgo\/wp-json\/wp\/v2\/posts"}],"about":[{"href":"https:\/\/www.zunoticia.com\/noticias-de-hidalgo\/wp-json\/wp\/v2\/types\/post"}],"author":[{"embeddable":true,"href":"https:\/\/www.zunoticia.com\/noticias-de-hidalgo\/wp-json\/wp\/v2\/users\/12"}],"replies":[{"embeddable":true,"href":"https:\/\/www.zunoticia.com\/noticias-de-hidalgo\/wp-json\/wp\/v2\/comments?post=481180"}],"version-history":[{"count":1,"href":"https:\/\/www.zunoticia.com\/noticias-de-hidalgo\/wp-json\/wp\/v2\/posts\/481180\/revisions"}],"predecessor-version":[{"id":481213,"href":"https:\/\/www.zunoticia.com\/noticias-de-hidalgo\/wp-json\/wp\/v2\/posts\/481180\/revisions\/481213"}],"wp:featuredmedia":[{"embeddable":true,"href":"https:\/\/www.zunoticia.com\/noticias-de-hidalgo\/wp-json\/wp\/v2\/media\/481208"}],"wp:attachment":[{"href":"https:\/\/www.zunoticia.com\/noticias-de-hidalgo\/wp-json\/wp\/v2\/media?parent=481180"}],"wp:term":[{"taxonomy":"category","embeddable":true,"href":"https:\/\/www.zunoticia.com\/noticias-de-hidalgo\/wp-json\/wp\/v2\/categories?post=481180"},{"taxonomy":"post_tag","embeddable":true,"href":"https:\/\/www.zunoticia.com\/noticias-de-hidalgo\/wp-json\/wp\/v2\/tags?post=481180"}],"curies":[{"name":"wp","href":"https:\/\/api.w.org\/{rel}","templated":true}]}}