{"id":481212,"date":"2023-05-11T23:39:20","date_gmt":"2023-05-12T05:39:20","guid":{"rendered":"https:\/\/www.zunoticia.com\/noticias-de-hidalgo\/?p=481212"},"modified":"2023-05-11T23:39:21","modified_gmt":"2023-05-12T05:39:21","slug":"fortalece-gobernador-equipamiento-del-centro-de-vinculacion-y-desarrollo-de-competencias","status":"publish","type":"post","link":"https:\/\/www.zunoticia.com\/noticias-de-hidalgo\/2023\/05\/11\/fortalece-gobernador-equipamiento-del-centro-de-vinculacion-y-desarrollo-de-competencias\/","title":{"rendered":"Fortalece gobernador equipamiento del Centro de Vinculaci\u00f3n y Desarrollo de Competencias"},"content":{"rendered":"<aside class=\"mashsb-container mashsb-main mashsb-stretched\"><div class=\"mashsb-box\"><div class=\"mashsb-count mash-large\" style=\"float:left\"><div class=\"counts mashsbcount\">26<\/div><span class=\"mashsb-sharetext\">SHARES<\/span><\/div><div class=\"mashsb-buttons\"><a class=\"mashicon-facebook mash-large mash-center mashsb-noshadow\" href=\"https:\/\/www.facebook.com\/sharer.php?u=https%3A%2F%2Fwww.zunoticia.com%2Fnoticias-de-hidalgo%2F2023%2F05%2F11%2Ffortalece-gobernador-equipamiento-del-centro-de-vinculacion-y-desarrollo-de-competencias%2F\" target=\"_top\" rel=\"nofollow\"><span class=\"icon\"><\/span><span class=\"text\">Share<\/span><\/a><a class=\"mashicon-twitter mash-large mash-center mashsb-noshadow\" href=\"https:\/\/twitter.com\/intent\/tweet?text=&amp;url=https:\/\/www.zunoticia.com\/noticias-de-hidalgo\/2023\/05\/11\/fortalece-gobernador-equipamiento-del-centro-de-vinculacion-y-desarrollo-de-competencias\/\" target=\"_top\" rel=\"nofollow\"><span class=\"icon\"><\/span><span class=\"text\">Tweet<\/span><\/a><div class=\"onoffswitch2 mash-large mashsb-noshadow\" style=\"display:none\"><\/div><\/div>\n            <\/div>\n                <div style=\"clear:both\"><\/div><div class=\"mashsb-toggle-container\"><\/div><\/aside>\n            <!-- Share buttons by mashshare.net - Version: 4.0.47-->\n<p><em>Por <\/em><em>Redacci\u00f3n\/Zunoticia<\/em><\/p>\n\n\n\n<p><strong>Tepeapulco, Hgo<\/strong><strong>.-<\/strong> La gira Rutas de la Transformaci\u00f3n del gobernador Julio Menchaca Salazar, continu\u00f3 este jueves en Tepeapulco, donde el mandatario particip\u00f3 en la entrega simb\u00f3lica de equipamiento para el Centro de Vinculaci\u00f3n y Desarrollo de Competencias en la Industria 4.0, que ayudar\u00e1 a la transformaci\u00f3n del estado en materia tecnol\u00f3gica.<\/p>\n\n\n\n<p>Ah\u00ed refiri\u00f3 que el presidente Andr\u00e9s Manuel L\u00f3pez Obrador visitar\u00e1 este viernes 12 de mayo la refiner\u00eda de Tula; recalc\u00f3 que el titular del Ejecutivo federal ha hecho \u00e9nfasis en que el crecimiento del \u00e1rea metropolitana de la Ciudad de M\u00e9xico viene hacia la entidad, lo cual generar\u00e1 oportunidades de desarrollo para las y los hidalguenses.<\/p>\n","protected":false},"excerpt":{"rendered":"<p>Por Redacci\u00f3n\/Zunoticia Tepeapulco, Hgo.- La gira Rutas de la Transformaci\u00f3n del gobernador Julio Menchaca Salazar, continu\u00f3 este jueves en Tepeapulco, donde el mandatario particip\u00f3 en la entrega simb\u00f3lica de equipamiento para el Centro de Vinculaci\u00f3n y Desarrollo de Competencias en la Industria 4.0, que ayudar\u00e1 a la transformaci\u00f3n del estado en materia tecnol\u00f3gica. Ah\u00ed refiri\u00f3&hellip; <a class=\"more-link\" href=\"https:\/\/www.zunoticia.com\/noticias-de-hidalgo\/2023\/05\/11\/fortalece-gobernador-equipamiento-del-centro-de-vinculacion-y-desarrollo-de-competencias\/\">Seguir leyendo <span class=\"screen-reader-text\">Fortalece gobernador equipamiento del Centro de Vinculaci\u00f3n y Desarrollo de Competencias<\/span><\/a><\/p>\n","protected":false},"author":12,"featured_media":481189,"comment_status":"closed","ping_status":"open","sticky":false,"template":"","format":"standard","meta":{"rop_custom_images_group":[],"rop_custom_messages_group":[],"rop_publish_now":"initial","rop_publish_now_accounts":{"facebook_10159540855086992_322828327761733":""},"rop_publish_now_history":[],"rop_publish_now_status":"pending","footnotes":""},"categories":[208],"tags":[214],"class_list":["post-481212","post","type-post","status-publish","format-standard","has-post-thumbnail","hentry","category-estado","tag-estado","entry"],"_links":{"self":[{"href":"https:\/\/www.zunoticia.com\/noticias-de-hidalgo\/wp-json\/wp\/v2\/posts\/481212","targetHints":{"allow":["GET"]}}],"collection":[{"href":"https:\/\/www.zunoticia.com\/noticias-de-hidalgo\/wp-json\/wp\/v2\/posts"}],"about":[{"href":"https:\/\/www.zunoticia.com\/noticias-de-hidalgo\/wp-json\/wp\/v2\/types\/post"}],"author":[{"embeddable":true,"href":"https:\/\/www.zunoticia.com\/noticias-de-hidalgo\/wp-json\/wp\/v2\/users\/12"}],"replies":[{"embeddable":true,"href":"https:\/\/www.zunoticia.com\/noticias-de-hidalgo\/wp-json\/wp\/v2\/comments?post=481212"}],"version-history":[{"count":1,"href":"https:\/\/www.zunoticia.com\/noticias-de-hidalgo\/wp-json\/wp\/v2\/posts\/481212\/revisions"}],"predecessor-version":[{"id":481215,"href":"https:\/\/www.zunoticia.com\/noticias-de-hidalgo\/wp-json\/wp\/v2\/posts\/481212\/revisions\/481215"}],"wp:featuredmedia":[{"embeddable":true,"href":"https:\/\/www.zunoticia.com\/noticias-de-hidalgo\/wp-json\/wp\/v2\/media\/481189"}],"wp:attachment":[{"href":"https:\/\/www.zunoticia.com\/noticias-de-hidalgo\/wp-json\/wp\/v2\/media?parent=481212"}],"wp:term":[{"taxonomy":"category","embeddable":true,"href":"https:\/\/www.zunoticia.com\/noticias-de-hidalgo\/wp-json\/wp\/v2\/categories?post=481212"},{"taxonomy":"post_tag","embeddable":true,"href":"https:\/\/www.zunoticia.com\/noticias-de-hidalgo\/wp-json\/wp\/v2\/tags?post=481212"}],"curies":[{"name":"wp","href":"https:\/\/api.w.org\/{rel}","templated":true}]}}