{"id":481220,"date":"2023-05-11T23:52:39","date_gmt":"2023-05-12T05:52:39","guid":{"rendered":"https:\/\/www.zunoticia.com\/noticias-de-hidalgo\/?p=481220"},"modified":"2023-05-11T23:52:40","modified_gmt":"2023-05-12T05:52:40","slug":"conmemora-hospital-basico-de-huehuetla-15-anos-de-atencion-medica","status":"publish","type":"post","link":"https:\/\/www.zunoticia.com\/noticias-de-hidalgo\/2023\/05\/11\/conmemora-hospital-basico-de-huehuetla-15-anos-de-atencion-medica\/","title":{"rendered":"Conmemora Hospital B\u00e1sico de Huehuetla 15 a\u00f1os de atenci\u00f3n m\u00e9dica"},"content":{"rendered":"<aside class=\"mashsb-container mashsb-main mashsb-stretched\"><div class=\"mashsb-box\"><div class=\"mashsb-count mash-large\" style=\"float:left\"><div class=\"counts mashsbcount\">26<\/div><span class=\"mashsb-sharetext\">SHARES<\/span><\/div><div class=\"mashsb-buttons\"><a class=\"mashicon-facebook mash-large mash-center mashsb-noshadow\" href=\"https:\/\/www.facebook.com\/sharer.php?u=https%3A%2F%2Fwww.zunoticia.com%2Fnoticias-de-hidalgo%2F2023%2F05%2F11%2Fconmemora-hospital-basico-de-huehuetla-15-anos-de-atencion-medica%2F\" target=\"_top\" rel=\"nofollow\"><span class=\"icon\"><\/span><span class=\"text\">Share<\/span><\/a><a class=\"mashicon-twitter mash-large mash-center mashsb-noshadow\" href=\"https:\/\/twitter.com\/intent\/tweet?text=&amp;url=https:\/\/www.zunoticia.com\/noticias-de-hidalgo\/2023\/05\/11\/conmemora-hospital-basico-de-huehuetla-15-anos-de-atencion-medica\/\" target=\"_top\" rel=\"nofollow\"><span class=\"icon\"><\/span><span class=\"text\">Tweet<\/span><\/a><div class=\"onoffswitch2 mash-large mashsb-noshadow\" style=\"display:none\"><\/div><\/div>\n            <\/div>\n                <div style=\"clear:both\"><\/div><div class=\"mashsb-toggle-container\"><\/div><\/aside>\n            <!-- Share buttons by mashshare.net - Version: 4.0.47-->\n<p><em>Por <\/em><em>Redacci\u00f3n\/Zunoticia<\/em><\/p>\n\n\n\n<p><strong>Pachuca, Hgo.-<\/strong> El Hospital B\u00e1sico Comunitario de Huehuetla conmemor\u00f3 su d\u00e9cimo quinto aniversario, con una emotiva celebraci\u00f3n y rese\u00f1a, donde estuvieron presentes la titular de la Secretar\u00eda de Salud de Hidalgo (SSH), Mar\u00eda Zorayda Robles Barrera, as\u00ed como personal m\u00e9dico que brinda los servicios a la poblaci\u00f3n que habita en el coraz\u00f3n de la regi\u00f3n Otom\u00ed-Tepehua<\/p>\n\n\n\n<p>Adem\u00e1s de destacar los logros alcanzados en 15 a\u00f1os de funcionamiento, tambi\u00e9n se recordaron los retos y obst\u00e1culos cotidianos, a causa de la lejan\u00eda y carencias de insumos.<\/p>\n\n\n\n<p>En ese sentido, la secretaria asegur\u00f3 que derivado de los recorridos donde de manera personal percibe y conoce las \u00e1reas de oportunidad de las unidades de salud, se han detectado y solventado de manera gradual algunas necesidades.<\/p>\n\n\n\n<p>Afirm\u00f3 que poco a poco se ir\u00e1 cambiando el rostro de la salud en Hidalgo: \u201cSe tienen deudas hist\u00f3ricas, pero les aseguro que no los olvidaremos pues en el gobierno de Hidalgo, que encabeza Julio Menchaca Salazar, ya estamos ocupados en resolver esas carencias\u201d.<\/p>\n\n\n\n<p>De acuerdo con el director del Hospital, Jos\u00e9 Samuel Hern\u00e1ndez Cabrera, por primera ocasi\u00f3n una titular de salud ha mostrado inter\u00e9s en un espacio hospitalario tan alejado; se ha roto el r\u00e9cord en el n\u00famero de supervisiones, lo que representa un buen augurio del progreso que en esta regi\u00f3n tendr\u00e1 el sector, indic\u00f3.<\/p>\n\n\n\n<figure class=\"wp-block-image size-large\"><img fetchpriority=\"high\" decoding=\"async\" width=\"1024\" height=\"766\" src=\"https:\/\/www.zunoticia.com\/noticias-de-hidalgo\/wp-content\/uploads\/2023\/05\/eZy-Watermark-11-05-2023-11-07-29-5170p.m.-1024x766.jpg\" alt=\"\" class=\"wp-image-481207\" srcset=\"https:\/\/www.zunoticia.com\/noticias-de-hidalgo\/wp-content\/uploads\/2023\/05\/eZy-Watermark-11-05-2023-11-07-29-5170p.m.-1024x766.jpg 1024w, https:\/\/www.zunoticia.com\/noticias-de-hidalgo\/wp-content\/uploads\/2023\/05\/eZy-Watermark-11-05-2023-11-07-29-5170p.m.-300x225.jpg 300w, https:\/\/www.zunoticia.com\/noticias-de-hidalgo\/wp-content\/uploads\/2023\/05\/eZy-Watermark-11-05-2023-11-07-29-5170p.m.-768x575.jpg 768w, https:\/\/www.zunoticia.com\/noticias-de-hidalgo\/wp-content\/uploads\/2023\/05\/eZy-Watermark-11-05-2023-11-07-29-5170p.m..jpg 1280w\" sizes=\"(max-width: 1024px) 100vw, 1024px\" \/><\/figure>\n\n\n\n<p>En el marco del 15 aniversario, Zorayda Robles entreg\u00f3 reconocimientos a trabajadores que dan su tiempo, coraz\u00f3n y vida para atender a la poblaci\u00f3n de esta zona de la entidad.<\/p>\n\n\n\n<p>Tambi\u00e9n particip\u00f3 en un homenaje p\u00f3stumo al m\u00e9dico cirujano Eduardo Neri, como reconocimiento por los a\u00f1os de servicio que otorg\u00f3, y que en meses pasados falleci\u00f3 camino a su trabajo.<\/p>\n\n\n\n<p>Para finalizar se dio a conocer que, en los \u00faltimos cinco a\u00f1os, a trav\u00e9s del Hospital B\u00e1sico Comunitario de Huehuetla, se han atendido a m\u00e1s de 21 mil 931 pacientes en consulta de especialidad, 18 mil 854 en urgencias, 671 partos, 333 ces\u00e1reas, 90 cirug\u00edas generales y dado de alta del \u00e1rea de hospitalizaci\u00f3n, a cerca de 2 mil usuarios.<\/p>\n","protected":false},"excerpt":{"rendered":"<p>Por Redacci\u00f3n\/Zunoticia Pachuca, Hgo.- El Hospital B\u00e1sico Comunitario de Huehuetla conmemor\u00f3 su d\u00e9cimo quinto aniversario, con una emotiva celebraci\u00f3n y rese\u00f1a, donde estuvieron presentes la titular de la Secretar\u00eda de Salud de Hidalgo (SSH), Mar\u00eda Zorayda Robles Barrera, as\u00ed como personal m\u00e9dico que brinda los servicios a la poblaci\u00f3n que habita en el coraz\u00f3n de&hellip; <a class=\"more-link\" href=\"https:\/\/www.zunoticia.com\/noticias-de-hidalgo\/2023\/05\/11\/conmemora-hospital-basico-de-huehuetla-15-anos-de-atencion-medica\/\">Seguir leyendo <span class=\"screen-reader-text\">Conmemora Hospital B\u00e1sico de Huehuetla 15 a\u00f1os de atenci\u00f3n m\u00e9dica<\/span><\/a><\/p>\n","protected":false},"author":12,"featured_media":481206,"comment_status":"closed","ping_status":"open","sticky":false,"template":"","format":"standard","meta":{"rop_custom_images_group":[],"rop_custom_messages_group":[],"rop_publish_now":"initial","rop_publish_now_accounts":{"facebook_10159540855086992_322828327761733":""},"rop_publish_now_history":[],"rop_publish_now_status":"pending","footnotes":""},"categories":[208],"tags":[214],"class_list":["post-481220","post","type-post","status-publish","format-standard","has-post-thumbnail","hentry","category-estado","tag-estado","entry"],"_links":{"self":[{"href":"https:\/\/www.zunoticia.com\/noticias-de-hidalgo\/wp-json\/wp\/v2\/posts\/481220","targetHints":{"allow":["GET"]}}],"collection":[{"href":"https:\/\/www.zunoticia.com\/noticias-de-hidalgo\/wp-json\/wp\/v2\/posts"}],"about":[{"href":"https:\/\/www.zunoticia.com\/noticias-de-hidalgo\/wp-json\/wp\/v2\/types\/post"}],"author":[{"embeddable":true,"href":"https:\/\/www.zunoticia.com\/noticias-de-hidalgo\/wp-json\/wp\/v2\/users\/12"}],"replies":[{"embeddable":true,"href":"https:\/\/www.zunoticia.com\/noticias-de-hidalgo\/wp-json\/wp\/v2\/comments?post=481220"}],"version-history":[{"count":1,"href":"https:\/\/www.zunoticia.com\/noticias-de-hidalgo\/wp-json\/wp\/v2\/posts\/481220\/revisions"}],"predecessor-version":[{"id":481221,"href":"https:\/\/www.zunoticia.com\/noticias-de-hidalgo\/wp-json\/wp\/v2\/posts\/481220\/revisions\/481221"}],"wp:featuredmedia":[{"embeddable":true,"href":"https:\/\/www.zunoticia.com\/noticias-de-hidalgo\/wp-json\/wp\/v2\/media\/481206"}],"wp:attachment":[{"href":"https:\/\/www.zunoticia.com\/noticias-de-hidalgo\/wp-json\/wp\/v2\/media?parent=481220"}],"wp:term":[{"taxonomy":"category","embeddable":true,"href":"https:\/\/www.zunoticia.com\/noticias-de-hidalgo\/wp-json\/wp\/v2\/categories?post=481220"},{"taxonomy":"post_tag","embeddable":true,"href":"https:\/\/www.zunoticia.com\/noticias-de-hidalgo\/wp-json\/wp\/v2\/tags?post=481220"}],"curies":[{"name":"wp","href":"https:\/\/api.w.org\/{rel}","templated":true}]}}