{"id":481479,"date":"2023-05-13T17:38:24","date_gmt":"2023-05-13T23:38:24","guid":{"rendered":"https:\/\/www.zunoticia.com\/noticias-de-hidalgo\/?p=481479"},"modified":"2023-05-13T17:38:25","modified_gmt":"2023-05-13T23:38:25","slug":"chalma-donde-la-filosofia-y-la-picardia-se-conjugan-segunda-edicion-del-jacal-del-indio-altamirano","status":"publish","type":"post","link":"https:\/\/www.zunoticia.com\/noticias-de-hidalgo\/2023\/05\/13\/chalma-donde-la-filosofia-y-la-picardia-se-conjugan-segunda-edicion-del-jacal-del-indio-altamirano\/","title":{"rendered":"&#8220;Chalma, donde la filosof\u00eda y la picard\u00eda se conjugan&#8221;: Segunda edici\u00f3n del &#8220;Jacal del Indio Altamirano&#8221;"},"content":{"rendered":"<aside class=\"mashsb-container mashsb-main mashsb-stretched\"><div class=\"mashsb-box\"><div class=\"mashsb-count mash-large\" style=\"float:left\"><div class=\"counts mashsbcount\">34<\/div><span class=\"mashsb-sharetext\">SHARES<\/span><\/div><div class=\"mashsb-buttons\"><a class=\"mashicon-facebook mash-large mash-center mashsb-noshadow\" href=\"https:\/\/www.facebook.com\/sharer.php?u=https%3A%2F%2Fwww.zunoticia.com%2Fnoticias-de-hidalgo%2F2023%2F05%2F13%2Fchalma-donde-la-filosofia-y-la-picardia-se-conjugan-segunda-edicion-del-jacal-del-indio-altamirano%2F\" target=\"_top\" rel=\"nofollow\"><span class=\"icon\"><\/span><span class=\"text\">Share<\/span><\/a><a class=\"mashicon-twitter mash-large mash-center mashsb-noshadow\" href=\"https:\/\/twitter.com\/intent\/tweet?text=&amp;url=https:\/\/www.zunoticia.com\/noticias-de-hidalgo\/2023\/05\/13\/chalma-donde-la-filosofia-y-la-picardia-se-conjugan-segunda-edicion-del-jacal-del-indio-altamirano\/\" target=\"_top\" rel=\"nofollow\"><span class=\"icon\"><\/span><span class=\"text\">Tweet<\/span><\/a><div class=\"onoffswitch2 mash-large mashsb-noshadow\" style=\"display:none\"><\/div><\/div>\n            <\/div>\n                <div style=\"clear:both\"><\/div><div class=\"mashsb-toggle-container\"><\/div><\/aside>\n            <!-- Share buttons by mashshare.net - Version: 4.0.47-->\n<p><em>Por Salvador Altamirano\/Zunoticia<\/em><\/p>\n\n\n\n<p><strong>Huejutla, Hgo<\/strong>.- Posterior a un prolongado receso, el pasado viernes se llev\u00f3 a cabo por segunda ocasi\u00f3n consecutiva en el foro digital de Zunoticia Hidalgo, el programa denominado &#8220;El Jacal del Indio Altamirano&#8221;, el cual tuvo relevancia con la participaci\u00f3n del escritor Germ\u00e1n Arguelles Pascual, originario de Chalma, Veracruz.<\/p>\n\n\n\n<p>En el marco del evento, consistente en una amena charla entre el moderador y el escritor, este \u00faltimo detall\u00f3 qu\u00e9 lo motiv\u00f3 a investigar y redactar sus transcendentales obras literarias denominadas &#8220;Chalma, un municipio con historia&#8221; y &#8220;Chalma, donde la filosof\u00eda y la picard\u00eda se conjugan&#8221;.<\/p>\n\n\n\n<p>En su primer libro, pr\u00e1cticamente una monograf\u00eda, con datos fidedignos, exhaustivamente investigados en instancias oficiales, especifica que la poblaci\u00f3n de Chalma fue fundada en 1700 por un grupo de individuos de la etnia huasteca, posteriormente, en 1800, arribaron al poblado unas familias de origen italiano, espa\u00f1ol y franc\u00e9s, quienes resid\u00edan en Tantoyuca y Chiconamel, iniciando el mestizaje que ahora los caracteriza y distingue.<\/p>\n\n\n\n<p>Es importante mencionar, que con lo anterior se derrumba estrepitosamente la hip\u00f3tesis popular consistente en que Chalma fue fundado en 1866 por soldados de Napole\u00f3n III, que durante la segunda invasi\u00f3n de Francia a M\u00e9xico ten\u00edan tomada la plaza de Huejutla, y que al ser expulsados a sangre y fuego por patriotas liderados por Antonio Reyes Cabrera &#8220;El Tordo&#8221;, en su precipitada huida se asentaron en ese bello rinc\u00f3n veracruzano.<\/p>\n\n\n\n<p>En su segunda obra, que ostenta el sugestivo t\u00edtulo de &#8220;Chalma, en donde la filosof\u00eda y la picard\u00eda se conjugan&#8221;, el peculiar escritor describe a plenitud y con propiedad la idiosincrasia del chalmero, quien es -refiere textualmente-, &#8220;gente que en todo momento piensa en hacerte re\u00edr, hacerte gozar con sus innumerables an\u00e9cdotas y chistes, pero m\u00e1s con sus curiosidades espont\u00e1neas, provenientes de lo m\u00e1s profundo de su ser, de su alma y de su peculiar modo de pensar.<\/p>\n\n\n\n<p>Durante la charla \u2013 entrevista, el escritor dej\u00f3 muy claro que los habitantes de Chalma no son ingenuos como por su forma de ser los consideran, son personas alegres y felices por antonomasia, de cultura denotada, en donde con el transcurso del tiempo han nacido personajes ilustres y sobresalientes que han enaltecido a M\u00e9xico por su lealtad a la patria; cuyo tronco principal de la estirpe&nbsp; fue el matrimonio conformado por don Antonio S\u00e1nchez Meraz y do\u00f1a Ignacia Torres Zumaya, la familia de m\u00e1s antig\u00fcedad en el pueblo.<\/p>\n\n\n\n<p>.<\/p>\n","protected":false},"excerpt":{"rendered":"<p>Por Salvador Altamirano\/Zunoticia Huejutla, Hgo.- Posterior a un prolongado receso, el pasado viernes se llev\u00f3 a cabo por segunda ocasi\u00f3n consecutiva en el foro digital de Zunoticia Hidalgo, el programa denominado &#8220;El Jacal del Indio Altamirano&#8221;, el cual tuvo relevancia con la participaci\u00f3n del escritor Germ\u00e1n Arguelles Pascual, originario de Chalma, Veracruz. En el marco&hellip; <a class=\"more-link\" href=\"https:\/\/www.zunoticia.com\/noticias-de-hidalgo\/2023\/05\/13\/chalma-donde-la-filosofia-y-la-picardia-se-conjugan-segunda-edicion-del-jacal-del-indio-altamirano\/\">Seguir leyendo <span class=\"screen-reader-text\">&#8220;Chalma, donde la filosof\u00eda y la picard\u00eda se conjugan&#8221;: Segunda edici\u00f3n del &#8220;Jacal del Indio Altamirano&#8221;<\/span><\/a><\/p>\n","protected":false},"author":20,"featured_media":481480,"comment_status":"closed","ping_status":"open","sticky":false,"template":"","format":"standard","meta":{"rop_custom_images_group":[],"rop_custom_messages_group":[],"rop_publish_now":"initial","rop_publish_now_accounts":{"facebook_10159540855086992_322828327761733":""},"rop_publish_now_history":[],"rop_publish_now_status":"pending","footnotes":""},"categories":[181],"tags":[121],"class_list":["post-481479","post","type-post","status-publish","format-standard","has-post-thumbnail","hentry","category-huejutla","tag-huejutla","entry"],"_links":{"self":[{"href":"https:\/\/www.zunoticia.com\/noticias-de-hidalgo\/wp-json\/wp\/v2\/posts\/481479","targetHints":{"allow":["GET"]}}],"collection":[{"href":"https:\/\/www.zunoticia.com\/noticias-de-hidalgo\/wp-json\/wp\/v2\/posts"}],"about":[{"href":"https:\/\/www.zunoticia.com\/noticias-de-hidalgo\/wp-json\/wp\/v2\/types\/post"}],"author":[{"embeddable":true,"href":"https:\/\/www.zunoticia.com\/noticias-de-hidalgo\/wp-json\/wp\/v2\/users\/20"}],"replies":[{"embeddable":true,"href":"https:\/\/www.zunoticia.com\/noticias-de-hidalgo\/wp-json\/wp\/v2\/comments?post=481479"}],"version-history":[{"count":1,"href":"https:\/\/www.zunoticia.com\/noticias-de-hidalgo\/wp-json\/wp\/v2\/posts\/481479\/revisions"}],"predecessor-version":[{"id":481481,"href":"https:\/\/www.zunoticia.com\/noticias-de-hidalgo\/wp-json\/wp\/v2\/posts\/481479\/revisions\/481481"}],"wp:featuredmedia":[{"embeddable":true,"href":"https:\/\/www.zunoticia.com\/noticias-de-hidalgo\/wp-json\/wp\/v2\/media\/481480"}],"wp:attachment":[{"href":"https:\/\/www.zunoticia.com\/noticias-de-hidalgo\/wp-json\/wp\/v2\/media?parent=481479"}],"wp:term":[{"taxonomy":"category","embeddable":true,"href":"https:\/\/www.zunoticia.com\/noticias-de-hidalgo\/wp-json\/wp\/v2\/categories?post=481479"},{"taxonomy":"post_tag","embeddable":true,"href":"https:\/\/www.zunoticia.com\/noticias-de-hidalgo\/wp-json\/wp\/v2\/tags?post=481479"}],"curies":[{"name":"wp","href":"https:\/\/api.w.org\/{rel}","templated":true}]}}