{"id":481886,"date":"2023-05-16T12:40:22","date_gmt":"2023-05-16T18:40:22","guid":{"rendered":"https:\/\/www.zunoticia.com\/noticias-de-hidalgo\/?p=481886"},"modified":"2023-05-16T12:40:23","modified_gmt":"2023-05-16T18:40:23","slug":"sin-alumbrado-publico-varios-pasillos-del-sector-del-laminado-locatarios","status":"publish","type":"post","link":"https:\/\/www.zunoticia.com\/noticias-de-hidalgo\/2023\/05\/16\/sin-alumbrado-publico-varios-pasillos-del-sector-del-laminado-locatarios\/","title":{"rendered":"Sin alumbrado p\u00fablico varios pasillos del sector del laminado: Locatarios"},"content":{"rendered":"<aside class=\"mashsb-container mashsb-main mashsb-stretched\"><div class=\"mashsb-box\"><div class=\"mashsb-count mash-large\" style=\"float:left\"><div class=\"counts mashsbcount\">18<\/div><span class=\"mashsb-sharetext\">SHARES<\/span><\/div><div class=\"mashsb-buttons\"><a class=\"mashicon-facebook mash-large mash-center mashsb-noshadow\" href=\"https:\/\/www.facebook.com\/sharer.php?u=https%3A%2F%2Fwww.zunoticia.com%2Fnoticias-de-hidalgo%2F2023%2F05%2F16%2Fsin-alumbrado-publico-varios-pasillos-del-sector-del-laminado-locatarios%2F\" target=\"_top\" rel=\"nofollow\"><span class=\"icon\"><\/span><span class=\"text\">Share<\/span><\/a><a class=\"mashicon-twitter mash-large mash-center mashsb-noshadow\" href=\"https:\/\/twitter.com\/intent\/tweet?text=&amp;url=https:\/\/www.zunoticia.com\/noticias-de-hidalgo\/2023\/05\/16\/sin-alumbrado-publico-varios-pasillos-del-sector-del-laminado-locatarios\/\" target=\"_top\" rel=\"nofollow\"><span class=\"icon\"><\/span><span class=\"text\">Tweet<\/span><\/a><div class=\"onoffswitch2 mash-large mashsb-noshadow\" style=\"display:none\"><\/div><\/div>\n            <\/div>\n                <div style=\"clear:both\"><\/div><div class=\"mashsb-toggle-container\"><\/div><\/aside>\n            <!-- Share buttons by mashshare.net - Version: 4.0.47-->\n<p><em>Por Salvador Altamirano\/Zunoticia<\/em><\/p>\n\n\n\n<p><strong>Huejutla, Hgo<\/strong>.- Comerciantes establecidos en la zona del laminado, sector del mercado municipal, manifestaron que desde fechas recientes no hay servicio de luz p\u00fablica por las noches en varios pasillos, lo cual -enfatizaron-, es motivo de preocupaci\u00f3n.<\/p>\n\n\n\n<p>Refirieron que su temor no es infundado, ya que han hecho del conocimiento de las autoridades y del dominio ciudadano, que ha habido constantes robos en todo el complejo comercial y la falta de alumbrado es obvio que otorga oportunidad e Impunidad a los delincuentes para que hagan de las suyas.<\/p>\n\n\n\n<p>Agregaron que, de manera simult\u00e1nea, por la falta de servicio el\u00e9ctrico nocturno, permanente o temporal en varios sectores del mercado municipal, algunas personas imp\u00fadicas aprovechan para realizar sus necesidades fisiol\u00f3gicas en los pasillos, aunado a los actos inmorales de parejitas de enamorados.<\/p>\n\n\n\n<p>Por tal motivo, exhortan a la administradora del mercado municipal, Lidia Vite Cruz, que reporte la problem\u00e1tica a la brevedad posible a la instancia correspondiente, ya sea Comisi\u00f3n Federal de Electricidad (CFE) o al municipio, para que personal adscrito acuda a reparar la falla que los tiene sin servicio el\u00e9ctrico durante las noches.<\/p>\n\n\n\n<p>Para finalizar, los locatarios del \u00e1rea conocida como del laminado, solicitan al gobierno municipal que incremente el n\u00famero de vigilantes, o sea, de veladores, ya que el mercado en pleno es extenso, y los que hay son insuficientes para una vigilancia efectiva, muestra de ello -acentuaron-, son los constantes robos.<\/p>\n\n\n\n<p><\/p>\n","protected":false},"excerpt":{"rendered":"<p>Por Salvador Altamirano\/Zunoticia Huejutla, Hgo.- Comerciantes establecidos en la zona del laminado, sector del mercado municipal, manifestaron que desde fechas recientes no hay servicio de luz p\u00fablica por las noches en varios pasillos, lo cual -enfatizaron-, es motivo de preocupaci\u00f3n. Refirieron que su temor no es infundado, ya que han hecho del conocimiento de las&hellip; <a class=\"more-link\" href=\"https:\/\/www.zunoticia.com\/noticias-de-hidalgo\/2023\/05\/16\/sin-alumbrado-publico-varios-pasillos-del-sector-del-laminado-locatarios\/\">Seguir leyendo <span class=\"screen-reader-text\">Sin alumbrado p\u00fablico varios pasillos del sector del laminado: Locatarios<\/span><\/a><\/p>\n","protected":false},"author":20,"featured_media":481887,"comment_status":"closed","ping_status":"open","sticky":false,"template":"","format":"standard","meta":{"rop_custom_images_group":[],"rop_custom_messages_group":[],"rop_publish_now":"initial","rop_publish_now_accounts":{"facebook_10159540855086992_322828327761733":""},"rop_publish_now_history":[],"rop_publish_now_status":"pending","footnotes":""},"categories":[181],"tags":[121],"class_list":["post-481886","post","type-post","status-publish","format-standard","has-post-thumbnail","hentry","category-huejutla","tag-huejutla","entry"],"_links":{"self":[{"href":"https:\/\/www.zunoticia.com\/noticias-de-hidalgo\/wp-json\/wp\/v2\/posts\/481886","targetHints":{"allow":["GET"]}}],"collection":[{"href":"https:\/\/www.zunoticia.com\/noticias-de-hidalgo\/wp-json\/wp\/v2\/posts"}],"about":[{"href":"https:\/\/www.zunoticia.com\/noticias-de-hidalgo\/wp-json\/wp\/v2\/types\/post"}],"author":[{"embeddable":true,"href":"https:\/\/www.zunoticia.com\/noticias-de-hidalgo\/wp-json\/wp\/v2\/users\/20"}],"replies":[{"embeddable":true,"href":"https:\/\/www.zunoticia.com\/noticias-de-hidalgo\/wp-json\/wp\/v2\/comments?post=481886"}],"version-history":[{"count":1,"href":"https:\/\/www.zunoticia.com\/noticias-de-hidalgo\/wp-json\/wp\/v2\/posts\/481886\/revisions"}],"predecessor-version":[{"id":481888,"href":"https:\/\/www.zunoticia.com\/noticias-de-hidalgo\/wp-json\/wp\/v2\/posts\/481886\/revisions\/481888"}],"wp:featuredmedia":[{"embeddable":true,"href":"https:\/\/www.zunoticia.com\/noticias-de-hidalgo\/wp-json\/wp\/v2\/media\/481887"}],"wp:attachment":[{"href":"https:\/\/www.zunoticia.com\/noticias-de-hidalgo\/wp-json\/wp\/v2\/media?parent=481886"}],"wp:term":[{"taxonomy":"category","embeddable":true,"href":"https:\/\/www.zunoticia.com\/noticias-de-hidalgo\/wp-json\/wp\/v2\/categories?post=481886"},{"taxonomy":"post_tag","embeddable":true,"href":"https:\/\/www.zunoticia.com\/noticias-de-hidalgo\/wp-json\/wp\/v2\/tags?post=481886"}],"curies":[{"name":"wp","href":"https:\/\/api.w.org\/{rel}","templated":true}]}}