{"id":481889,"date":"2023-05-16T12:58:34","date_gmt":"2023-05-16T18:58:34","guid":{"rendered":"https:\/\/www.zunoticia.com\/noticias-de-hidalgo\/?p=481889"},"modified":"2023-05-16T12:58:35","modified_gmt":"2023-05-16T18:58:35","slug":"celebra-biblioteca-central-ricardo-garibay-decimosexto-aniversario","status":"publish","type":"post","link":"https:\/\/www.zunoticia.com\/noticias-de-hidalgo\/2023\/05\/16\/celebra-biblioteca-central-ricardo-garibay-decimosexto-aniversario\/","title":{"rendered":"Celebra Biblioteca Central Ricardo Garibay decimosexto aniversario"},"content":{"rendered":"<aside class=\"mashsb-container mashsb-main mashsb-stretched\"><div class=\"mashsb-box\"><div class=\"mashsb-count mash-large\" style=\"float:left\"><div class=\"counts mashsbcount\">16<\/div><span class=\"mashsb-sharetext\">SHARES<\/span><\/div><div class=\"mashsb-buttons\"><a class=\"mashicon-facebook mash-large mash-center mashsb-noshadow\" href=\"https:\/\/www.facebook.com\/sharer.php?u=https%3A%2F%2Fwww.zunoticia.com%2Fnoticias-de-hidalgo%2F2023%2F05%2F16%2Fcelebra-biblioteca-central-ricardo-garibay-decimosexto-aniversario%2F\" target=\"_top\" rel=\"nofollow\"><span class=\"icon\"><\/span><span class=\"text\">Share<\/span><\/a><a class=\"mashicon-twitter mash-large mash-center mashsb-noshadow\" href=\"https:\/\/twitter.com\/intent\/tweet?text=&amp;url=https:\/\/www.zunoticia.com\/noticias-de-hidalgo\/2023\/05\/16\/celebra-biblioteca-central-ricardo-garibay-decimosexto-aniversario\/\" target=\"_top\" rel=\"nofollow\"><span class=\"icon\"><\/span><span class=\"text\">Tweet<\/span><\/a><div class=\"onoffswitch2 mash-large mashsb-noshadow\" style=\"display:none\"><\/div><\/div>\n            <\/div>\n                <div style=\"clear:both\"><\/div><div class=\"mashsb-toggle-container\"><\/div><\/aside>\n            <!-- Share buttons by mashshare.net - Version: 4.0.47-->\n<ul class=\"wp-block-list\">\n<li>El edificio ubicado en el Parque Cultural David Ben Guri\u00f3n fue inaugurado el 18 de mayo de 2007.<\/li>\n<\/ul>\n\n\n\n<p><em>Por Redacci\u00f3n\/Zunoticia<\/em><\/p>\n\n\n\n<p><strong>Pachuca de Soto, Hgo. &#8211;<\/strong> La Secretar\u00eda de Cultura, a trav\u00e9s de la Direcci\u00f3n General de Diversidad Cultural, celebrar\u00e1 el pr\u00f3ximo 18 de mayo el decimosexto aniversario de la Biblioteca Central del Estado de Hidalgo Ricardo Garibay con un programa de actividades dedicadas a las y los usuarios.<\/p>\n\n\n\n<p>La conmemoraci\u00f3n iniciar\u00e1 a las 12:00 horas con una lectura de poes\u00eda a cargo de Roc\u00edo Ortiz, Leslie Marcial, Patricia Jim\u00e9nez, Ana Zh\u00e1rife Bravo y Erick Hern\u00e1ndez, personas mediadoras de lectura de Epazoyucan, Mineral de la Reforma, Pachuca y Tepeapulco, respectivamente.<\/p>\n\n\n\n<p>Adem\u00e1s, estar\u00e1 musicalizado por el ensamble \u00c9bano, de la Escuela de M\u00fasica del Estado de Hidalgo (EMEH); en tanto, a las 16:00 horas, la proyecci\u00f3n de la pel\u00edcula <em>El hombre de papel<\/em>, en la sala multimedia, que busca enriquecer los contenidos culturales con ciclos de cine debate.<\/p>\n\n\n\n<p>El lugar cuenta con ocho salas m\u00e1s que la convierten en un espacio incluyente, ya que adem\u00e1s de la de Consulta General, Infantil, Capacitaci\u00f3n, Fondo Hidalgo, Publicaciones Peri\u00f3dicas e Internet, cuenta con la Sala de Silentes que favorece el desarrollo ling\u00fc\u00edstico, cognitivo, emocional y social de la comunidad sorda, y la Sala Braille con los servicios de ense\u00f1anza de lecto escritura, as\u00ed como un programa de sensibilizaci\u00f3n art\u00edstica.<\/p>\n\n\n\n<p>Brinda visitas guiadas para que la ciudadan\u00eda conozca todos los servicios que ofrecen las nueve salas o acuda a las presentaciones editoriales, conferencias, eventos de narraci\u00f3n oral con cuentacuentos, mesas de di\u00e1logo, exposiciones y talleres.<\/p>\n\n\n\n<p>Actualmente, el edificio alberga la Red Estatal de Bibliotecas P\u00fablicas, que se encarga de integrar los esfuerzos de las 289 que existen en los 84 municipios de Hidalgo, con el objetivo de garantizar a la poblaci\u00f3n el derecho humano a la lectura, escritura y oralidad.<\/p>\n\n\n\n<p>Los antecedentes de dicho recinto datan del a\u00f1o 1933, cuando fue creada la Biblioteca P\u00fablica del Estado en el Teatro Hidalgo Bartolom\u00e9 de Medina; despu\u00e9s de 18 a\u00f1os, se acondicion\u00f3 el Ex Convento de San Francisco para albergar el fondo editorial que reun\u00eda un acervo aproximado de 5 mil ejemplares.<\/p>\n\n\n\n<p>El 7 de junio de 1984, la colecci\u00f3n fue trasladada a R\u00edo de las Avenidas, en la colonia Periodistas, donde permaneci\u00f3 durante 22 a\u00f1os como parte de la Red Estatal de Bibliotecas P\u00fablicas.<\/p>\n\n\n\n<p>As\u00ed, el 18 de mayo de 2007 fue inaugurado el nuevo edificio de la Biblioteca Central del Estado de Hidalgo Ricardo Garibay en el Parque Cultural David Ben Guri\u00f3n, recinto dise\u00f1ado para atender simult\u00e1neamente hasta a 700 usuarias y usuarios.<\/p>\n\n\n\n<figure class=\"wp-block-image size-full\"><img fetchpriority=\"high\" decoding=\"async\" width=\"940\" height=\"788\" src=\"https:\/\/www.zunoticia.com\/noticias-de-hidalgo\/wp-content\/uploads\/2023\/05\/2-115.png\" alt=\"\" class=\"wp-image-481891\" srcset=\"https:\/\/www.zunoticia.com\/noticias-de-hidalgo\/wp-content\/uploads\/2023\/05\/2-115.png 940w, https:\/\/www.zunoticia.com\/noticias-de-hidalgo\/wp-content\/uploads\/2023\/05\/2-115-300x251.png 300w, https:\/\/www.zunoticia.com\/noticias-de-hidalgo\/wp-content\/uploads\/2023\/05\/2-115-768x644.png 768w\" sizes=\"(max-width: 940px) 100vw, 940px\" \/><\/figure>\n","protected":false},"excerpt":{"rendered":"<p>Por Redacci\u00f3n\/Zunoticia Pachuca de Soto, Hgo. &#8211; La Secretar\u00eda de Cultura, a trav\u00e9s de la Direcci\u00f3n General de Diversidad Cultural, celebrar\u00e1 el pr\u00f3ximo 18 de mayo el decimosexto aniversario de la Biblioteca Central del Estado de Hidalgo Ricardo Garibay con un programa de actividades dedicadas a las y los usuarios. La conmemoraci\u00f3n iniciar\u00e1 a las&hellip; <a class=\"more-link\" href=\"https:\/\/www.zunoticia.com\/noticias-de-hidalgo\/2023\/05\/16\/celebra-biblioteca-central-ricardo-garibay-decimosexto-aniversario\/\">Seguir leyendo <span class=\"screen-reader-text\">Celebra Biblioteca Central Ricardo Garibay decimosexto aniversario<\/span><\/a><\/p>\n","protected":false},"author":20,"featured_media":481890,"comment_status":"closed","ping_status":"open","sticky":false,"template":"","format":"standard","meta":{"rop_custom_images_group":[],"rop_custom_messages_group":[],"rop_publish_now":"initial","rop_publish_now_accounts":{"facebook_10159540855086992_322828327761733":""},"rop_publish_now_history":[],"rop_publish_now_status":"pending","footnotes":""},"categories":[208],"tags":[214],"class_list":["post-481889","post","type-post","status-publish","format-standard","has-post-thumbnail","hentry","category-estado","tag-estado","entry"],"_links":{"self":[{"href":"https:\/\/www.zunoticia.com\/noticias-de-hidalgo\/wp-json\/wp\/v2\/posts\/481889","targetHints":{"allow":["GET"]}}],"collection":[{"href":"https:\/\/www.zunoticia.com\/noticias-de-hidalgo\/wp-json\/wp\/v2\/posts"}],"about":[{"href":"https:\/\/www.zunoticia.com\/noticias-de-hidalgo\/wp-json\/wp\/v2\/types\/post"}],"author":[{"embeddable":true,"href":"https:\/\/www.zunoticia.com\/noticias-de-hidalgo\/wp-json\/wp\/v2\/users\/20"}],"replies":[{"embeddable":true,"href":"https:\/\/www.zunoticia.com\/noticias-de-hidalgo\/wp-json\/wp\/v2\/comments?post=481889"}],"version-history":[{"count":1,"href":"https:\/\/www.zunoticia.com\/noticias-de-hidalgo\/wp-json\/wp\/v2\/posts\/481889\/revisions"}],"predecessor-version":[{"id":481892,"href":"https:\/\/www.zunoticia.com\/noticias-de-hidalgo\/wp-json\/wp\/v2\/posts\/481889\/revisions\/481892"}],"wp:featuredmedia":[{"embeddable":true,"href":"https:\/\/www.zunoticia.com\/noticias-de-hidalgo\/wp-json\/wp\/v2\/media\/481890"}],"wp:attachment":[{"href":"https:\/\/www.zunoticia.com\/noticias-de-hidalgo\/wp-json\/wp\/v2\/media?parent=481889"}],"wp:term":[{"taxonomy":"category","embeddable":true,"href":"https:\/\/www.zunoticia.com\/noticias-de-hidalgo\/wp-json\/wp\/v2\/categories?post=481889"},{"taxonomy":"post_tag","embeddable":true,"href":"https:\/\/www.zunoticia.com\/noticias-de-hidalgo\/wp-json\/wp\/v2\/tags?post=481889"}],"curies":[{"name":"wp","href":"https:\/\/api.w.org\/{rel}","templated":true}]}}