{"id":481972,"date":"2023-05-16T21:48:39","date_gmt":"2023-05-17T03:48:39","guid":{"rendered":"https:\/\/www.zunoticia.com\/noticias-de-hidalgo\/?p=481972"},"modified":"2023-05-16T21:48:40","modified_gmt":"2023-05-17T03:48:40","slug":"impartiran-capacitacion-en-el-crir","status":"publish","type":"post","link":"https:\/\/www.zunoticia.com\/noticias-de-hidalgo\/2023\/05\/16\/impartiran-capacitacion-en-el-crir\/","title":{"rendered":"Impartir\u00e1n capacitaci\u00f3n en el CRIR"},"content":{"rendered":"<aside class=\"mashsb-container mashsb-main mashsb-stretched\"><div class=\"mashsb-box\"><div class=\"mashsb-count mash-large\" style=\"float:left\"><div class=\"counts mashsbcount\">16<\/div><span class=\"mashsb-sharetext\">SHARES<\/span><\/div><div class=\"mashsb-buttons\"><a class=\"mashicon-facebook mash-large mash-center mashsb-noshadow\" href=\"https:\/\/www.facebook.com\/sharer.php?u=https%3A%2F%2Fwww.zunoticia.com%2Fnoticias-de-hidalgo%2F2023%2F05%2F16%2Fimpartiran-capacitacion-en-el-crir%2F\" target=\"_top\" rel=\"nofollow\"><span class=\"icon\"><\/span><span class=\"text\">Share<\/span><\/a><a class=\"mashicon-twitter mash-large mash-center mashsb-noshadow\" href=\"https:\/\/twitter.com\/intent\/tweet?text=&amp;url=https:\/\/www.zunoticia.com\/noticias-de-hidalgo\/2023\/05\/16\/impartiran-capacitacion-en-el-crir\/\" target=\"_top\" rel=\"nofollow\"><span class=\"icon\"><\/span><span class=\"text\">Tweet<\/span><\/a><div class=\"onoffswitch2 mash-large mashsb-noshadow\" style=\"display:none\"><\/div><\/div>\n            <\/div>\n                <div style=\"clear:both\"><\/div><div class=\"mashsb-toggle-container\"><\/div><\/aside>\n            <!-- Share buttons by mashshare.net - Version: 4.0.47-->\n<p><em>Por Karen Rivera\/Zunoticia<\/em><\/p>\n\n\n\n<p><strong>Huejutla de Reyes, Hgo.-<\/strong> Este 18 de mayo en las instalaciones del Centro de Rehabilitaci\u00f3n se estar\u00e1 llevando a cabo una capacitaci\u00f3n a personas con par\u00e1lisis o lesiones medulares, con la finalidad de que lleven buen un manejo de la silla de ruedas.<\/p>\n\n\n\n<p>La Doctora Anah\u00eds Sagah\u00f3n Rodr\u00edguez, titular del CRIR, inform\u00f3 que, en la fecha en menci\u00f3n con el tema \u201cManejo de silla de ruedas\u201d, la ponente Cristina Vicente Cruz estar\u00e1 impartiendo esta capacitaci\u00f3n a pacientes con lesiones medulares.<\/p>\n\n\n\n<p>En punto de las 10:00 de la ma\u00f1ana, en las citadas instalaciones y con una cuota de recuperaci\u00f3n de $50.00 pesos por persona, se impartir\u00e1 dicha tem\u00e1tica, donde esperan contar con la asistencia de personas en esta situaci\u00f3n, a fin de hacer m\u00e1s sencillo el manejo de la silla de ruedas.<\/p>\n\n\n\n<p>Indic\u00f3 que la capacitaci\u00f3n ser\u00e1 a trav\u00e9s de la fundaci\u00f3n Vida Independientes, la finalidad es que los pacientes aprendan a tener una vida independiente con la silla de ruedas.<\/p>\n\n\n\n<p>Finalmente hizo una atenta invitaci\u00f3n para que quienes cuenten con este problema, asistan a este taller.<\/p>\n","protected":false},"excerpt":{"rendered":"<p>Por Karen Rivera\/Zunoticia Huejutla de Reyes, Hgo.- Este 18 de mayo en las instalaciones del Centro de Rehabilitaci\u00f3n se estar\u00e1 llevando a cabo una capacitaci\u00f3n a personas con par\u00e1lisis o lesiones medulares, con la finalidad de que lleven buen un manejo de la silla de ruedas. La Doctora Anah\u00eds Sagah\u00f3n Rodr\u00edguez, titular del CRIR, inform\u00f3&hellip; <a class=\"more-link\" href=\"https:\/\/www.zunoticia.com\/noticias-de-hidalgo\/2023\/05\/16\/impartiran-capacitacion-en-el-crir\/\">Seguir leyendo <span class=\"screen-reader-text\">Impartir\u00e1n capacitaci\u00f3n en el CRIR<\/span><\/a><\/p>\n","protected":false},"author":12,"featured_media":481959,"comment_status":"closed","ping_status":"open","sticky":false,"template":"","format":"standard","meta":{"rop_custom_images_group":[],"rop_custom_messages_group":[],"rop_publish_now":"initial","rop_publish_now_accounts":{"facebook_10159540855086992_322828327761733":""},"rop_publish_now_history":[],"rop_publish_now_status":"pending","footnotes":""},"categories":[181],"tags":[121],"class_list":["post-481972","post","type-post","status-publish","format-standard","has-post-thumbnail","hentry","category-huejutla","tag-huejutla","entry"],"_links":{"self":[{"href":"https:\/\/www.zunoticia.com\/noticias-de-hidalgo\/wp-json\/wp\/v2\/posts\/481972","targetHints":{"allow":["GET"]}}],"collection":[{"href":"https:\/\/www.zunoticia.com\/noticias-de-hidalgo\/wp-json\/wp\/v2\/posts"}],"about":[{"href":"https:\/\/www.zunoticia.com\/noticias-de-hidalgo\/wp-json\/wp\/v2\/types\/post"}],"author":[{"embeddable":true,"href":"https:\/\/www.zunoticia.com\/noticias-de-hidalgo\/wp-json\/wp\/v2\/users\/12"}],"replies":[{"embeddable":true,"href":"https:\/\/www.zunoticia.com\/noticias-de-hidalgo\/wp-json\/wp\/v2\/comments?post=481972"}],"version-history":[{"count":1,"href":"https:\/\/www.zunoticia.com\/noticias-de-hidalgo\/wp-json\/wp\/v2\/posts\/481972\/revisions"}],"predecessor-version":[{"id":481973,"href":"https:\/\/www.zunoticia.com\/noticias-de-hidalgo\/wp-json\/wp\/v2\/posts\/481972\/revisions\/481973"}],"wp:featuredmedia":[{"embeddable":true,"href":"https:\/\/www.zunoticia.com\/noticias-de-hidalgo\/wp-json\/wp\/v2\/media\/481959"}],"wp:attachment":[{"href":"https:\/\/www.zunoticia.com\/noticias-de-hidalgo\/wp-json\/wp\/v2\/media?parent=481972"}],"wp:term":[{"taxonomy":"category","embeddable":true,"href":"https:\/\/www.zunoticia.com\/noticias-de-hidalgo\/wp-json\/wp\/v2\/categories?post=481972"},{"taxonomy":"post_tag","embeddable":true,"href":"https:\/\/www.zunoticia.com\/noticias-de-hidalgo\/wp-json\/wp\/v2\/tags?post=481972"}],"curies":[{"name":"wp","href":"https:\/\/api.w.org\/{rel}","templated":true}]}}