{"id":481979,"date":"2023-05-16T22:31:45","date_gmt":"2023-05-17T04:31:45","guid":{"rendered":"https:\/\/www.zunoticia.com\/noticias-de-hidalgo\/?p=481979"},"modified":"2023-05-16T22:31:48","modified_gmt":"2023-05-17T04:31:48","slug":"llamo-edda-vite-a-generar-beneficios-para-grupos-prioritarios-de-zona-metropolitana-de-pachuca","status":"publish","type":"post","link":"https:\/\/www.zunoticia.com\/noticias-de-hidalgo\/2023\/05\/16\/llamo-edda-vite-a-generar-beneficios-para-grupos-prioritarios-de-zona-metropolitana-de-pachuca\/","title":{"rendered":"Llam\u00f3 Edda Vite a generar beneficios para grupos prioritarios de zona metropolitana de Pachuca"},"content":{"rendered":"<aside class=\"mashsb-container mashsb-main mashsb-stretched\"><div class=\"mashsb-box\"><div class=\"mashsb-count mash-large\" style=\"float:left\"><div class=\"counts mashsbcount\">32<\/div><span class=\"mashsb-sharetext\">SHARES<\/span><\/div><div class=\"mashsb-buttons\"><a class=\"mashicon-facebook mash-large mash-center mashsb-noshadow\" href=\"https:\/\/www.facebook.com\/sharer.php?u=https%3A%2F%2Fwww.zunoticia.com%2Fnoticias-de-hidalgo%2F2023%2F05%2F16%2Fllamo-edda-vite-a-generar-beneficios-para-grupos-prioritarios-de-zona-metropolitana-de-pachuca%2F\" target=\"_top\" rel=\"nofollow\"><span class=\"icon\"><\/span><span class=\"text\">Share<\/span><\/a><a class=\"mashicon-twitter mash-large mash-center mashsb-noshadow\" href=\"https:\/\/twitter.com\/intent\/tweet?text=&amp;url=https:\/\/www.zunoticia.com\/noticias-de-hidalgo\/2023\/05\/16\/llamo-edda-vite-a-generar-beneficios-para-grupos-prioritarios-de-zona-metropolitana-de-pachuca\/\" target=\"_top\" rel=\"nofollow\"><span class=\"icon\"><\/span><span class=\"text\">Tweet<\/span><\/a><div class=\"onoffswitch2 mash-large mashsb-noshadow\" style=\"display:none\"><\/div><\/div>\n            <\/div>\n                <div style=\"clear:both\"><\/div><div class=\"mashsb-toggle-container\"><\/div><\/aside>\n            <!-- Share buttons by mashshare.net - Version: 4.0.47-->\n<ul class=\"wp-block-list\">\n<li>Para ello es importante reconocer las fortalezas de la regi\u00f3n.<\/li>\n\n\n\n<li>La presidente del patronato del DIFH se reuni\u00f3 con autoridades de los SMDIF Epazoyucan, Huasca, Mineral de la Reforma, Mineral del Monte y Omitl\u00e1n.<\/li>\n<\/ul>\n\n\n\n<p><em>Por Redacci\u00f3n\/Zunoticia<\/em><\/p>\n\n\n\n<p><strong>Pachuca, Hgo. &#8211;<\/strong> Edda Vite Ramos, presidente del Patronato del DIF Hidalgo, coordin\u00f3 la sexta Reuni\u00f3n Regional para el Fortalecimiento de los Sistemas Municipales DIF, celebrada en la Casa de las y los Adolescentes.<\/p>\n\n\n\n<p>En su intervenci\u00f3n inicial, la presidente del Patronato del DIF estatal subray\u00f3 la gran importancia de conocer la radiograf\u00eda de los municipios m\u00e1s cercanos; se\u00f1al\u00f3 que el resultado de la coordinaci\u00f3n y cooperaci\u00f3n entre sistemas ser\u00e1 crucial para aprovechar las caracter\u00edsticas geogr\u00e1ficas de la regi\u00f3n en beneficio de los grupos prioritarios.<\/p>\n\n\n\n<p>En los trabajos participaron Shadia Mart\u00ednez, Lizbeth Moreno, M\u00f3nica Oropeza y Mayte Hern\u00e1ndez, presidentes de los SMDIF Mineral de la Reforma, Epazoyucan, Huasca de Ocampo y Mineral del Chico, respectivamente.<\/p>\n\n\n\n<figure class=\"wp-block-image size-large\"><img fetchpriority=\"high\" decoding=\"async\" width=\"1024\" height=\"682\" src=\"https:\/\/www.zunoticia.com\/noticias-de-hidalgo\/wp-content\/uploads\/2023\/05\/eZy-Watermark-16-05-2023-10-20-11-3960p.m.-1024x682.jpg\" alt=\"\" class=\"wp-image-481982\" srcset=\"https:\/\/www.zunoticia.com\/noticias-de-hidalgo\/wp-content\/uploads\/2023\/05\/eZy-Watermark-16-05-2023-10-20-11-3960p.m.-1024x682.jpg 1024w, https:\/\/www.zunoticia.com\/noticias-de-hidalgo\/wp-content\/uploads\/2023\/05\/eZy-Watermark-16-05-2023-10-20-11-3960p.m.-300x200.jpg 300w, https:\/\/www.zunoticia.com\/noticias-de-hidalgo\/wp-content\/uploads\/2023\/05\/eZy-Watermark-16-05-2023-10-20-11-3960p.m.-768x512.jpg 768w, https:\/\/www.zunoticia.com\/noticias-de-hidalgo\/wp-content\/uploads\/2023\/05\/eZy-Watermark-16-05-2023-10-20-11-3960p.m..jpg 1280w\" sizes=\"(max-width: 1024px) 100vw, 1024px\" \/><\/figure>\n\n\n\n<p>De igual forma se cont\u00f3 con la participaci\u00f3n de Itzel Dom\u00ednguez y Maribel Montalvo directoras de los Sistemas Mineral del Monte y Omitl\u00e1n correspondientes a la Regi\u00f3n 5.<\/p>\n\n\n\n<p>\u201cEl inter\u00e9s es escucharlas, cu\u00e1les son sus proyectos, cu\u00e1les son sus planes y cu\u00e1les son sus alcances. Ustedes son los municipios m\u00e1s cercanos y para nosotros son familia. Necesitamos aprovechar esa infraestructura que ustedes tienen y acercarnos a la poblaci\u00f3n m\u00e1s vulnerable. Hagamos que el DIF tenga presencia, porque es necesaria en todos y cada uno de los municipios\u201d, indic\u00f3 Edda Vite.<\/p>\n\n\n\n<p>Por su parte, Javier Rodr\u00edguez, titular del Sistema DIFH, reconoci\u00f3 la necesidad de generar acciones participativas en las que los municipios maximicen la utilidad de los recursos en pro de generar mejores resultados.<\/p>\n\n\n\n<p>\u201cEs una zona cercana a la capital, estar cerca nos demanda una mayor coordinaci\u00f3n para que los beneficios puedan llegar a m\u00e1s personas, sobre todo, en el tema que atendemos nosotros, que es el sector m\u00e1s vulnerable\u201d, dijo.<\/p>\n\n\n\n<p>Durante la mesa de trabajo, Edda Vite Ramos exhort\u00f3 a las presidentas participantes a ampliar la red de educaci\u00f3n otorgada por los Centros de Atenci\u00f3n Infantil Comunitaria (CAIC), ya que a pesar de que 368 ni\u00f1as y ni\u00f1os de la Regi\u00f3n 5 se encuentran desarroll\u00e1ndose en esta modalidad, Mineral del Monte, Huasca de Ocampo y Omitl\u00e1n de Ju\u00e1rez, no cuentan con este servicio.<\/p>\n\n\n\n<p>Asimismo, se destac\u00f3 la aportaci\u00f3n al bienestar de las infancias por parte del Hospital del Ni\u00f1o DIFH, a trav\u00e9s de seis mil 844 atenciones gratuitas de las cuales 149 son a pacientes con diagn\u00f3stico de c\u00e1ncer.<\/p>\n\n\n\n<p>En ese sentido se indic\u00f3 la absorci\u00f3n de gastos para las familias de escasos recursos por un mill\u00f3n 205 mil 408 pesos, por medio de la clasificaci\u00f3n roja, aprobada por la administraci\u00f3n de Edda Vite Ramos. De igual forma se detall\u00f3 la aplicaci\u00f3n de 569 mil 206 pesos por parte del convenio municipal del hospital con las SMDIF de la Regi\u00f3n 5.<\/p>\n\n\n\n<p>En el rubro del \u00e1rea estatal de Alimentaci\u00f3n y Desarrollo Comunitario, se destac\u00f3 la atenci\u00f3n a 189 escuelas ubicadas en localidades de alto o muy alto grado de marginaci\u00f3n; de \u00e9stas, 155 cuentan con el programa de desayuno fr\u00edo y 16 de desayuno caliente para ni\u00f1as y ni\u00f1os de centros de educaci\u00f3n b\u00e1sica.<\/p>\n\n\n\n<p>Finalmente, se abrieron micr\u00f3fonos para que las presidentes y directoras de los SMDIF asistentes compartieran sus inquietudes, as\u00ed como sus dudas respecto a los modelos presentados durante la mesa de trabajo. &nbsp;&nbsp;<\/p>\n","protected":false},"excerpt":{"rendered":"<p>Por Redacci\u00f3n\/Zunoticia Pachuca, Hgo. &#8211; Edda Vite Ramos, presidente del Patronato del DIF Hidalgo, coordin\u00f3 la sexta Reuni\u00f3n Regional para el Fortalecimiento de los Sistemas Municipales DIF, celebrada en la Casa de las y los Adolescentes. En su intervenci\u00f3n inicial, la presidente del Patronato del DIF estatal subray\u00f3 la gran importancia de conocer la radiograf\u00eda&hellip; <a class=\"more-link\" href=\"https:\/\/www.zunoticia.com\/noticias-de-hidalgo\/2023\/05\/16\/llamo-edda-vite-a-generar-beneficios-para-grupos-prioritarios-de-zona-metropolitana-de-pachuca\/\">Seguir leyendo <span class=\"screen-reader-text\">Llam\u00f3 Edda Vite a generar beneficios para grupos prioritarios de zona metropolitana de Pachuca<\/span><\/a><\/p>\n","protected":false},"author":12,"featured_media":481981,"comment_status":"closed","ping_status":"open","sticky":false,"template":"","format":"standard","meta":{"rop_custom_images_group":[],"rop_custom_messages_group":[],"rop_publish_now":"initial","rop_publish_now_accounts":{"facebook_10159540855086992_322828327761733":""},"rop_publish_now_history":[],"rop_publish_now_status":"pending","footnotes":""},"categories":[208],"tags":[214],"class_list":["post-481979","post","type-post","status-publish","format-standard","has-post-thumbnail","hentry","category-estado","tag-estado","entry"],"_links":{"self":[{"href":"https:\/\/www.zunoticia.com\/noticias-de-hidalgo\/wp-json\/wp\/v2\/posts\/481979","targetHints":{"allow":["GET"]}}],"collection":[{"href":"https:\/\/www.zunoticia.com\/noticias-de-hidalgo\/wp-json\/wp\/v2\/posts"}],"about":[{"href":"https:\/\/www.zunoticia.com\/noticias-de-hidalgo\/wp-json\/wp\/v2\/types\/post"}],"author":[{"embeddable":true,"href":"https:\/\/www.zunoticia.com\/noticias-de-hidalgo\/wp-json\/wp\/v2\/users\/12"}],"replies":[{"embeddable":true,"href":"https:\/\/www.zunoticia.com\/noticias-de-hidalgo\/wp-json\/wp\/v2\/comments?post=481979"}],"version-history":[{"count":1,"href":"https:\/\/www.zunoticia.com\/noticias-de-hidalgo\/wp-json\/wp\/v2\/posts\/481979\/revisions"}],"predecessor-version":[{"id":481985,"href":"https:\/\/www.zunoticia.com\/noticias-de-hidalgo\/wp-json\/wp\/v2\/posts\/481979\/revisions\/481985"}],"wp:featuredmedia":[{"embeddable":true,"href":"https:\/\/www.zunoticia.com\/noticias-de-hidalgo\/wp-json\/wp\/v2\/media\/481981"}],"wp:attachment":[{"href":"https:\/\/www.zunoticia.com\/noticias-de-hidalgo\/wp-json\/wp\/v2\/media?parent=481979"}],"wp:term":[{"taxonomy":"category","embeddable":true,"href":"https:\/\/www.zunoticia.com\/noticias-de-hidalgo\/wp-json\/wp\/v2\/categories?post=481979"},{"taxonomy":"post_tag","embeddable":true,"href":"https:\/\/www.zunoticia.com\/noticias-de-hidalgo\/wp-json\/wp\/v2\/tags?post=481979"}],"curies":[{"name":"wp","href":"https:\/\/api.w.org\/{rel}","templated":true}]}}