{"id":481980,"date":"2023-05-16T22:35:37","date_gmt":"2023-05-17T04:35:37","guid":{"rendered":"https:\/\/www.zunoticia.com\/noticias-de-hidalgo\/?p=481980"},"modified":"2023-05-16T22:35:38","modified_gmt":"2023-05-17T04:35:38","slug":"haciendas-de-mexico-parte-fundamental-de-la-herencia-cultural-del-pais-julio-menchaca","status":"publish","type":"post","link":"https:\/\/www.zunoticia.com\/noticias-de-hidalgo\/2023\/05\/16\/haciendas-de-mexico-parte-fundamental-de-la-herencia-cultural-del-pais-julio-menchaca\/","title":{"rendered":"Haciendas de M\u00e9xico, parte fundamental de la herencia cultural del pa\u00eds: Julio Menchaca"},"content":{"rendered":"<aside class=\"mashsb-container mashsb-main mashsb-stretched\"><div class=\"mashsb-box\"><div class=\"mashsb-count mash-large\" style=\"float:left\"><div class=\"counts mashsbcount\">17<\/div><span class=\"mashsb-sharetext\">SHARES<\/span><\/div><div class=\"mashsb-buttons\"><a class=\"mashicon-facebook mash-large mash-center mashsb-noshadow\" href=\"https:\/\/www.facebook.com\/sharer.php?u=https%3A%2F%2Fwww.zunoticia.com%2Fnoticias-de-hidalgo%2F2023%2F05%2F16%2Fhaciendas-de-mexico-parte-fundamental-de-la-herencia-cultural-del-pais-julio-menchaca%2F\" target=\"_top\" rel=\"nofollow\"><span class=\"icon\"><\/span><span class=\"text\">Share<\/span><\/a><a class=\"mashicon-twitter mash-large mash-center mashsb-noshadow\" href=\"https:\/\/twitter.com\/intent\/tweet?text=&amp;url=https:\/\/www.zunoticia.com\/noticias-de-hidalgo\/2023\/05\/16\/haciendas-de-mexico-parte-fundamental-de-la-herencia-cultural-del-pais-julio-menchaca\/\" target=\"_top\" rel=\"nofollow\"><span class=\"icon\"><\/span><span class=\"text\">Tweet<\/span><\/a><div class=\"onoffswitch2 mash-large mashsb-noshadow\" style=\"display:none\"><\/div><\/div>\n            <\/div>\n                <div style=\"clear:both\"><\/div><div class=\"mashsb-toggle-container\"><\/div><\/aside>\n            <!-- Share buttons by mashshare.net - Version: 4.0.47-->\n<ul class=\"wp-block-list\">\n<li>Conservaci\u00f3n y promoci\u00f3n tur\u00edstica de estos espacios detona la econom\u00eda local.<\/li>\n<\/ul>\n\n\n\n<p><em>Por Redacci\u00f3n\/Zunoticia<\/em><\/p>\n\n\n\n<p><strong>Pachuca, Hgo. &#8211;<\/strong> En el marco del inicio de actividades de la IX Convenci\u00f3n Anual de Haciendas de M\u00e9xico, en Apan, el gobernador de Hidalgo, Julio Menchaca Salazar, se\u00f1al\u00f3 que su administraci\u00f3n respalda los proyectos de quienes invierten su dinero y as\u00ed abonan al desarrollo econ\u00f3mico, social, cultural y tur\u00edstico de la entidad.<\/p>\n\n\n\n<p>El mandatario estatal reconoci\u00f3 que parte importante de la historia de M\u00e9xico e Hidalgo se concentra en las haciendas, por lo que su rehabilitaci\u00f3n representa el profundo amor a la patria que tienen empresarias y empresarios pues: \u201cEse empe\u00f1o de ustedes hace que esa parte de la historia nos acompa\u00f1e a las nuevas generaciones y que sea una herencia para los mexicanos del presente y del futuro\u201d.<\/p>\n\n\n\n<figure class=\"wp-block-image size-large\"><img fetchpriority=\"high\" decoding=\"async\" width=\"1024\" height=\"575\" src=\"https:\/\/www.zunoticia.com\/noticias-de-hidalgo\/wp-content\/uploads\/2023\/05\/eZy-Watermark-16-05-2023-10-19-57-8940p.m.-1024x575.jpg\" alt=\"\" class=\"wp-image-481983\" srcset=\"https:\/\/www.zunoticia.com\/noticias-de-hidalgo\/wp-content\/uploads\/2023\/05\/eZy-Watermark-16-05-2023-10-19-57-8940p.m.-1024x575.jpg 1024w, https:\/\/www.zunoticia.com\/noticias-de-hidalgo\/wp-content\/uploads\/2023\/05\/eZy-Watermark-16-05-2023-10-19-57-8940p.m.-300x169.jpg 300w, https:\/\/www.zunoticia.com\/noticias-de-hidalgo\/wp-content\/uploads\/2023\/05\/eZy-Watermark-16-05-2023-10-19-57-8940p.m.-768x431.jpg 768w, https:\/\/www.zunoticia.com\/noticias-de-hidalgo\/wp-content\/uploads\/2023\/05\/eZy-Watermark-16-05-2023-10-19-57-8940p.m..jpg 1280w\" sizes=\"(max-width: 1024px) 100vw, 1024px\" \/><\/figure>\n\n\n\n<p>A\u00f1adi\u00f3 que al aprovechar estos espacios e integrarlos al sector productivo, se generan empleos que detonan la econom\u00eda, a trav\u00e9s del sector tur\u00edstico. Asimismo, invit\u00f3 a propietarias y propietarios de las 130 haciendas de los 16 estados presentes, a recorrer la regi\u00f3n para atestiguar su diversidad cultural, de manera que se fortalezca el intercambio de experiencias exitosas.<\/p>\n\n\n\n<p>\u201cLas haciendas son como un reservorio de las tradiciones y la cultura\u201d, enfatiz\u00f3 Xavier Lozano Torres, presidente de la Asociaci\u00f3n de Haciendas de M\u00e9xico, quien explic\u00f3 que esta organizaci\u00f3n se preocupa por la preservaci\u00f3n del patrimonio hist\u00f3rico, gastron\u00f3mico, agr\u00edcola y ganadero del pa\u00eds.<\/p>\n\n\n\n<p>Respecto al atractivo tur\u00edstico que las haciendas representan, Lozano Torres asever\u00f3 que, en concordancia con las exigencias de un mundo globalizado, estas propiedades evolucionan y se transforman en beneficio de miles de personas.<\/p>\n\n\n\n<p>Por su parte, la secretaria de Turismo, Elizabeth Quintanar G\u00f3mez, resalt\u00f3 que los empresarios interesados en el rescate de estos espacios aportan a la construcci\u00f3n de atractivos tur\u00edsticos en la entidad, pues la belleza de cada edificio cautiva la mirada de promotores culturales e integrantes del sector privado; como en el caso de Santiago Chimalpa, hacienda sede de esta reuni\u00f3n nacional, que hoy es un caso de \u00e9xito.<\/p>\n\n\n\n<p>Mar\u00eda Guadalupe Mu\u00f1oz Romero, alcaldesa de Apan, destac\u00f3 que la convenci\u00f3n es un evento \u00fanico en su tipo, el cual plasma la belleza arquitect\u00f3nica y la cultura de este Pueblo con Sabor, que adem\u00e1s es capital mundial del pulque. Tambi\u00e9n reconoci\u00f3 el impulso que el Gobierno de Hidalgo da a cada regi\u00f3n de la entidad, mismo que permite el desarrollo de mujeres y hombres de gran talento.<\/p>\n\n\n\n<p>Al finalizar, el titular del Ejecutivo estatal realiz\u00f3 la entrega de reconocimientos a las haciendas que integran la ruta del pulque.<\/p>\n","protected":false},"excerpt":{"rendered":"<p>Por Redacci\u00f3n\/Zunoticia Pachuca, Hgo. &#8211; En el marco del inicio de actividades de la IX Convenci\u00f3n Anual de Haciendas de M\u00e9xico, en Apan, el gobernador de Hidalgo, Julio Menchaca Salazar, se\u00f1al\u00f3 que su administraci\u00f3n respalda los proyectos de quienes invierten su dinero y as\u00ed abonan al desarrollo econ\u00f3mico, social, cultural y tur\u00edstico de la entidad.&hellip; <a class=\"more-link\" href=\"https:\/\/www.zunoticia.com\/noticias-de-hidalgo\/2023\/05\/16\/haciendas-de-mexico-parte-fundamental-de-la-herencia-cultural-del-pais-julio-menchaca\/\">Seguir leyendo <span class=\"screen-reader-text\">Haciendas de M\u00e9xico, parte fundamental de la herencia cultural del pa\u00eds: Julio Menchaca<\/span><\/a><\/p>\n","protected":false},"author":12,"featured_media":481984,"comment_status":"closed","ping_status":"open","sticky":false,"template":"","format":"standard","meta":{"rop_custom_images_group":[],"rop_custom_messages_group":[],"rop_publish_now":"initial","rop_publish_now_accounts":{"facebook_10159540855086992_322828327761733":""},"rop_publish_now_history":[],"rop_publish_now_status":"pending","footnotes":""},"categories":[208],"tags":[214],"class_list":["post-481980","post","type-post","status-publish","format-standard","has-post-thumbnail","hentry","category-estado","tag-estado","entry"],"_links":{"self":[{"href":"https:\/\/www.zunoticia.com\/noticias-de-hidalgo\/wp-json\/wp\/v2\/posts\/481980","targetHints":{"allow":["GET"]}}],"collection":[{"href":"https:\/\/www.zunoticia.com\/noticias-de-hidalgo\/wp-json\/wp\/v2\/posts"}],"about":[{"href":"https:\/\/www.zunoticia.com\/noticias-de-hidalgo\/wp-json\/wp\/v2\/types\/post"}],"author":[{"embeddable":true,"href":"https:\/\/www.zunoticia.com\/noticias-de-hidalgo\/wp-json\/wp\/v2\/users\/12"}],"replies":[{"embeddable":true,"href":"https:\/\/www.zunoticia.com\/noticias-de-hidalgo\/wp-json\/wp\/v2\/comments?post=481980"}],"version-history":[{"count":1,"href":"https:\/\/www.zunoticia.com\/noticias-de-hidalgo\/wp-json\/wp\/v2\/posts\/481980\/revisions"}],"predecessor-version":[{"id":481987,"href":"https:\/\/www.zunoticia.com\/noticias-de-hidalgo\/wp-json\/wp\/v2\/posts\/481980\/revisions\/481987"}],"wp:featuredmedia":[{"embeddable":true,"href":"https:\/\/www.zunoticia.com\/noticias-de-hidalgo\/wp-json\/wp\/v2\/media\/481984"}],"wp:attachment":[{"href":"https:\/\/www.zunoticia.com\/noticias-de-hidalgo\/wp-json\/wp\/v2\/media?parent=481980"}],"wp:term":[{"taxonomy":"category","embeddable":true,"href":"https:\/\/www.zunoticia.com\/noticias-de-hidalgo\/wp-json\/wp\/v2\/categories?post=481980"},{"taxonomy":"post_tag","embeddable":true,"href":"https:\/\/www.zunoticia.com\/noticias-de-hidalgo\/wp-json\/wp\/v2\/tags?post=481980"}],"curies":[{"name":"wp","href":"https:\/\/api.w.org\/{rel}","templated":true}]}}