{"id":482529,"date":"2023-05-20T11:16:31","date_gmt":"2023-05-20T17:16:31","guid":{"rendered":"https:\/\/www.zunoticia.com\/noticias-de-hidalgo\/?p=482529"},"modified":"2023-05-20T11:16:32","modified_gmt":"2023-05-20T17:16:32","slug":"procesion-de-forania-totata-jesus-por-el-ano-jubilar","status":"publish","type":"post","link":"https:\/\/www.zunoticia.com\/noticias-de-hidalgo\/2023\/05\/20\/procesion-de-forania-totata-jesus-por-el-ano-jubilar\/","title":{"rendered":"Procesi\u00f3n de Foran\u00eda &#8216;Totata Jes\u00fas&#8217; por el A\u00f1o Jubilar"},"content":{"rendered":"<aside class=\"mashsb-container mashsb-main mashsb-stretched\"><div class=\"mashsb-box\"><div class=\"mashsb-count mash-large\" style=\"float:left\"><div class=\"counts mashsbcount\">46<\/div><span class=\"mashsb-sharetext\">SHARES<\/span><\/div><div class=\"mashsb-buttons\"><a class=\"mashicon-facebook mash-large mash-center mashsb-noshadow\" href=\"https:\/\/www.facebook.com\/sharer.php?u=https%3A%2F%2Fwww.zunoticia.com%2Fnoticias-de-hidalgo%2F2023%2F05%2F20%2Fprocesion-de-forania-totata-jesus-por-el-ano-jubilar%2F\" target=\"_top\" rel=\"nofollow\"><span class=\"icon\"><\/span><span class=\"text\">Share<\/span><\/a><a class=\"mashicon-twitter mash-large mash-center mashsb-noshadow\" href=\"https:\/\/twitter.com\/intent\/tweet?text=&amp;url=https:\/\/www.zunoticia.com\/noticias-de-hidalgo\/2023\/05\/20\/procesion-de-forania-totata-jesus-por-el-ano-jubilar\/\" target=\"_top\" rel=\"nofollow\"><span class=\"icon\"><\/span><span class=\"text\">Tweet<\/span><\/a><div class=\"onoffswitch2 mash-large mashsb-noshadow\" style=\"display:none\"><\/div><\/div>\n            <\/div>\n                <div style=\"clear:both\"><\/div><div class=\"mashsb-toggle-container\"><\/div><\/aside>\n            <!-- Share buttons by mashshare.net - Version: 4.0.47-->\n<p><em>Por Enedino Hern\u00e1ndez\/Zunoticia<\/em><\/p>\n\n\n\n<p><strong>Huejutla, Hgo<\/strong>.- Cientos de fieles cat\u00f3licos procedentes de las diversas parroquias de la Foran\u00eda &#8216;Totata Jes\u00fas\u2019, de la Di\u00f3cesis de Huejutla de Reyes participaron durante este s\u00e1bado en la Procesi\u00f3n que inici\u00f3 en el Santuario de la Virgen de Guadalupe y concluy\u00f3 en la parroquia del Sagrario Catedral Cristo Rey con motivo del A\u00f1o Jubilar.<\/p>\n\n\n\n<p>En esta ocasi\u00f3n participaron los fieles cat\u00f3licos de las parroquias de la &#8216;Foran\u00eda &#8216;Totata Jes\u00fas&#8217;: que son parroquia del Sagrario Catedral, Santuario de la Virgen de Guadalupe, San Judas Tadeo de la colonia Obrera y Sagrado Coraz\u00f3n de Jes\u00fas del Parque Poblamiento .<\/p>\n\n\n\n<p>El Obispo de la Di\u00f3cesis de Huejutla, Jos\u00e9 Hir\u00e1is Acosta Beltr\u00e1n, detalla que con anticipaci\u00f3n se calendarizan las parroquias de las Foran\u00edas de la Di\u00f3cesis y participan en las Procesiones con motivo del A\u00f1o Jubilar para ganar la Indulgencia Plenaria.<\/p>\n\n\n\n<p>Los fieles cat\u00f3licos al llegar con la Procesi\u00f3n a la parroquia del Sagrario Catedral en Huejutla, fueron recibidos por el Obispo de la Di\u00f3cesis de Huejutla, Jos\u00e9 Hir\u00e1is Acosta Beltr\u00e1n para posteriormente participar en la concelebraci\u00f3n eucar\u00edstica que se realiz\u00f3 despu\u00e9s de las 9:00 horas de este s\u00e1bado.<\/p>\n\n\n\n<figure class=\"wp-block-gallery has-nested-images columns-default is-cropped wp-block-gallery-1 is-layout-flex wp-block-gallery-is-layout-flex\">\n<figure class=\"wp-block-image size-large\"><img fetchpriority=\"high\" decoding=\"async\" width=\"1024\" height=\"576\" data-id=\"482531\" src=\"https:\/\/www.zunoticia.com\/noticias-de-hidalgo\/wp-content\/uploads\/2023\/05\/WhatsApp-Image-2023-05-20-at-11.10.54-1024x576.jpeg\" alt=\"\" class=\"wp-image-482531\" srcset=\"https:\/\/www.zunoticia.com\/noticias-de-hidalgo\/wp-content\/uploads\/2023\/05\/WhatsApp-Image-2023-05-20-at-11.10.54-1024x576.jpeg 1024w, https:\/\/www.zunoticia.com\/noticias-de-hidalgo\/wp-content\/uploads\/2023\/05\/WhatsApp-Image-2023-05-20-at-11.10.54-300x169.jpeg 300w, https:\/\/www.zunoticia.com\/noticias-de-hidalgo\/wp-content\/uploads\/2023\/05\/WhatsApp-Image-2023-05-20-at-11.10.54-768x432.jpeg 768w, https:\/\/www.zunoticia.com\/noticias-de-hidalgo\/wp-content\/uploads\/2023\/05\/WhatsApp-Image-2023-05-20-at-11.10.54.jpeg 1280w\" sizes=\"(max-width: 1024px) 100vw, 1024px\" \/><\/figure>\n<\/figure>\n","protected":false},"excerpt":{"rendered":"<p>Por Enedino Hern\u00e1ndez\/Zunoticia Huejutla, Hgo.- Cientos de fieles cat\u00f3licos procedentes de las diversas parroquias de la Foran\u00eda &#8216;Totata Jes\u00fas\u2019, de la Di\u00f3cesis de Huejutla de Reyes participaron durante este s\u00e1bado en la Procesi\u00f3n que inici\u00f3 en el Santuario de la Virgen de Guadalupe y concluy\u00f3 en la parroquia del Sagrario Catedral Cristo Rey con motivo&hellip; <a class=\"more-link\" href=\"https:\/\/www.zunoticia.com\/noticias-de-hidalgo\/2023\/05\/20\/procesion-de-forania-totata-jesus-por-el-ano-jubilar\/\">Seguir leyendo <span class=\"screen-reader-text\">Procesi\u00f3n de Foran\u00eda &#8216;Totata Jes\u00fas&#8217; por el A\u00f1o Jubilar<\/span><\/a><\/p>\n","protected":false},"author":20,"featured_media":482530,"comment_status":"closed","ping_status":"open","sticky":false,"template":"","format":"standard","meta":{"rop_custom_images_group":[],"rop_custom_messages_group":[],"rop_publish_now":"initial","rop_publish_now_accounts":{"facebook_10159540855086992_322828327761733":""},"rop_publish_now_history":[],"rop_publish_now_status":"pending","footnotes":""},"categories":[181],"tags":[121],"class_list":["post-482529","post","type-post","status-publish","format-standard","has-post-thumbnail","hentry","category-huejutla","tag-huejutla","entry"],"_links":{"self":[{"href":"https:\/\/www.zunoticia.com\/noticias-de-hidalgo\/wp-json\/wp\/v2\/posts\/482529","targetHints":{"allow":["GET"]}}],"collection":[{"href":"https:\/\/www.zunoticia.com\/noticias-de-hidalgo\/wp-json\/wp\/v2\/posts"}],"about":[{"href":"https:\/\/www.zunoticia.com\/noticias-de-hidalgo\/wp-json\/wp\/v2\/types\/post"}],"author":[{"embeddable":true,"href":"https:\/\/www.zunoticia.com\/noticias-de-hidalgo\/wp-json\/wp\/v2\/users\/20"}],"replies":[{"embeddable":true,"href":"https:\/\/www.zunoticia.com\/noticias-de-hidalgo\/wp-json\/wp\/v2\/comments?post=482529"}],"version-history":[{"count":1,"href":"https:\/\/www.zunoticia.com\/noticias-de-hidalgo\/wp-json\/wp\/v2\/posts\/482529\/revisions"}],"predecessor-version":[{"id":482532,"href":"https:\/\/www.zunoticia.com\/noticias-de-hidalgo\/wp-json\/wp\/v2\/posts\/482529\/revisions\/482532"}],"wp:featuredmedia":[{"embeddable":true,"href":"https:\/\/www.zunoticia.com\/noticias-de-hidalgo\/wp-json\/wp\/v2\/media\/482530"}],"wp:attachment":[{"href":"https:\/\/www.zunoticia.com\/noticias-de-hidalgo\/wp-json\/wp\/v2\/media?parent=482529"}],"wp:term":[{"taxonomy":"category","embeddable":true,"href":"https:\/\/www.zunoticia.com\/noticias-de-hidalgo\/wp-json\/wp\/v2\/categories?post=482529"},{"taxonomy":"post_tag","embeddable":true,"href":"https:\/\/www.zunoticia.com\/noticias-de-hidalgo\/wp-json\/wp\/v2\/tags?post=482529"}],"curies":[{"name":"wp","href":"https:\/\/api.w.org\/{rel}","templated":true}]}}