{"id":482533,"date":"2023-05-20T15:14:25","date_gmt":"2023-05-20T21:14:25","guid":{"rendered":"https:\/\/www.zunoticia.com\/noticias-de-hidalgo\/?p=482533"},"modified":"2023-05-20T15:14:50","modified_gmt":"2023-05-20T21:14:50","slug":"inauguran-exposicion-pictorica-denominada-rostros-de-mi-tierra","status":"publish","type":"post","link":"https:\/\/www.zunoticia.com\/noticias-de-hidalgo\/2023\/05\/20\/inauguran-exposicion-pictorica-denominada-rostros-de-mi-tierra\/","title":{"rendered":"Inauguran exposici\u00f3n pict\u00f3rica denominada &#8220;Rostros de mi tierra&#8221;"},"content":{"rendered":"<aside class=\"mashsb-container mashsb-main mashsb-stretched\"><div class=\"mashsb-box\"><div class=\"mashsb-count mash-large\" style=\"float:left\"><div class=\"counts mashsbcount\">30<\/div><span class=\"mashsb-sharetext\">SHARES<\/span><\/div><div class=\"mashsb-buttons\"><a class=\"mashicon-facebook mash-large mash-center mashsb-noshadow\" href=\"https:\/\/www.facebook.com\/sharer.php?u=https%3A%2F%2Fwww.zunoticia.com%2Fnoticias-de-hidalgo%2F2023%2F05%2F20%2Finauguran-exposicion-pictorica-denominada-rostros-de-mi-tierra%2F\" target=\"_top\" rel=\"nofollow\"><span class=\"icon\"><\/span><span class=\"text\">Share<\/span><\/a><a class=\"mashicon-twitter mash-large mash-center mashsb-noshadow\" href=\"https:\/\/twitter.com\/intent\/tweet?text=&amp;url=https:\/\/www.zunoticia.com\/noticias-de-hidalgo\/2023\/05\/20\/inauguran-exposicion-pictorica-denominada-rostros-de-mi-tierra\/\" target=\"_top\" rel=\"nofollow\"><span class=\"icon\"><\/span><span class=\"text\">Tweet<\/span><\/a><div class=\"onoffswitch2 mash-large mashsb-noshadow\" style=\"display:none\"><\/div><\/div>\n            <\/div>\n                <div style=\"clear:both\"><\/div><div class=\"mashsb-toggle-container\"><\/div><\/aside>\n            <!-- Share buttons by mashshare.net - Version: 4.0.47-->\n<p><em>Por Salvador Altamirano\/Zunoticia<\/em><\/p>\n\n\n\n<p><strong>Huejutla, Hgo.-<\/strong> El Ayuntamiento que preside Daniel Andrade Zurutuza, en el marco de la programaci\u00f3n tendiente a conmemorar el 157 aniversario de la gesta heroica de Antonio Reyes Cabrera &#8220;El Tordo&#8221;, mont\u00f3 una exposici\u00f3n pict\u00f3rica denominada &#8220;Rostros de mi tierra&#8221;.<\/p>\n\n\n\n<p>La galer\u00eda de arte pl\u00e1stico, integrada por 23 obras de tres artistas de la regi\u00f3n, expuesta en el quiosco municipal, cuya inauguraci\u00f3n que tuvo efecto este d\u00eda a las 10:30 horas, estuvo a cargo del director de la dependencia de Recursos Humanos Municipal, Sotero Ram\u00edrez, quien elogi\u00f3 el talento de los pintores expositores.<\/p>\n\n\n\n<p>Los artistas participantes en referencia, son Roc\u00edo Montiel S\u00e1nchez (Shishio), originaria de la comunidad de Lemontitla; Gildardo Espinoza Monta\u00f1o, nativo del Barrio de Tahuiz\u00e1n y Crist\u00f3bal Hern\u00e1ndez, de la localidad de Cruztitla.<\/p>\n\n\n\n<p>Trascendi\u00f3 de personal adscrito a la Casa de la Cultura Municipal, cuyo director es Melit\u00f3n Mart\u00ednez, a cargo de quienes estuvo la organizaci\u00f3n del evento, que la pintoresca exposici\u00f3n ostenta el nombre de &#8220;Rostros de mi tierra&#8221;, ya que las obras de arte plasman elementos de las tradiciones y costumbres de la etnia regional.<\/p>\n\n\n\n<p>Es oportuno detallar, que entre las obras de Shishio, quien estudia la licenciatura en artes visuales en la Universidad de Guadalajara (U de G), Jalisco, destacan &#8220;La paz Mundial por la UNESCO y &#8220;D\u00edas de Covid).<\/p>\n\n\n\n<p>Por su parte, Monta\u00f1o Espinoza, de reconocida trayectoria art\u00edstica, quien se ha caracterizado por plasmar elementos nativos regionales comunitarios, exhibe obras que llam\u00f3 bagaje cultural huasteco, entre ellas &#8220;La Tepa&#8221;; &#8220;La Ofrenda&#8221;; y &#8220;El Totoli&#8221; (guajolote), entre otras.<\/p>\n\n\n\n<p>Y la obra del artista invitado especial, Crist\u00f3bal Hern\u00e1ndez, alumno del profesor Gildardo Monta\u00f1o, se limit\u00f3 a tres cuadros titulados &#8220;La Artesana&#8221;&#8221;; &#8220;Notata&#8221; (mi pap\u00e1) y &#8220;Los abuelitos&#8221;, todas creativas y de excelente calidad.<\/p>\n\n\n\n<figure class=\"wp-block-gallery has-nested-images columns-default is-cropped wp-block-gallery-1 is-layout-flex wp-block-gallery-is-layout-flex\">\n<figure class=\"wp-block-image size-large\"><img fetchpriority=\"high\" decoding=\"async\" width=\"940\" height=\"788\" data-id=\"482535\" src=\"https:\/\/www.zunoticia.com\/noticias-de-hidalgo\/wp-content\/uploads\/2023\/05\/1-160.png\" alt=\"\" class=\"wp-image-482535\" srcset=\"https:\/\/www.zunoticia.com\/noticias-de-hidalgo\/wp-content\/uploads\/2023\/05\/1-160.png 940w, https:\/\/www.zunoticia.com\/noticias-de-hidalgo\/wp-content\/uploads\/2023\/05\/1-160-300x251.png 300w, https:\/\/www.zunoticia.com\/noticias-de-hidalgo\/wp-content\/uploads\/2023\/05\/1-160-768x644.png 768w\" sizes=\"(max-width: 940px) 100vw, 940px\" \/><\/figure>\n\n\n\n<figure class=\"wp-block-image size-large\"><img decoding=\"async\" width=\"940\" height=\"788\" data-id=\"482536\" src=\"https:\/\/www.zunoticia.com\/noticias-de-hidalgo\/wp-content\/uploads\/2023\/05\/2-160.png\" alt=\"\" class=\"wp-image-482536\" srcset=\"https:\/\/www.zunoticia.com\/noticias-de-hidalgo\/wp-content\/uploads\/2023\/05\/2-160.png 940w, https:\/\/www.zunoticia.com\/noticias-de-hidalgo\/wp-content\/uploads\/2023\/05\/2-160-300x251.png 300w, https:\/\/www.zunoticia.com\/noticias-de-hidalgo\/wp-content\/uploads\/2023\/05\/2-160-768x644.png 768w\" sizes=\"(max-width: 940px) 100vw, 940px\" \/><\/figure>\n<\/figure>\n","protected":false},"excerpt":{"rendered":"<p>Por Salvador Altamirano\/Zunoticia Huejutla, Hgo.- El Ayuntamiento que preside Daniel Andrade Zurutuza, en el marco de la programaci\u00f3n tendiente a conmemorar el 157 aniversario de la gesta heroica de Antonio Reyes Cabrera &#8220;El Tordo&#8221;, mont\u00f3 una exposici\u00f3n pict\u00f3rica denominada &#8220;Rostros de mi tierra&#8221;. La galer\u00eda de arte pl\u00e1stico, integrada por 23 obras de tres artistas&hellip; <a class=\"more-link\" href=\"https:\/\/www.zunoticia.com\/noticias-de-hidalgo\/2023\/05\/20\/inauguran-exposicion-pictorica-denominada-rostros-de-mi-tierra\/\">Seguir leyendo <span class=\"screen-reader-text\">Inauguran exposici\u00f3n pict\u00f3rica denominada &#8220;Rostros de mi tierra&#8221;<\/span><\/a><\/p>\n","protected":false},"author":20,"featured_media":482534,"comment_status":"closed","ping_status":"open","sticky":false,"template":"","format":"standard","meta":{"rop_custom_images_group":[],"rop_custom_messages_group":[],"rop_publish_now":"initial","rop_publish_now_accounts":{"facebook_10159540855086992_322828327761733":""},"rop_publish_now_history":[],"rop_publish_now_status":"pending","footnotes":""},"categories":[181],"tags":[121],"class_list":["post-482533","post","type-post","status-publish","format-standard","has-post-thumbnail","hentry","category-huejutla","tag-huejutla","entry"],"_links":{"self":[{"href":"https:\/\/www.zunoticia.com\/noticias-de-hidalgo\/wp-json\/wp\/v2\/posts\/482533","targetHints":{"allow":["GET"]}}],"collection":[{"href":"https:\/\/www.zunoticia.com\/noticias-de-hidalgo\/wp-json\/wp\/v2\/posts"}],"about":[{"href":"https:\/\/www.zunoticia.com\/noticias-de-hidalgo\/wp-json\/wp\/v2\/types\/post"}],"author":[{"embeddable":true,"href":"https:\/\/www.zunoticia.com\/noticias-de-hidalgo\/wp-json\/wp\/v2\/users\/20"}],"replies":[{"embeddable":true,"href":"https:\/\/www.zunoticia.com\/noticias-de-hidalgo\/wp-json\/wp\/v2\/comments?post=482533"}],"version-history":[{"count":1,"href":"https:\/\/www.zunoticia.com\/noticias-de-hidalgo\/wp-json\/wp\/v2\/posts\/482533\/revisions"}],"predecessor-version":[{"id":482537,"href":"https:\/\/www.zunoticia.com\/noticias-de-hidalgo\/wp-json\/wp\/v2\/posts\/482533\/revisions\/482537"}],"wp:featuredmedia":[{"embeddable":true,"href":"https:\/\/www.zunoticia.com\/noticias-de-hidalgo\/wp-json\/wp\/v2\/media\/482534"}],"wp:attachment":[{"href":"https:\/\/www.zunoticia.com\/noticias-de-hidalgo\/wp-json\/wp\/v2\/media?parent=482533"}],"wp:term":[{"taxonomy":"category","embeddable":true,"href":"https:\/\/www.zunoticia.com\/noticias-de-hidalgo\/wp-json\/wp\/v2\/categories?post=482533"},{"taxonomy":"post_tag","embeddable":true,"href":"https:\/\/www.zunoticia.com\/noticias-de-hidalgo\/wp-json\/wp\/v2\/tags?post=482533"}],"curies":[{"name":"wp","href":"https:\/\/api.w.org\/{rel}","templated":true}]}}