{"id":482542,"date":"2023-05-20T15:47:08","date_gmt":"2023-05-20T21:47:08","guid":{"rendered":"https:\/\/www.zunoticia.com\/noticias-de-hidalgo\/?p=482542"},"modified":"2023-05-20T15:47:10","modified_gmt":"2023-05-20T21:47:10","slug":"pasillos-del-laminado-se-mantienen-a-oscuras-urge-alumbrado-publico","status":"publish","type":"post","link":"https:\/\/www.zunoticia.com\/noticias-de-hidalgo\/2023\/05\/20\/pasillos-del-laminado-se-mantienen-a-oscuras-urge-alumbrado-publico\/","title":{"rendered":"Pasillos del \u201cLaminado\u201d se mantienen a oscuras, urge alumbrado p\u00fablico"},"content":{"rendered":"<aside class=\"mashsb-container mashsb-main mashsb-stretched\"><div class=\"mashsb-box\"><div class=\"mashsb-count mash-large\" style=\"float:left\"><div class=\"counts mashsbcount\">29<\/div><span class=\"mashsb-sharetext\">SHARES<\/span><\/div><div class=\"mashsb-buttons\"><a class=\"mashicon-facebook mash-large mash-center mashsb-noshadow\" href=\"https:\/\/www.facebook.com\/sharer.php?u=https%3A%2F%2Fwww.zunoticia.com%2Fnoticias-de-hidalgo%2F2023%2F05%2F20%2Fpasillos-del-laminado-se-mantienen-a-oscuras-urge-alumbrado-publico%2F\" target=\"_top\" rel=\"nofollow\"><span class=\"icon\"><\/span><span class=\"text\">Share<\/span><\/a><a class=\"mashicon-twitter mash-large mash-center mashsb-noshadow\" href=\"https:\/\/twitter.com\/intent\/tweet?text=&amp;url=https:\/\/www.zunoticia.com\/noticias-de-hidalgo\/2023\/05\/20\/pasillos-del-laminado-se-mantienen-a-oscuras-urge-alumbrado-publico\/\" target=\"_top\" rel=\"nofollow\"><span class=\"icon\"><\/span><span class=\"text\">Tweet<\/span><\/a><div class=\"onoffswitch2 mash-large mashsb-noshadow\" style=\"display:none\"><\/div><\/div>\n            <\/div>\n                <div style=\"clear:both\"><\/div><div class=\"mashsb-toggle-container\"><\/div><\/aside>\n            <!-- Share buttons by mashshare.net - Version: 4.0.47-->\n<p><em>Por Enedino Hern\u00e1ndez\/Zunoticia<\/em><\/p>\n\n\n\n<p><strong>Huejutla, Hgo.-<\/strong> Los pasillos del \u00e1rea del \u201cLaminado\u201d, en la zona del mercado, se mantienen a \u201coscuras\u201d por lo que es muy urgente que las autoridades municipales competentes procedan a restablecer el servicio del alumbrado p\u00fablico que afecta a todo este sector comercial, confirm\u00f3 Andr\u00e9s Hern\u00e1ndez, socio comerciante agremiado a la UCLTARH.<\/p>\n\n\n\n<p>\u201cNos damos cuenta que por las noches est\u00e1 todo oscuro, por ello, pedimos a la autoridad municipal, a la administradora de Mercados y a los secretarios de la UCLA y UCLTARH buscar soluci\u00f3n a este problema\u201d.<\/p>\n\n\n\n<p>Detall\u00f3 que, al percatarse de que los pasillos del laminado se mantienen a oscuras, algunos comerciantes dejan prendidos los focos de sus locales que se encuentran al exterior, pero muchos no \u201cporque se supone que deben prender los focos del alumbrado p\u00fablico\u201d.<\/p>\n\n\n\n<p>Subray\u00f3 que, el problema empez\u00f3 en esta semana \u201clo que pasa es que tienen sus problemas y detalles con la organizaci\u00f3n de comerciantes, pero eso es problema con la dirigencia, no con nosotros los comerciantes, todo es diferente y las autoridades deben poner y darnos el alumbrado p\u00fablico\u201d.<\/p>\n\n\n\n<p>M\u00e1s adelante, Andr\u00e9s Hern\u00e1ndez subray\u00f3 \u201csi nos ve o escucha Lidia, le pedimos que nos apoye con el alumbrado p\u00fablico en los pasillos del laminado, porque amanecen los puestos orinados, vomitados, se hacen del 1 y del 2, hacen de todo; por lo que pedimos a la administradora que nos d\u00e9 las facilidades con el alumbrado p\u00fablico\u201d.<\/p>\n\n\n\n<p>Concluy\u00f3 que, por esta situaci\u00f3n se puede incrementar el n\u00famero de robos \u201ctodos saben que cuando no hay luz, la delincuencia aumenta, se hacen del ba\u00f1o, y adem\u00e1s agarran todo lo que se pueden llevar, ojal\u00e1 y nos ayuden\u201d.<\/p>\n\n\n\n<p><\/p>\n","protected":false},"excerpt":{"rendered":"<p>Por Enedino Hern\u00e1ndez\/Zunoticia Huejutla, Hgo.- Los pasillos del \u00e1rea del \u201cLaminado\u201d, en la zona del mercado, se mantienen a \u201coscuras\u201d por lo que es muy urgente que las autoridades municipales competentes procedan a restablecer el servicio del alumbrado p\u00fablico que afecta a todo este sector comercial, confirm\u00f3 Andr\u00e9s Hern\u00e1ndez, socio comerciante agremiado a la UCLTARH.&hellip; <a class=\"more-link\" href=\"https:\/\/www.zunoticia.com\/noticias-de-hidalgo\/2023\/05\/20\/pasillos-del-laminado-se-mantienen-a-oscuras-urge-alumbrado-publico\/\">Seguir leyendo <span class=\"screen-reader-text\">Pasillos del \u201cLaminado\u201d se mantienen a oscuras, urge alumbrado p\u00fablico<\/span><\/a><\/p>\n","protected":false},"author":20,"featured_media":482543,"comment_status":"closed","ping_status":"open","sticky":false,"template":"","format":"standard","meta":{"rop_custom_images_group":[],"rop_custom_messages_group":[],"rop_publish_now":"initial","rop_publish_now_accounts":{"facebook_10159540855086992_322828327761733":""},"rop_publish_now_history":[],"rop_publish_now_status":"pending","footnotes":""},"categories":[181],"tags":[121],"class_list":["post-482542","post","type-post","status-publish","format-standard","has-post-thumbnail","hentry","category-huejutla","tag-huejutla","entry"],"_links":{"self":[{"href":"https:\/\/www.zunoticia.com\/noticias-de-hidalgo\/wp-json\/wp\/v2\/posts\/482542","targetHints":{"allow":["GET"]}}],"collection":[{"href":"https:\/\/www.zunoticia.com\/noticias-de-hidalgo\/wp-json\/wp\/v2\/posts"}],"about":[{"href":"https:\/\/www.zunoticia.com\/noticias-de-hidalgo\/wp-json\/wp\/v2\/types\/post"}],"author":[{"embeddable":true,"href":"https:\/\/www.zunoticia.com\/noticias-de-hidalgo\/wp-json\/wp\/v2\/users\/20"}],"replies":[{"embeddable":true,"href":"https:\/\/www.zunoticia.com\/noticias-de-hidalgo\/wp-json\/wp\/v2\/comments?post=482542"}],"version-history":[{"count":1,"href":"https:\/\/www.zunoticia.com\/noticias-de-hidalgo\/wp-json\/wp\/v2\/posts\/482542\/revisions"}],"predecessor-version":[{"id":482544,"href":"https:\/\/www.zunoticia.com\/noticias-de-hidalgo\/wp-json\/wp\/v2\/posts\/482542\/revisions\/482544"}],"wp:featuredmedia":[{"embeddable":true,"href":"https:\/\/www.zunoticia.com\/noticias-de-hidalgo\/wp-json\/wp\/v2\/media\/482543"}],"wp:attachment":[{"href":"https:\/\/www.zunoticia.com\/noticias-de-hidalgo\/wp-json\/wp\/v2\/media?parent=482542"}],"wp:term":[{"taxonomy":"category","embeddable":true,"href":"https:\/\/www.zunoticia.com\/noticias-de-hidalgo\/wp-json\/wp\/v2\/categories?post=482542"},{"taxonomy":"post_tag","embeddable":true,"href":"https:\/\/www.zunoticia.com\/noticias-de-hidalgo\/wp-json\/wp\/v2\/tags?post=482542"}],"curies":[{"name":"wp","href":"https:\/\/api.w.org\/{rel}","templated":true}]}}