{"id":482594,"date":"2023-05-20T20:03:01","date_gmt":"2023-05-21T02:03:01","guid":{"rendered":"https:\/\/www.zunoticia.com\/noticias-de-hidalgo\/?p=482594"},"modified":"2023-05-20T20:03:02","modified_gmt":"2023-05-21T02:03:02","slug":"me-gusta-mucho-la-cultura-hidalguense-shishio","status":"publish","type":"post","link":"https:\/\/www.zunoticia.com\/noticias-de-hidalgo\/2023\/05\/20\/me-gusta-mucho-la-cultura-hidalguense-shishio\/","title":{"rendered":"&#8220;Me gusta mucho la cultura hidalguense&#8221;: Shish\u00edo"},"content":{"rendered":"<aside class=\"mashsb-container mashsb-main mashsb-stretched\"><div class=\"mashsb-box\"><div class=\"mashsb-count mash-large\" style=\"float:left\"><div class=\"counts mashsbcount\">53<\/div><span class=\"mashsb-sharetext\">SHARES<\/span><\/div><div class=\"mashsb-buttons\"><a class=\"mashicon-facebook mash-large mash-center mashsb-noshadow\" href=\"https:\/\/www.facebook.com\/sharer.php?u=https%3A%2F%2Fwww.zunoticia.com%2Fnoticias-de-hidalgo%2F2023%2F05%2F20%2Fme-gusta-mucho-la-cultura-hidalguense-shishio%2F\" target=\"_top\" rel=\"nofollow\"><span class=\"icon\"><\/span><span class=\"text\">Share<\/span><\/a><a class=\"mashicon-twitter mash-large mash-center mashsb-noshadow\" href=\"https:\/\/twitter.com\/intent\/tweet?text=&amp;url=https:\/\/www.zunoticia.com\/noticias-de-hidalgo\/2023\/05\/20\/me-gusta-mucho-la-cultura-hidalguense-shishio\/\" target=\"_top\" rel=\"nofollow\"><span class=\"icon\"><\/span><span class=\"text\">Tweet<\/span><\/a><div class=\"onoffswitch2 mash-large mashsb-noshadow\" style=\"display:none\"><\/div><\/div>\n            <\/div>\n                <div style=\"clear:both\"><\/div><div class=\"mashsb-toggle-container\"><\/div><\/aside>\n            <!-- Share buttons by mashshare.net - Version: 4.0.47-->\n<p><em>Por Salvador Altamirano\/Zunoticia<\/em><\/p>\n\n\n\n<p><strong>Huejutla, Hgo<\/strong>.- \u201cAunque soy originaria de Guadalajara, Jalisco, me gusta mucho la cultura del Estado de Hidalgo, particularmente de la regi\u00f3n huasteca, ya que mis padres son de la comunidad de Lemontitla, municipio de Huejutla\u201d.<\/p>\n\n\n\n<p>Lo anterior, fue expresado por Roc\u00edo Montiel S\u00e1nchez, una de los tres artistas pl\u00e1sticos que con motivo de la conmemoraci\u00f3n del 157 aniversario de la haza\u00f1a del h\u00e9roe local, Antonio Reyes Cabrera, &#8220;El Tordo&#8221;, expone su obra en una galer\u00eda montada en el quiosco municipal, la cual permanecer\u00e1 en exhibici\u00f3n desde el s\u00e1bado a hoy domingo.<\/p>\n\n\n\n<p>A pregunta formulada, quien cursa la Licenciatura en Artes Visuales en la Universidad de Guadalajara (U de G), del Estado de Jalisco, especific\u00f3 que su nombre art\u00edstico surgi\u00f3 porque de peque\u00f1a ten\u00eda una amiguita que no pod\u00eda pronunciar Roc\u00edo, y le dec\u00eda Shishio, y desde entonces toda su familia la nombra as\u00ed.<\/p>\n\n\n\n<p>Agreg\u00f3 que, su curiosidad por aprender la hizo destacar y dominar t\u00e9cnicas como el \u00f3leo; pasteles secos; l\u00e1pices grasos; carboncillo y serigraf\u00eda, con un estilo \u00fanico en sus colores, en las cuales plasma elementos que se relacionan con su vida personal y sus ra\u00edces culturales.<\/p>\n\n\n\n<p>Para finalizar, Shishio refiri\u00f3 que sus actuales obras, entre ellas las denominadas &#8220;La paz mundial para la Unesco&#8221; y &#8220;D\u00edas de Covid&#8221;, muestran una armon\u00eda de colores entre los rosados y viol\u00e1ceos, con inclinaci\u00f3n al surrealismo, ya que considera importante los sue\u00f1os, su perspectiva del mundo y sus creencias.<\/p>\n\n\n\n<figure class=\"wp-block-gallery has-nested-images columns-default is-cropped wp-block-gallery-1 is-layout-flex wp-block-gallery-is-layout-flex\">\n<figure class=\"wp-block-image size-large\"><img fetchpriority=\"high\" decoding=\"async\" width=\"940\" height=\"788\" data-id=\"482597\" src=\"https:\/\/www.zunoticia.com\/noticias-de-hidalgo\/wp-content\/uploads\/2023\/05\/2-171.png\" alt=\"\" class=\"wp-image-482597\" srcset=\"https:\/\/www.zunoticia.com\/noticias-de-hidalgo\/wp-content\/uploads\/2023\/05\/2-171.png 940w, https:\/\/www.zunoticia.com\/noticias-de-hidalgo\/wp-content\/uploads\/2023\/05\/2-171-300x251.png 300w, https:\/\/www.zunoticia.com\/noticias-de-hidalgo\/wp-content\/uploads\/2023\/05\/2-171-768x644.png 768w\" sizes=\"(max-width: 940px) 100vw, 940px\" \/><\/figure>\n\n\n\n<figure class=\"wp-block-image size-large\"><img decoding=\"async\" width=\"940\" height=\"788\" data-id=\"482596\" src=\"https:\/\/www.zunoticia.com\/noticias-de-hidalgo\/wp-content\/uploads\/2023\/05\/1-170.png\" alt=\"\" class=\"wp-image-482596\" srcset=\"https:\/\/www.zunoticia.com\/noticias-de-hidalgo\/wp-content\/uploads\/2023\/05\/1-170.png 940w, https:\/\/www.zunoticia.com\/noticias-de-hidalgo\/wp-content\/uploads\/2023\/05\/1-170-300x251.png 300w, https:\/\/www.zunoticia.com\/noticias-de-hidalgo\/wp-content\/uploads\/2023\/05\/1-170-768x644.png 768w\" sizes=\"(max-width: 940px) 100vw, 940px\" \/><\/figure>\n<\/figure>\n","protected":false},"excerpt":{"rendered":"<p>Por Salvador Altamirano\/Zunoticia Huejutla, Hgo.- \u201cAunque soy originaria de Guadalajara, Jalisco, me gusta mucho la cultura del Estado de Hidalgo, particularmente de la regi\u00f3n huasteca, ya que mis padres son de la comunidad de Lemontitla, municipio de Huejutla\u201d. Lo anterior, fue expresado por Roc\u00edo Montiel S\u00e1nchez, una de los tres artistas pl\u00e1sticos que con motivo&hellip; <a class=\"more-link\" href=\"https:\/\/www.zunoticia.com\/noticias-de-hidalgo\/2023\/05\/20\/me-gusta-mucho-la-cultura-hidalguense-shishio\/\">Seguir leyendo <span class=\"screen-reader-text\">&#8220;Me gusta mucho la cultura hidalguense&#8221;: Shish\u00edo<\/span><\/a><\/p>\n","protected":false},"author":20,"featured_media":482595,"comment_status":"closed","ping_status":"open","sticky":false,"template":"","format":"standard","meta":{"rop_custom_images_group":[],"rop_custom_messages_group":[],"rop_publish_now":"initial","rop_publish_now_accounts":{"facebook_10159540855086992_322828327761733":""},"rop_publish_now_history":[],"rop_publish_now_status":"pending","footnotes":""},"categories":[181],"tags":[121],"class_list":["post-482594","post","type-post","status-publish","format-standard","has-post-thumbnail","hentry","category-huejutla","tag-huejutla","entry"],"_links":{"self":[{"href":"https:\/\/www.zunoticia.com\/noticias-de-hidalgo\/wp-json\/wp\/v2\/posts\/482594","targetHints":{"allow":["GET"]}}],"collection":[{"href":"https:\/\/www.zunoticia.com\/noticias-de-hidalgo\/wp-json\/wp\/v2\/posts"}],"about":[{"href":"https:\/\/www.zunoticia.com\/noticias-de-hidalgo\/wp-json\/wp\/v2\/types\/post"}],"author":[{"embeddable":true,"href":"https:\/\/www.zunoticia.com\/noticias-de-hidalgo\/wp-json\/wp\/v2\/users\/20"}],"replies":[{"embeddable":true,"href":"https:\/\/www.zunoticia.com\/noticias-de-hidalgo\/wp-json\/wp\/v2\/comments?post=482594"}],"version-history":[{"count":1,"href":"https:\/\/www.zunoticia.com\/noticias-de-hidalgo\/wp-json\/wp\/v2\/posts\/482594\/revisions"}],"predecessor-version":[{"id":482598,"href":"https:\/\/www.zunoticia.com\/noticias-de-hidalgo\/wp-json\/wp\/v2\/posts\/482594\/revisions\/482598"}],"wp:featuredmedia":[{"embeddable":true,"href":"https:\/\/www.zunoticia.com\/noticias-de-hidalgo\/wp-json\/wp\/v2\/media\/482595"}],"wp:attachment":[{"href":"https:\/\/www.zunoticia.com\/noticias-de-hidalgo\/wp-json\/wp\/v2\/media?parent=482594"}],"wp:term":[{"taxonomy":"category","embeddable":true,"href":"https:\/\/www.zunoticia.com\/noticias-de-hidalgo\/wp-json\/wp\/v2\/categories?post=482594"},{"taxonomy":"post_tag","embeddable":true,"href":"https:\/\/www.zunoticia.com\/noticias-de-hidalgo\/wp-json\/wp\/v2\/tags?post=482594"}],"curies":[{"name":"wp","href":"https:\/\/api.w.org\/{rel}","templated":true}]}}