{"id":482651,"date":"2023-05-21T00:07:08","date_gmt":"2023-05-21T06:07:08","guid":{"rendered":"https:\/\/www.zunoticia.com\/noticias-de-hidalgo\/?p=482651"},"modified":"2023-05-21T00:07:11","modified_gmt":"2023-05-21T06:07:11","slug":"daniel-andrade-encendio-el-pebetero-del-clvii-aniversario-de-la-gesta-heroica-de-el-tordo","status":"publish","type":"post","link":"https:\/\/www.zunoticia.com\/noticias-de-hidalgo\/2023\/05\/21\/daniel-andrade-encendio-el-pebetero-del-clvii-aniversario-de-la-gesta-heroica-de-el-tordo\/","title":{"rendered":"Daniel Andrade, encendi\u00f3 el pebetero del CLVII aniversario de la gesta heroica de \u201cEl Tordo&#8221;"},"content":{"rendered":"<aside class=\"mashsb-container mashsb-main mashsb-stretched\"><div class=\"mashsb-box\"><div class=\"mashsb-count mash-large\" style=\"float:left\"><div class=\"counts mashsbcount\">46<\/div><span class=\"mashsb-sharetext\">SHARES<\/span><\/div><div class=\"mashsb-buttons\"><a class=\"mashicon-facebook mash-large mash-center mashsb-noshadow\" href=\"https:\/\/www.facebook.com\/sharer.php?u=https%3A%2F%2Fwww.zunoticia.com%2Fnoticias-de-hidalgo%2F2023%2F05%2F21%2Fdaniel-andrade-encendio-el-pebetero-del-clvii-aniversario-de-la-gesta-heroica-de-el-tordo%2F\" target=\"_top\" rel=\"nofollow\"><span class=\"icon\"><\/span><span class=\"text\">Share<\/span><\/a><a class=\"mashicon-twitter mash-large mash-center mashsb-noshadow\" href=\"https:\/\/twitter.com\/intent\/tweet?text=&amp;url=https:\/\/www.zunoticia.com\/noticias-de-hidalgo\/2023\/05\/21\/daniel-andrade-encendio-el-pebetero-del-clvii-aniversario-de-la-gesta-heroica-de-el-tordo\/\" target=\"_top\" rel=\"nofollow\"><span class=\"icon\"><\/span><span class=\"text\">Tweet<\/span><\/a><div class=\"onoffswitch2 mash-large mashsb-noshadow\" style=\"display:none\"><\/div><\/div>\n            <\/div>\n                <div style=\"clear:both\"><\/div><div class=\"mashsb-toggle-container\"><\/div><\/aside>\n            <!-- Share buttons by mashshare.net - Version: 4.0.47-->\n<ul class=\"wp-block-list\">\n<li>Recorrieron cuatro barrios.<\/li>\n<\/ul>\n\n\n\n<p><em>Por Karen Rivera\/Zunoticia<\/em><\/p>\n\n\n\n<p><strong>Huejutla de Reyes, Hgo.-<\/strong> En v\u00edsperas de la gesta heroica de Antonio Reyes Cabrera &#8220;El Tordo&#8221;, durante la tarde de este s\u00e1bado el recorrido inici\u00f3 en Tehuetl\u00e1n, en el lugar como &#8220;La Pe\u00f1a de los Franceses&#8221;.<\/p>\n\n\n\n<p>Cabe mencionar que, en dicho lugar narra la historia popular que el ej\u00e9rcito franc\u00e9s al que combati\u00f3 Antonio Reyes Cabrera huy\u00f3 hasta ese sitio, en donde nuevamente fue replegado por los habitantes del poblado de Tehuetl\u00e1n, quienes dieron su vida en defensa del pueblo de Huejutla.<\/p>\n\n\n\n<p>En este evento se cont\u00f3 con la presencia del presidente municipal, Daniel Andrade Zurutuza, quien estuvo acompa\u00f1ado de Natividad Castrej\u00f3n Valdez, Secretario de Educaci\u00f3n del Gobierno del Estado, mismos que encabezaron el encendido de la antorcha, la cual se traslad\u00f3 desde ese lugar hasta la ciudad de Huejutla, en donde recorri\u00f3 los cuatro barrios tradicionales: Tecoluco, Potrerillos (hoy colonia Ju\u00e1rez), Tahuiz\u00e1n y Barrio Arriba, para posteriormente enfilarse hasta la zona centro.<\/p>\n\n\n\n<figure class=\"wp-block-image size-large\"><img fetchpriority=\"high\" decoding=\"async\" width=\"1024\" height=\"538\" src=\"https:\/\/www.zunoticia.com\/noticias-de-hidalgo\/wp-content\/uploads\/2023\/05\/tordo-2-1024x538.jpg\" alt=\"\" class=\"wp-image-482657\" srcset=\"https:\/\/www.zunoticia.com\/noticias-de-hidalgo\/wp-content\/uploads\/2023\/05\/tordo-2-1024x538.jpg 1024w, https:\/\/www.zunoticia.com\/noticias-de-hidalgo\/wp-content\/uploads\/2023\/05\/tordo-2-300x158.jpg 300w, https:\/\/www.zunoticia.com\/noticias-de-hidalgo\/wp-content\/uploads\/2023\/05\/tordo-2-768x403.jpg 768w, https:\/\/www.zunoticia.com\/noticias-de-hidalgo\/wp-content\/uploads\/2023\/05\/tordo-2.jpg 1200w\" sizes=\"(max-width: 1024px) 100vw, 1024px\" \/><\/figure>\n\n\n\n<p>En su arribo al centro hist\u00f3rico, ciudadanos disfrutaban del evento art\u00edstico-cultural en la plaza 21 de mayo, en donde alumnos del Instituto Tecnol\u00f3gico de Huejutla Hidalgo (ITHH), participaron con melod\u00edas rom\u00e1nticas de una rondalla y un solista, asimismo se realizaron diversas estampas de bailables por parte de la Casa de la Cultura.<\/p>\n\n\n\n<p>En su mensaje el presidente municipal, Daniel Andrade Zurutuza, mencion\u00f3 &#8220;Huejutla est\u00e1 lleno de tradiciones, lleno de cultura, de amor y cari\u00f1o, es lo que significa y es lo que queremos transmitir nosotros a todos y cada uno de ustedes, que rescatemos todos esos valores, a nuestro municipio, a nuestros pueblos, nuestra creencia y a nuestros or\u00edgenes, eso es lo que nos genera nuestra identidad. Estamos en v\u00edas de poder conseguir muchos reconocimientos, pero solos no podemos, necesitamos la ayuda de cada uno de ustedes, necesitamos que, desde sus cosas, sus familias, desde sus barrios, nos ayuden a rescatar el Huejutla que todos queremos&#8221;.<\/p>\n\n\n\n<figure class=\"wp-block-image size-large\"><img decoding=\"async\" width=\"1024\" height=\"538\" src=\"https:\/\/www.zunoticia.com\/noticias-de-hidalgo\/wp-content\/uploads\/2023\/05\/tordo-3-1024x538.jpg\" alt=\"\" class=\"wp-image-482656\" srcset=\"https:\/\/www.zunoticia.com\/noticias-de-hidalgo\/wp-content\/uploads\/2023\/05\/tordo-3-1024x538.jpg 1024w, https:\/\/www.zunoticia.com\/noticias-de-hidalgo\/wp-content\/uploads\/2023\/05\/tordo-3-300x158.jpg 300w, https:\/\/www.zunoticia.com\/noticias-de-hidalgo\/wp-content\/uploads\/2023\/05\/tordo-3-768x403.jpg 768w, https:\/\/www.zunoticia.com\/noticias-de-hidalgo\/wp-content\/uploads\/2023\/05\/tordo-3.jpg 1200w\" sizes=\"(max-width: 1024px) 100vw, 1024px\" \/><\/figure>\n\n\n\n<p>&#8220;En esta administraci\u00f3n hemos hecho un gran esfuerzo para que todos podamos ser reconocidos como lo que somos, ricos en cultura, gastronom\u00eda, somos ricos en tradici\u00f3n y somos grandes de coraz\u00f3n&#8221;, expres\u00f3.<\/p>\n\n\n\n<p>&#8220;Huejutla es del coraz\u00f3n de las Huastecas y debemos de llevarlo a todos los rincones de nuestros sectores&#8221;.<\/p>\n\n\n\n<p>Agradeci\u00f3 a los cuatro barrios que se sumaron al recorrido, as\u00ed como a las chicas del cachibol quienes han participado en diversas actividades.<\/p>\n\n\n\n<p>&#8220;Saludo muy especial al Gobernador, Julio Menchaca Salazar, por su respaldo y atenci\u00f3n, es qui\u00e9n est\u00e1 certero de cada una de las problem\u00e1ticas que enfrenta este municipio, agradecer la presencia y el respaldo de Natividad Castrej\u00f3n Valdez, Secretario de Educaci\u00f3n, qui\u00e9n se encuentra con nosotros&#8221;, coment\u00f3.<\/p>\n\n\n\n<figure class=\"wp-block-image size-large\"><img decoding=\"async\" width=\"1024\" height=\"538\" src=\"https:\/\/www.zunoticia.com\/noticias-de-hidalgo\/wp-content\/uploads\/2023\/05\/tordo-4-1024x538.jpg\" alt=\"\" class=\"wp-image-482655\" srcset=\"https:\/\/www.zunoticia.com\/noticias-de-hidalgo\/wp-content\/uploads\/2023\/05\/tordo-4-1024x538.jpg 1024w, https:\/\/www.zunoticia.com\/noticias-de-hidalgo\/wp-content\/uploads\/2023\/05\/tordo-4-300x158.jpg 300w, https:\/\/www.zunoticia.com\/noticias-de-hidalgo\/wp-content\/uploads\/2023\/05\/tordo-4-768x403.jpg 768w, https:\/\/www.zunoticia.com\/noticias-de-hidalgo\/wp-content\/uploads\/2023\/05\/tordo-4.jpg 1200w\" sizes=\"(max-width: 1024px) 100vw, 1024px\" \/><\/figure>\n\n\n\n<p>&#8220;Queremos hacer de Huejutla lo que merecemos, vamos todos juntos a conseguir y necesitamos de su apoyo para que pronto este municipio pueda ser reconocido como pueblo m\u00e1gico, hemos avanzado mucho, ya nos ganamos el reconocimiento de la gran tradici\u00f3n que es Xantolo y queremos demostrarle al mundo y al pa\u00eds que no s\u00f3lo nuestra tradici\u00f3n radica en el d\u00eda de muertos, tenemos muchas cosas m\u00e1s que ofrecer, vamos por ello, vamos todos juntos a tratar de que sea Huejutla un lugar m\u00e1gico y enigm\u00e1tico&#8221;, finaliz\u00f3.<\/p>\n\n\n\n<p>En la mesa de honor tambi\u00e9n se cont\u00f3 con la asistencia de Said Vargas Castel\u00e1n, Director Municipal de Educaci\u00f3n; Miguel Acosta Salazar, rector de la UTHH; Evaristo L\u00f3pez Hern\u00e1ndez, titular de la ITHH; Jos\u00e9 Pilar L\u00f3pez Espinoza, Presidente de la COMUDE; as\u00ed como los delegados de Tahuiz\u00e1n, 5 de mayo, Barrio Arriba, Colonia Ju\u00e1rez, regidores y regidoras, entre otros.<\/p>\n\n\n\n<p>Este domingo a las 8:00 am se har\u00e1n los honores a la bandera en la explanada de la Revoluci\u00f3n, despu\u00e9s se realizar\u00e1 las ofrendas florales y guardias de honor en los monumentos erigidos en honor al h\u00e9roe local de Huejutla y por la tarde, se tendr\u00e1 la presentaci\u00f3n de la orquesta sinf\u00f3nica del Estado de Hidalgo en la plaza 21 de mayo, adem\u00e1s, de un homenaje a la profesora Priscila Escorsa Pimentel, en donde se reconocer\u00e1 su gran trayectoria y su contribuci\u00f3n en el quehacer social y educativo del municipio.<\/p>\n\n\n\n<figure class=\"wp-block-image size-large\"><img loading=\"lazy\" decoding=\"async\" width=\"1024\" height=\"538\" src=\"https:\/\/www.zunoticia.com\/noticias-de-hidalgo\/wp-content\/uploads\/2023\/05\/tordo-5-1024x538.jpg\" alt=\"\" class=\"wp-image-482654\" srcset=\"https:\/\/www.zunoticia.com\/noticias-de-hidalgo\/wp-content\/uploads\/2023\/05\/tordo-5-1024x538.jpg 1024w, https:\/\/www.zunoticia.com\/noticias-de-hidalgo\/wp-content\/uploads\/2023\/05\/tordo-5-300x158.jpg 300w, https:\/\/www.zunoticia.com\/noticias-de-hidalgo\/wp-content\/uploads\/2023\/05\/tordo-5-768x403.jpg 768w, https:\/\/www.zunoticia.com\/noticias-de-hidalgo\/wp-content\/uploads\/2023\/05\/tordo-5.jpg 1200w\" sizes=\"(max-width: 1024px) 100vw, 1024px\" \/><\/figure>\n","protected":false},"excerpt":{"rendered":"<p>Por Karen Rivera\/Zunoticia Huejutla de Reyes, Hgo.- En v\u00edsperas de la gesta heroica de Antonio Reyes Cabrera &#8220;El Tordo&#8221;, durante la tarde de este s\u00e1bado el recorrido inici\u00f3 en Tehuetl\u00e1n, en el lugar como &#8220;La Pe\u00f1a de los Franceses&#8221;. Cabe mencionar que, en dicho lugar narra la historia popular que el ej\u00e9rcito franc\u00e9s al que&hellip; <a class=\"more-link\" href=\"https:\/\/www.zunoticia.com\/noticias-de-hidalgo\/2023\/05\/21\/daniel-andrade-encendio-el-pebetero-del-clvii-aniversario-de-la-gesta-heroica-de-el-tordo\/\">Seguir leyendo <span class=\"screen-reader-text\">Daniel Andrade, encendi\u00f3 el pebetero del CLVII aniversario de la gesta heroica de \u201cEl Tordo&#8221;<\/span><\/a><\/p>\n","protected":false},"author":13,"featured_media":482653,"comment_status":"closed","ping_status":"open","sticky":false,"template":"","format":"standard","meta":{"rop_custom_images_group":[],"rop_custom_messages_group":[],"rop_publish_now":"initial","rop_publish_now_accounts":{"facebook_10159540855086992_322828327761733":""},"rop_publish_now_history":[],"rop_publish_now_status":"pending","footnotes":""},"categories":[181],"tags":[121],"class_list":["post-482651","post","type-post","status-publish","format-standard","has-post-thumbnail","hentry","category-huejutla","tag-huejutla","entry"],"_links":{"self":[{"href":"https:\/\/www.zunoticia.com\/noticias-de-hidalgo\/wp-json\/wp\/v2\/posts\/482651","targetHints":{"allow":["GET"]}}],"collection":[{"href":"https:\/\/www.zunoticia.com\/noticias-de-hidalgo\/wp-json\/wp\/v2\/posts"}],"about":[{"href":"https:\/\/www.zunoticia.com\/noticias-de-hidalgo\/wp-json\/wp\/v2\/types\/post"}],"author":[{"embeddable":true,"href":"https:\/\/www.zunoticia.com\/noticias-de-hidalgo\/wp-json\/wp\/v2\/users\/13"}],"replies":[{"embeddable":true,"href":"https:\/\/www.zunoticia.com\/noticias-de-hidalgo\/wp-json\/wp\/v2\/comments?post=482651"}],"version-history":[{"count":1,"href":"https:\/\/www.zunoticia.com\/noticias-de-hidalgo\/wp-json\/wp\/v2\/posts\/482651\/revisions"}],"predecessor-version":[{"id":482658,"href":"https:\/\/www.zunoticia.com\/noticias-de-hidalgo\/wp-json\/wp\/v2\/posts\/482651\/revisions\/482658"}],"wp:featuredmedia":[{"embeddable":true,"href":"https:\/\/www.zunoticia.com\/noticias-de-hidalgo\/wp-json\/wp\/v2\/media\/482653"}],"wp:attachment":[{"href":"https:\/\/www.zunoticia.com\/noticias-de-hidalgo\/wp-json\/wp\/v2\/media?parent=482651"}],"wp:term":[{"taxonomy":"category","embeddable":true,"href":"https:\/\/www.zunoticia.com\/noticias-de-hidalgo\/wp-json\/wp\/v2\/categories?post=482651"},{"taxonomy":"post_tag","embeddable":true,"href":"https:\/\/www.zunoticia.com\/noticias-de-hidalgo\/wp-json\/wp\/v2\/tags?post=482651"}],"curies":[{"name":"wp","href":"https:\/\/api.w.org\/{rel}","templated":true}]}}