{"id":482661,"date":"2023-05-21T01:30:20","date_gmt":"2023-05-21T07:30:20","guid":{"rendered":"https:\/\/www.zunoticia.com\/noticias-de-hidalgo\/?p=482661"},"modified":"2023-05-21T01:30:22","modified_gmt":"2023-05-21T07:30:22","slug":"protocolos-y-cero-tolerancia-a-cualquier-tipo-de-abuso-natividad","status":"publish","type":"post","link":"https:\/\/www.zunoticia.com\/noticias-de-hidalgo\/2023\/05\/21\/protocolos-y-cero-tolerancia-a-cualquier-tipo-de-abuso-natividad\/","title":{"rendered":"Protocolos y cero tolerancia a cualquier tipo de abuso: Natividad"},"content":{"rendered":"<aside class=\"mashsb-container mashsb-main mashsb-stretched\"><div class=\"mashsb-box\"><div class=\"mashsb-count mash-large\" style=\"float:left\"><div class=\"counts mashsbcount\">17<\/div><span class=\"mashsb-sharetext\">SHARES<\/span><\/div><div class=\"mashsb-buttons\"><a class=\"mashicon-facebook mash-large mash-center mashsb-noshadow\" href=\"https:\/\/www.facebook.com\/sharer.php?u=https%3A%2F%2Fwww.zunoticia.com%2Fnoticias-de-hidalgo%2F2023%2F05%2F21%2Fprotocolos-y-cero-tolerancia-a-cualquier-tipo-de-abuso-natividad%2F\" target=\"_top\" rel=\"nofollow\"><span class=\"icon\"><\/span><span class=\"text\">Share<\/span><\/a><a class=\"mashicon-twitter mash-large mash-center mashsb-noshadow\" href=\"https:\/\/twitter.com\/intent\/tweet?text=&amp;url=https:\/\/www.zunoticia.com\/noticias-de-hidalgo\/2023\/05\/21\/protocolos-y-cero-tolerancia-a-cualquier-tipo-de-abuso-natividad\/\" target=\"_top\" rel=\"nofollow\"><span class=\"icon\"><\/span><span class=\"text\">Tweet<\/span><\/a><div class=\"onoffswitch2 mash-large mashsb-noshadow\" style=\"display:none\"><\/div><\/div>\n            <\/div>\n                <div style=\"clear:both\"><\/div><div class=\"mashsb-toggle-container\"><\/div><\/aside>\n            <!-- Share buttons by mashshare.net - Version: 4.0.47-->\n<ul class=\"wp-block-list\">\n<li>Este lunes har\u00e1n una mesa de trabajo con las instancias correspondientes y los padres de familia.<\/li>\n<\/ul>\n\n\n\n<p><em>Por Karen Rivera\/ Zunoticia<\/em><\/p>\n\n\n\n<p><strong>Huejutla de Reyes, Hgo.<\/strong> Dadas las circunstancias que prevalecen en la escuela primaria general &#8220;Te\u00f3fila S\u00e1nchez Medina&#8221;, el Secretario de Educaci\u00f3n en el Estado, Natividad Castrej\u00f3n Valdez, inform\u00f3 que este lunes se entablar\u00e1 una mesa de di\u00e1logo con las autoridades educativas, el SNTE, el Registro Estatal de Prevenci\u00f3n, Atenci\u00f3n y Erradicaci\u00f3n de la Violencia Escolar (REPAEVE), as\u00ed como los padres de familia para que este martes los ni\u00f1os regresen a clases.<\/p>\n\n\n\n<p>En entrevista, el Secretario de Educaci\u00f3n, inform\u00f3 &#8220;s\u00ed, lo le\u00ed a trav\u00e9s de una publicaci\u00f3n y a m\u00ed en lo personal me ayuda mucho despertar en la ma\u00f1ana y leer el resumen de noticias, mis compa\u00f1eros de equipo me entregan una rese\u00f1a de todos los temas que tienen que ver con lo educativo y as\u00ed me entero de muchas cosas que est\u00e1n pasando en el Estado.<\/p>\n\n\n\n<p>Hay que recordar que el sistema educativo de Hidalgo se compone por 948,000 alumnos y aproximadamente 56 mil docentes de todos los niveles, es un mill\u00f3n de personas que conviven d\u00eda a d\u00eda en un aula y y por desgracia los problemas surgen en algunas escuelas&#8221;.<\/p>\n\n\n\n<p>&#8220;Tenemos la certeza de los protocolos institucionales que deben de garantizar; primero prevenir sancionar cualquier tipo de violencia discriminaci\u00f3n y acoso, pero tambi\u00e9n sepamos qu\u00e9 hacer a partir de una acusaci\u00f3n, de un se\u00f1alamiento, para que intervengan los organismos institucionales y&nbsp; hagan investigaci\u00f3n y determinen si es responsable, si es interno, se tiene que dar el caso a la Subprocuradur\u00eda, por fortuna hay instrucci\u00f3n del Gobernador del Estado, de establecer los protocolos y cero tolerancia a cualquier tipo de abuso de este tipo&#8221;<\/p>\n\n\n\n<figure class=\"wp-block-image size-large is-resized\"><img fetchpriority=\"high\" decoding=\"async\" src=\"https:\/\/www.zunoticia.com\/noticias-de-hidalgo\/wp-content\/uploads\/2023\/05\/natividad1-1024x538.jpg\" alt=\"\" class=\"wp-image-482664\" width=\"500\" height=\"262\" srcset=\"https:\/\/www.zunoticia.com\/noticias-de-hidalgo\/wp-content\/uploads\/2023\/05\/natividad1-1024x538.jpg 1024w, https:\/\/www.zunoticia.com\/noticias-de-hidalgo\/wp-content\/uploads\/2023\/05\/natividad1-300x158.jpg 300w, https:\/\/www.zunoticia.com\/noticias-de-hidalgo\/wp-content\/uploads\/2023\/05\/natividad1-768x403.jpg 768w, https:\/\/www.zunoticia.com\/noticias-de-hidalgo\/wp-content\/uploads\/2023\/05\/natividad1.jpg 1200w\" sizes=\"(max-width: 500px) 100vw, 500px\" \/><\/figure>\n\n\n\n<p>Dijo que, &#8220;Mi postura es que el \u00e1rea correspondiente que se llama REPAEVE, que es el registro de todo tipo de violencia, haga su investigaci\u00f3n inmediatamente y presente un informe para proceder conforme a derecho&#8221;.<\/p>\n\n\n\n<p>A\u00f1adi\u00f3 que, &#8220;El lunes se tiene planeado una mesa de trabajo, yo voy a estar aqu\u00ed en la regi\u00f3n, vamos a estar este lunes aqu\u00ed en la escuela con las diferentes instancias educativas, tanto de la SEP, como el SNTE, la escuela y REPAEVE para que empiecen a profundizar lo que ya se viene investigando y se tome una decisi\u00f3n, la m\u00e1s sensata, la mejor para la comunidad educativa y espero que no haya pasado lo que se manifiesta, pero si pas\u00f3, tambi\u00e9n espero que se aplique de manera frontal lo que marca nuestro reglamento&#8221;.<\/p>\n\n\n\n<p>Agreg\u00f3, &#8220;Primero ser\u00e1 una investigaci\u00f3n interna, la Secretar\u00eda tiene sus mecanismos para poder hacer sus investigaciones y poder determinar lo que pas\u00f3 y generalmente se acompa\u00f1a que quien ha sido v\u00edctima de alg\u00fan tipo de violencia de esta naturaleza, el presunto delito, y si es el caso se atienda a trav\u00e9s del Ministerio P\u00fablico&#8221;.<\/p>\n","protected":false},"excerpt":{"rendered":"<p>Por Karen Rivera\/ Zunoticia Huejutla de Reyes, Hgo. Dadas las circunstancias que prevalecen en la escuela primaria general &#8220;Te\u00f3fila S\u00e1nchez Medina&#8221;, el Secretario de Educaci\u00f3n en el Estado, Natividad Castrej\u00f3n Valdez, inform\u00f3 que este lunes se entablar\u00e1 una mesa de di\u00e1logo con las autoridades educativas, el SNTE, el Registro Estatal de Prevenci\u00f3n, Atenci\u00f3n y Erradicaci\u00f3n&hellip; <a class=\"more-link\" href=\"https:\/\/www.zunoticia.com\/noticias-de-hidalgo\/2023\/05\/21\/protocolos-y-cero-tolerancia-a-cualquier-tipo-de-abuso-natividad\/\">Seguir leyendo <span class=\"screen-reader-text\">Protocolos y cero tolerancia a cualquier tipo de abuso: Natividad<\/span><\/a><\/p>\n","protected":false},"author":13,"featured_media":482663,"comment_status":"closed","ping_status":"open","sticky":false,"template":"","format":"standard","meta":{"rop_custom_images_group":[],"rop_custom_messages_group":[],"rop_publish_now":"initial","rop_publish_now_accounts":{"facebook_10159540855086992_322828327761733":""},"rop_publish_now_history":[],"rop_publish_now_status":"pending","footnotes":""},"categories":[181],"tags":[121],"class_list":["post-482661","post","type-post","status-publish","format-standard","has-post-thumbnail","hentry","category-huejutla","tag-huejutla","entry"],"_links":{"self":[{"href":"https:\/\/www.zunoticia.com\/noticias-de-hidalgo\/wp-json\/wp\/v2\/posts\/482661","targetHints":{"allow":["GET"]}}],"collection":[{"href":"https:\/\/www.zunoticia.com\/noticias-de-hidalgo\/wp-json\/wp\/v2\/posts"}],"about":[{"href":"https:\/\/www.zunoticia.com\/noticias-de-hidalgo\/wp-json\/wp\/v2\/types\/post"}],"author":[{"embeddable":true,"href":"https:\/\/www.zunoticia.com\/noticias-de-hidalgo\/wp-json\/wp\/v2\/users\/13"}],"replies":[{"embeddable":true,"href":"https:\/\/www.zunoticia.com\/noticias-de-hidalgo\/wp-json\/wp\/v2\/comments?post=482661"}],"version-history":[{"count":1,"href":"https:\/\/www.zunoticia.com\/noticias-de-hidalgo\/wp-json\/wp\/v2\/posts\/482661\/revisions"}],"predecessor-version":[{"id":482665,"href":"https:\/\/www.zunoticia.com\/noticias-de-hidalgo\/wp-json\/wp\/v2\/posts\/482661\/revisions\/482665"}],"wp:featuredmedia":[{"embeddable":true,"href":"https:\/\/www.zunoticia.com\/noticias-de-hidalgo\/wp-json\/wp\/v2\/media\/482663"}],"wp:attachment":[{"href":"https:\/\/www.zunoticia.com\/noticias-de-hidalgo\/wp-json\/wp\/v2\/media?parent=482661"}],"wp:term":[{"taxonomy":"category","embeddable":true,"href":"https:\/\/www.zunoticia.com\/noticias-de-hidalgo\/wp-json\/wp\/v2\/categories?post=482661"},{"taxonomy":"post_tag","embeddable":true,"href":"https:\/\/www.zunoticia.com\/noticias-de-hidalgo\/wp-json\/wp\/v2\/tags?post=482661"}],"curies":[{"name":"wp","href":"https:\/\/api.w.org\/{rel}","templated":true}]}}