{"id":482667,"date":"2023-05-21T13:53:04","date_gmt":"2023-05-21T19:53:04","guid":{"rendered":"https:\/\/www.zunoticia.com\/noticias-de-hidalgo\/?p=482667"},"modified":"2023-05-21T13:53:05","modified_gmt":"2023-05-21T19:53:05","slug":"los-pasillos-de-la-zona-del-laminado-ya-tienen-varias-semanas-sin-luz-nereo-ramirez-martinez","status":"publish","type":"post","link":"https:\/\/www.zunoticia.com\/noticias-de-hidalgo\/2023\/05\/21\/los-pasillos-de-la-zona-del-laminado-ya-tienen-varias-semanas-sin-luz-nereo-ramirez-martinez\/","title":{"rendered":"Los pasillos de la zona del laminado ya tienen varias semanas sin luz: Nereo Ram\u00edrez Mart\u00ednez"},"content":{"rendered":"<aside class=\"mashsb-container mashsb-main mashsb-stretched\"><div class=\"mashsb-box\"><div class=\"mashsb-count mash-large\" style=\"float:left\"><div class=\"counts mashsbcount\">1<\/div><span class=\"mashsb-sharetext\">SHARES<\/span><\/div><div class=\"mashsb-buttons\"><a class=\"mashicon-facebook mash-large mash-center mashsb-noshadow\" href=\"https:\/\/www.facebook.com\/sharer.php?u=https%3A%2F%2Fwww.zunoticia.com%2Fnoticias-de-hidalgo%2F2023%2F05%2F21%2Flos-pasillos-de-la-zona-del-laminado-ya-tienen-varias-semanas-sin-luz-nereo-ramirez-martinez%2F\" target=\"_top\" rel=\"nofollow\"><span class=\"icon\"><\/span><span class=\"text\">Share<\/span><\/a><a class=\"mashicon-twitter mash-large mash-center mashsb-noshadow\" href=\"https:\/\/twitter.com\/intent\/tweet?text=&amp;url=https:\/\/www.zunoticia.com\/noticias-de-hidalgo\/2023\/05\/21\/los-pasillos-de-la-zona-del-laminado-ya-tienen-varias-semanas-sin-luz-nereo-ramirez-martinez\/\" target=\"_top\" rel=\"nofollow\"><span class=\"icon\"><\/span><span class=\"text\">Tweet<\/span><\/a><div class=\"onoffswitch2 mash-large mashsb-noshadow\" style=\"display:none\"><\/div><\/div>\n            <\/div>\n                <div style=\"clear:both\"><\/div><div class=\"mashsb-toggle-container\"><\/div><\/aside>\n            <!-- Share buttons by mashshare.net - Version: 4.0.47-->\n<p><em>Por Salvador Altamirano\/Zunoticia<\/em><\/p>\n\n\n\n<p><strong>Huejutla, Hgo.-<\/strong> Comerciantes establecidos en la zona del laminado, sector del Mercado Municipal, expresaron p\u00fablicamente su preocupaci\u00f3n por que algunos pasillos del sector comercial no tienen luz, lo que genera que por las noches est\u00e9n en penumbras o completamente a oscuras.<\/p>\n\n\n\n<p>Agregaron que, con lo anterior, la zona comercial se encuentra vulnerable, ya que es utilizada por personas para realizar necesidades fisiol\u00f3gicas, actos imp\u00fadicos entre parejas, y es propensa para que los delincuentes hagan de las suyas, o sea, que cometan robos, lo cual se est\u00e1 generalizando en el sector de ventas.<\/p>\n\n\n<div class=\"wp-block-image\">\n<figure class=\"aligncenter size-large\"><img fetchpriority=\"high\" decoding=\"async\" width=\"461\" height=\"1024\" src=\"https:\/\/www.zunoticia.com\/noticias-de-hidalgo\/wp-content\/uploads\/2023\/05\/eZy-Watermark-21-05-2023-01-03-08-8090p.m.-461x1024.jpg\" alt=\"\" class=\"wp-image-482679\" srcset=\"https:\/\/www.zunoticia.com\/noticias-de-hidalgo\/wp-content\/uploads\/2023\/05\/eZy-Watermark-21-05-2023-01-03-08-8090p.m.-461x1024.jpg 461w, https:\/\/www.zunoticia.com\/noticias-de-hidalgo\/wp-content\/uploads\/2023\/05\/eZy-Watermark-21-05-2023-01-03-08-8090p.m.-135x300.jpg 135w, https:\/\/www.zunoticia.com\/noticias-de-hidalgo\/wp-content\/uploads\/2023\/05\/eZy-Watermark-21-05-2023-01-03-08-8090p.m.-691x1536.jpg 691w, https:\/\/www.zunoticia.com\/noticias-de-hidalgo\/wp-content\/uploads\/2023\/05\/eZy-Watermark-21-05-2023-01-03-08-8090p.m..jpg 720w\" sizes=\"(max-width: 461px) 100vw, 461px\" \/><\/figure>\n<\/div>\n\n\n<p>Por tal motivo, exhortan a la directora del Mercado Municipal, Lidia Vite Cruz, para que como responsable del complejo comercial tome cartas en el asunto, como se expresa de manera coloquial, ya que obligadamente debe de tener conocimiento de la problem\u00e1tica, acentuaron, pero no ha hecho nada al respecto.<\/p>\n\n\n\n<p>Por su parte, Nereo Ram\u00edrez Mart\u00ednez, locatario del sector, manifest\u00f3 que los pasillos del \u00e1rea del laminado ya tienen varias semanas sin iluminaci\u00f3n, por lo que por las noches est\u00e1n siendo utilizados como mingitorios, lo que se deduce por los hedores que emanan, aunado a que la oscuridad posibilita actos delictivos.<\/p>\n\n\n<div class=\"wp-block-image\">\n<figure class=\"aligncenter size-large\"><img decoding=\"async\" width=\"461\" height=\"1024\" src=\"https:\/\/www.zunoticia.com\/noticias-de-hidalgo\/wp-content\/uploads\/2023\/05\/eZy-Watermark-21-05-2023-01-03-29-5230p.m.-461x1024.jpg\" alt=\"\" class=\"wp-image-482678\" srcset=\"https:\/\/www.zunoticia.com\/noticias-de-hidalgo\/wp-content\/uploads\/2023\/05\/eZy-Watermark-21-05-2023-01-03-29-5230p.m.-461x1024.jpg 461w, https:\/\/www.zunoticia.com\/noticias-de-hidalgo\/wp-content\/uploads\/2023\/05\/eZy-Watermark-21-05-2023-01-03-29-5230p.m.-135x300.jpg 135w, https:\/\/www.zunoticia.com\/noticias-de-hidalgo\/wp-content\/uploads\/2023\/05\/eZy-Watermark-21-05-2023-01-03-29-5230p.m.-691x1536.jpg 691w, https:\/\/www.zunoticia.com\/noticias-de-hidalgo\/wp-content\/uploads\/2023\/05\/eZy-Watermark-21-05-2023-01-03-29-5230p.m..jpg 720w\" sizes=\"(max-width: 461px) 100vw, 461px\" \/><\/figure>\n<\/div>\n\n\n<p>Para finalizar, requiri\u00f3 la opini\u00f3n del mandatario municipal, en el sentido de qu\u00e9 pueden hacer para que les solucionen esa preocupante problem\u00e1tica, ya que quienes los representan, Jorge Lara Garc\u00eda y Nicol\u00e1s Lara Herrera, dirigentes de la UCLA y la UCTARH, respectivamente, no se han preocupado en lo m\u00e1s m\u00ednimo para gestionar la rehabilitaci\u00f3n del sistema de alumbrado interno.<\/p>\n","protected":false},"excerpt":{"rendered":"<p>Por Salvador Altamirano\/Zunoticia Huejutla, Hgo.- Comerciantes establecidos en la zona del laminado, sector del Mercado Municipal, expresaron p\u00fablicamente su preocupaci\u00f3n por que algunos pasillos del sector comercial no tienen luz, lo que genera que por las noches est\u00e9n en penumbras o completamente a oscuras. Agregaron que, con lo anterior, la zona comercial se encuentra vulnerable,&hellip; <a class=\"more-link\" href=\"https:\/\/www.zunoticia.com\/noticias-de-hidalgo\/2023\/05\/21\/los-pasillos-de-la-zona-del-laminado-ya-tienen-varias-semanas-sin-luz-nereo-ramirez-martinez\/\">Seguir leyendo <span class=\"screen-reader-text\">Los pasillos de la zona del laminado ya tienen varias semanas sin luz: Nereo Ram\u00edrez Mart\u00ednez<\/span><\/a><\/p>\n","protected":false},"author":12,"featured_media":482680,"comment_status":"closed","ping_status":"open","sticky":false,"template":"","format":"standard","meta":{"rop_custom_images_group":[],"rop_custom_messages_group":[],"rop_publish_now":"initial","rop_publish_now_accounts":{"facebook_10159540855086992_322828327761733":""},"rop_publish_now_history":[],"rop_publish_now_status":"pending","footnotes":""},"categories":[181],"tags":[121],"class_list":["post-482667","post","type-post","status-publish","format-standard","has-post-thumbnail","hentry","category-huejutla","tag-huejutla","entry"],"_links":{"self":[{"href":"https:\/\/www.zunoticia.com\/noticias-de-hidalgo\/wp-json\/wp\/v2\/posts\/482667","targetHints":{"allow":["GET"]}}],"collection":[{"href":"https:\/\/www.zunoticia.com\/noticias-de-hidalgo\/wp-json\/wp\/v2\/posts"}],"about":[{"href":"https:\/\/www.zunoticia.com\/noticias-de-hidalgo\/wp-json\/wp\/v2\/types\/post"}],"author":[{"embeddable":true,"href":"https:\/\/www.zunoticia.com\/noticias-de-hidalgo\/wp-json\/wp\/v2\/users\/12"}],"replies":[{"embeddable":true,"href":"https:\/\/www.zunoticia.com\/noticias-de-hidalgo\/wp-json\/wp\/v2\/comments?post=482667"}],"version-history":[{"count":1,"href":"https:\/\/www.zunoticia.com\/noticias-de-hidalgo\/wp-json\/wp\/v2\/posts\/482667\/revisions"}],"predecessor-version":[{"id":482683,"href":"https:\/\/www.zunoticia.com\/noticias-de-hidalgo\/wp-json\/wp\/v2\/posts\/482667\/revisions\/482683"}],"wp:featuredmedia":[{"embeddable":true,"href":"https:\/\/www.zunoticia.com\/noticias-de-hidalgo\/wp-json\/wp\/v2\/media\/482680"}],"wp:attachment":[{"href":"https:\/\/www.zunoticia.com\/noticias-de-hidalgo\/wp-json\/wp\/v2\/media?parent=482667"}],"wp:term":[{"taxonomy":"category","embeddable":true,"href":"https:\/\/www.zunoticia.com\/noticias-de-hidalgo\/wp-json\/wp\/v2\/categories?post=482667"},{"taxonomy":"post_tag","embeddable":true,"href":"https:\/\/www.zunoticia.com\/noticias-de-hidalgo\/wp-json\/wp\/v2\/tags?post=482667"}],"curies":[{"name":"wp","href":"https:\/\/api.w.org\/{rel}","templated":true}]}}