{"id":482668,"date":"2023-05-21T12:58:28","date_gmt":"2023-05-21T18:58:28","guid":{"rendered":"https:\/\/www.zunoticia.com\/noticias-de-hidalgo\/?p=482668"},"modified":"2023-05-21T12:58:30","modified_gmt":"2023-05-21T18:58:30","slug":"ayuntamiento-conmemoro-el-157-aniversario-de-la-gesta-heroica-de-antonio-reyes","status":"publish","type":"post","link":"https:\/\/www.zunoticia.com\/noticias-de-hidalgo\/2023\/05\/21\/ayuntamiento-conmemoro-el-157-aniversario-de-la-gesta-heroica-de-antonio-reyes\/","title":{"rendered":"Ayuntamiento conmemor\u00f3 el 157 aniversario de la gesta heroica de Antonio Reyes"},"content":{"rendered":"<aside class=\"mashsb-container mashsb-main mashsb-stretched\"><div class=\"mashsb-box\"><div class=\"mashsb-count mash-large\" style=\"float:left\"><div class=\"counts mashsbcount\">10<\/div><span class=\"mashsb-sharetext\">SHARES<\/span><\/div><div class=\"mashsb-buttons\"><a class=\"mashicon-facebook mash-large mash-center mashsb-noshadow\" href=\"https:\/\/www.facebook.com\/sharer.php?u=https%3A%2F%2Fwww.zunoticia.com%2Fnoticias-de-hidalgo%2F2023%2F05%2F21%2Fayuntamiento-conmemoro-el-157-aniversario-de-la-gesta-heroica-de-antonio-reyes%2F\" target=\"_top\" rel=\"nofollow\"><span class=\"icon\"><\/span><span class=\"text\">Share<\/span><\/a><a class=\"mashicon-twitter mash-large mash-center mashsb-noshadow\" href=\"https:\/\/twitter.com\/intent\/tweet?text=&amp;url=https:\/\/www.zunoticia.com\/noticias-de-hidalgo\/2023\/05\/21\/ayuntamiento-conmemoro-el-157-aniversario-de-la-gesta-heroica-de-antonio-reyes\/\" target=\"_top\" rel=\"nofollow\"><span class=\"icon\"><\/span><span class=\"text\">Tweet<\/span><\/a><div class=\"onoffswitch2 mash-large mashsb-noshadow\" style=\"display:none\"><\/div><\/div>\n            <\/div>\n                <div style=\"clear:both\"><\/div><div class=\"mashsb-toggle-container\"><\/div><\/aside>\n            <!-- Share buttons by mashshare.net - Version: 4.0.47-->\n<p><em>Por Salvador Altamirano\/Zunoticia<\/em><\/p>\n\n\n\n<p><strong>Huejutla, Hgo.-<\/strong> <a>El Ayuntamiento que preside Daniel Andrade Zurutuza, con solemne acto c\u00edvico conmemor\u00f3 la ma\u00f1ana de este domingo 21 de mayo, el 157 aniversario de la haza\u00f1a heroica de Antonio Reyes Cabrera &#8220;El Tordo&#8221;, y 22 valientes huastecos<\/a>, protagonizada el 21 de mayo de 1866 en la plaza principal de Huejutla.<\/p>\n\n\n\n<figure class=\"wp-block-image size-large\"><img fetchpriority=\"high\" decoding=\"async\" width=\"1024\" height=\"768\" src=\"https:\/\/www.zunoticia.com\/noticias-de-hidalgo\/wp-content\/uploads\/2023\/05\/eZy-Watermark-21-05-2023-12-44-05-5610p.m.-1024x768.jpg\" alt=\"\" class=\"wp-image-482673\" srcset=\"https:\/\/www.zunoticia.com\/noticias-de-hidalgo\/wp-content\/uploads\/2023\/05\/eZy-Watermark-21-05-2023-12-44-05-5610p.m.-1024x768.jpg 1024w, https:\/\/www.zunoticia.com\/noticias-de-hidalgo\/wp-content\/uploads\/2023\/05\/eZy-Watermark-21-05-2023-12-44-05-5610p.m.-300x225.jpg 300w, https:\/\/www.zunoticia.com\/noticias-de-hidalgo\/wp-content\/uploads\/2023\/05\/eZy-Watermark-21-05-2023-12-44-05-5610p.m.-768x576.jpg 768w, https:\/\/www.zunoticia.com\/noticias-de-hidalgo\/wp-content\/uploads\/2023\/05\/eZy-Watermark-21-05-2023-12-44-05-5610p.m.-1536x1152.jpg 1536w, https:\/\/www.zunoticia.com\/noticias-de-hidalgo\/wp-content\/uploads\/2023\/05\/eZy-Watermark-21-05-2023-12-44-05-5610p.m.-1568x1176.jpg 1568w, https:\/\/www.zunoticia.com\/noticias-de-hidalgo\/wp-content\/uploads\/2023\/05\/eZy-Watermark-21-05-2023-12-44-05-5610p.m..jpg 1600w\" sizes=\"(max-width: 1024px) 100vw, 1024px\" \/><\/figure>\n\n\n\n<p>El evento, que tuvo efecto a las 08:00 horas en la Plaza de la Revoluci\u00f3n Mexicana, inici\u00f3 con el cl\u00e1sico protocolo consistente en entonaci\u00f3n del Himno Nacional e izamiento del L\u00e1baro Patrio, el cual fue portado gallardamente por la escolta de la Secretar\u00eda de Seguridad P\u00fablica Municipal, cuyo director es el Comisario Leonilo Rodr\u00edguez, y entregado al alcalde para su izamiento.<\/p>\n\n\n\n<p>Correspondi\u00f3 al titular de la dependencia de Educaci\u00f3n Municipal, Leoncio Villegas Lara, dar lectura a la rese\u00f1a hist\u00f3rica del h\u00e9roe local, y tambi\u00e9n de La Reforma, quien ese fat\u00eddico d\u00eda ofrend\u00f3 su vida por defender los ideales de don Benito Ju\u00e1rez Garc\u00eda, quien pugnaba por constituir a M\u00e9xico en una Rep\u00fablica independiente.<\/p>\n\n\n\n<figure class=\"wp-block-image size-large\"><img decoding=\"async\" width=\"1024\" height=\"576\" src=\"https:\/\/www.zunoticia.com\/noticias-de-hidalgo\/wp-content\/uploads\/2023\/05\/eZy-Watermark-21-05-2023-12-44-19-7540p.m.-1024x576.jpg\" alt=\"\" class=\"wp-image-482672\" srcset=\"https:\/\/www.zunoticia.com\/noticias-de-hidalgo\/wp-content\/uploads\/2023\/05\/eZy-Watermark-21-05-2023-12-44-19-7540p.m.-1024x576.jpg 1024w, https:\/\/www.zunoticia.com\/noticias-de-hidalgo\/wp-content\/uploads\/2023\/05\/eZy-Watermark-21-05-2023-12-44-19-7540p.m.-300x169.jpg 300w, https:\/\/www.zunoticia.com\/noticias-de-hidalgo\/wp-content\/uploads\/2023\/05\/eZy-Watermark-21-05-2023-12-44-19-7540p.m.-768x432.jpg 768w, https:\/\/www.zunoticia.com\/noticias-de-hidalgo\/wp-content\/uploads\/2023\/05\/eZy-Watermark-21-05-2023-12-44-19-7540p.m.-1536x864.jpg 1536w, https:\/\/www.zunoticia.com\/noticias-de-hidalgo\/wp-content\/uploads\/2023\/05\/eZy-Watermark-21-05-2023-12-44-19-7540p.m.-1568x882.jpg 1568w, https:\/\/www.zunoticia.com\/noticias-de-hidalgo\/wp-content\/uploads\/2023\/05\/eZy-Watermark-21-05-2023-12-44-19-7540p.m..jpg 1600w\" sizes=\"(max-width: 1024px) 100vw, 1024px\" \/><\/figure>\n\n\n\n<p>Posterior a los honores patrios, la comitiva municipal e invitados se traslad\u00f3, de manera sucesiva, a la Plaza 21 de Mayo, colonia Capit\u00e1n Antonio Reyes (antes Barrio Arriba) y al acceso del pante\u00f3n central, en donde se encuentran monumentos del insigne patriota, para colocar ofrendas florales y hacer guardias de honor.<\/p>\n\n\n\n<figure class=\"wp-block-image size-large\"><img decoding=\"async\" width=\"1024\" height=\"768\" src=\"https:\/\/www.zunoticia.com\/noticias-de-hidalgo\/wp-content\/uploads\/2023\/05\/eZy-Watermark-21-05-2023-12-45-27-1390p.m.-1024x768.jpg\" alt=\"\" class=\"wp-image-482669\" srcset=\"https:\/\/www.zunoticia.com\/noticias-de-hidalgo\/wp-content\/uploads\/2023\/05\/eZy-Watermark-21-05-2023-12-45-27-1390p.m.-1024x768.jpg 1024w, https:\/\/www.zunoticia.com\/noticias-de-hidalgo\/wp-content\/uploads\/2023\/05\/eZy-Watermark-21-05-2023-12-45-27-1390p.m.-300x225.jpg 300w, https:\/\/www.zunoticia.com\/noticias-de-hidalgo\/wp-content\/uploads\/2023\/05\/eZy-Watermark-21-05-2023-12-45-27-1390p.m.-768x576.jpg 768w, https:\/\/www.zunoticia.com\/noticias-de-hidalgo\/wp-content\/uploads\/2023\/05\/eZy-Watermark-21-05-2023-12-45-27-1390p.m.-1536x1152.jpg 1536w, https:\/\/www.zunoticia.com\/noticias-de-hidalgo\/wp-content\/uploads\/2023\/05\/eZy-Watermark-21-05-2023-12-45-27-1390p.m.-1568x1176.jpg 1568w, https:\/\/www.zunoticia.com\/noticias-de-hidalgo\/wp-content\/uploads\/2023\/05\/eZy-Watermark-21-05-2023-12-45-27-1390p.m..jpg 1600w\" sizes=\"(max-width: 1024px) 100vw, 1024px\" \/><\/figure>\n\n\n\n<p>Es oportuno mencionar, que al tradicional e hist\u00f3rico evento acudieron alumnos de la &#8220;Escuela Primaria Antonio Reyes Cabrera&#8221;, cuyo director es Alejandro Mendoza Castel\u00e1n, ubicada en Barrio Arriba, en donde el ameritado patriota naci\u00f3 el 13 de junio de 1831.<\/p>\n\n\n\n<figure class=\"wp-block-image size-large\"><img loading=\"lazy\" decoding=\"async\" width=\"1024\" height=\"768\" src=\"https:\/\/www.zunoticia.com\/noticias-de-hidalgo\/wp-content\/uploads\/2023\/05\/eZy-Watermark-21-05-2023-12-45-01-6840p.m.-1024x768.jpg\" alt=\"\" class=\"wp-image-482670\" srcset=\"https:\/\/www.zunoticia.com\/noticias-de-hidalgo\/wp-content\/uploads\/2023\/05\/eZy-Watermark-21-05-2023-12-45-01-6840p.m.-1024x768.jpg 1024w, https:\/\/www.zunoticia.com\/noticias-de-hidalgo\/wp-content\/uploads\/2023\/05\/eZy-Watermark-21-05-2023-12-45-01-6840p.m.-300x225.jpg 300w, https:\/\/www.zunoticia.com\/noticias-de-hidalgo\/wp-content\/uploads\/2023\/05\/eZy-Watermark-21-05-2023-12-45-01-6840p.m.-768x576.jpg 768w, https:\/\/www.zunoticia.com\/noticias-de-hidalgo\/wp-content\/uploads\/2023\/05\/eZy-Watermark-21-05-2023-12-45-01-6840p.m.-1536x1152.jpg 1536w, https:\/\/www.zunoticia.com\/noticias-de-hidalgo\/wp-content\/uploads\/2023\/05\/eZy-Watermark-21-05-2023-12-45-01-6840p.m.-1568x1176.jpg 1568w, https:\/\/www.zunoticia.com\/noticias-de-hidalgo\/wp-content\/uploads\/2023\/05\/eZy-Watermark-21-05-2023-12-45-01-6840p.m..jpg 1600w\" sizes=\"(max-width: 1024px) 100vw, 1024px\" \/><\/figure>\n\n\n\n<p>As\u00ed mismo, hicieron acto de presencia el Secretario de Educaci\u00f3n P\u00fablica del Estado de Hidalgo, Natividad Castrej\u00f3n Valdez, el Mayor Noe Anaya Diaz representante del 84 Batall\u00f3n de Infanter\u00eda, directores de planteles educativos de educaci\u00f3n superior, regidores, funcionarios del Ayuntamiento e invitados especiales.<\/p>\n","protected":false},"excerpt":{"rendered":"<p>Por Salvador Altamirano\/Zunoticia Huejutla, Hgo.- El Ayuntamiento que preside Daniel Andrade Zurutuza, con solemne acto c\u00edvico conmemor\u00f3 la ma\u00f1ana de este domingo 21 de mayo, el 157 aniversario de la haza\u00f1a heroica de Antonio Reyes Cabrera &#8220;El Tordo&#8221;, y 22 valientes huastecos, protagonizada el 21 de mayo de 1866 en la plaza principal de Huejutla.&hellip; <a class=\"more-link\" href=\"https:\/\/www.zunoticia.com\/noticias-de-hidalgo\/2023\/05\/21\/ayuntamiento-conmemoro-el-157-aniversario-de-la-gesta-heroica-de-antonio-reyes\/\">Seguir leyendo <span class=\"screen-reader-text\">Ayuntamiento conmemor\u00f3 el 157 aniversario de la gesta heroica de Antonio Reyes<\/span><\/a><\/p>\n","protected":false},"author":12,"featured_media":482671,"comment_status":"closed","ping_status":"open","sticky":false,"template":"","format":"standard","meta":{"rop_custom_images_group":[],"rop_custom_messages_group":[],"rop_publish_now":"initial","rop_publish_now_accounts":{"facebook_10159540855086992_322828327761733":""},"rop_publish_now_history":[],"rop_publish_now_status":"pending","footnotes":""},"categories":[181],"tags":[121],"class_list":["post-482668","post","type-post","status-publish","format-standard","has-post-thumbnail","hentry","category-huejutla","tag-huejutla","entry"],"_links":{"self":[{"href":"https:\/\/www.zunoticia.com\/noticias-de-hidalgo\/wp-json\/wp\/v2\/posts\/482668","targetHints":{"allow":["GET"]}}],"collection":[{"href":"https:\/\/www.zunoticia.com\/noticias-de-hidalgo\/wp-json\/wp\/v2\/posts"}],"about":[{"href":"https:\/\/www.zunoticia.com\/noticias-de-hidalgo\/wp-json\/wp\/v2\/types\/post"}],"author":[{"embeddable":true,"href":"https:\/\/www.zunoticia.com\/noticias-de-hidalgo\/wp-json\/wp\/v2\/users\/12"}],"replies":[{"embeddable":true,"href":"https:\/\/www.zunoticia.com\/noticias-de-hidalgo\/wp-json\/wp\/v2\/comments?post=482668"}],"version-history":[{"count":1,"href":"https:\/\/www.zunoticia.com\/noticias-de-hidalgo\/wp-json\/wp\/v2\/posts\/482668\/revisions"}],"predecessor-version":[{"id":482674,"href":"https:\/\/www.zunoticia.com\/noticias-de-hidalgo\/wp-json\/wp\/v2\/posts\/482668\/revisions\/482674"}],"wp:featuredmedia":[{"embeddable":true,"href":"https:\/\/www.zunoticia.com\/noticias-de-hidalgo\/wp-json\/wp\/v2\/media\/482671"}],"wp:attachment":[{"href":"https:\/\/www.zunoticia.com\/noticias-de-hidalgo\/wp-json\/wp\/v2\/media?parent=482668"}],"wp:term":[{"taxonomy":"category","embeddable":true,"href":"https:\/\/www.zunoticia.com\/noticias-de-hidalgo\/wp-json\/wp\/v2\/categories?post=482668"},{"taxonomy":"post_tag","embeddable":true,"href":"https:\/\/www.zunoticia.com\/noticias-de-hidalgo\/wp-json\/wp\/v2\/tags?post=482668"}],"curies":[{"name":"wp","href":"https:\/\/api.w.org\/{rel}","templated":true}]}}