{"id":482700,"date":"2023-05-21T16:59:45","date_gmt":"2023-05-21T22:59:45","guid":{"rendered":"https:\/\/www.zunoticia.com\/noticias-de-hidalgo\/?p=482700"},"modified":"2023-05-21T16:59:46","modified_gmt":"2023-05-21T22:59:46","slug":"ofrenda-y-artesana-dos-obras-pictoricas-de-gran-relevancia-asistentes-a-la-galeria","status":"publish","type":"post","link":"https:\/\/www.zunoticia.com\/noticias-de-hidalgo\/2023\/05\/21\/ofrenda-y-artesana-dos-obras-pictoricas-de-gran-relevancia-asistentes-a-la-galeria\/","title":{"rendered":"&#8220;Ofrenda&#8221; y &#8220;Artesana&#8221;, dos obras pict\u00f3ricas de gran relevancia: Asistentes a la galer\u00eda"},"content":{"rendered":"<aside class=\"mashsb-container mashsb-main mashsb-stretched\"><div class=\"mashsb-box\"><div class=\"mashsb-count mash-large\" style=\"float:left\"><div class=\"counts mashsbcount\">39<\/div><span class=\"mashsb-sharetext\">SHARES<\/span><\/div><div class=\"mashsb-buttons\"><a class=\"mashicon-facebook mash-large mash-center mashsb-noshadow\" href=\"https:\/\/www.facebook.com\/sharer.php?u=https%3A%2F%2Fwww.zunoticia.com%2Fnoticias-de-hidalgo%2F2023%2F05%2F21%2Fofrenda-y-artesana-dos-obras-pictoricas-de-gran-relevancia-asistentes-a-la-galeria%2F\" target=\"_top\" rel=\"nofollow\"><span class=\"icon\"><\/span><span class=\"text\">Share<\/span><\/a><a class=\"mashicon-twitter mash-large mash-center mashsb-noshadow\" href=\"https:\/\/twitter.com\/intent\/tweet?text=&amp;url=https:\/\/www.zunoticia.com\/noticias-de-hidalgo\/2023\/05\/21\/ofrenda-y-artesana-dos-obras-pictoricas-de-gran-relevancia-asistentes-a-la-galeria\/\" target=\"_top\" rel=\"nofollow\"><span class=\"icon\"><\/span><span class=\"text\">Tweet<\/span><\/a><div class=\"onoffswitch2 mash-large mashsb-noshadow\" style=\"display:none\"><\/div><\/div>\n            <\/div>\n                <div style=\"clear:both\"><\/div><div class=\"mashsb-toggle-container\"><\/div><\/aside>\n            <!-- Share buttons by mashshare.net - Version: 4.0.47-->\n<p><em>Por Salvador Altamirano\/Zunoticia<\/em><\/p>\n\n\n\n<p><strong>Huejutla, Hgo.-<\/strong> En el marco de la conmemoraci\u00f3n del 157 aniversario de la haza\u00f1a de Antonio Reyes Cabrera, &#8220;El Tordo&#8221;, el Ayuntamiento que preside Daniel Andrade Zurutuza mont\u00f3 una galer\u00eda de arte pl\u00e1stico denominada &#8220;Rostros de mi Tierra&#8221;, donde acapararon la atenci\u00f3n de los asistentes dos obras de artistas locales: Gildardo Monta\u00f1o Espinoza y Crist\u00f3bal Hern\u00e1ndez.<\/p>\n\n\n\n<p>En todas las culturas, la &#8220;Ofrenda a la Madre Tierra&#8221; es entendida como el mayor acto de reciprocidad, como un verdadero momento de agradecimiento a la tierra que todo lo nutre, por todos los frutos que nos da d\u00eda a d\u00eda incansablemente, pero a la vez, es una s\u00faplica de futura abundancia.<\/p>\n\n\n\n<p>Por tal motivo, la obra pict\u00f3rica denominada &#8220;Ofrenda&#8221;, de Gildardo Monta\u00f1o, proyecta a una mujer con atuendo ind\u00edgena huasteco que, en un entorno agreste, a la vera de un r\u00edo, que ofrenda a la madre tierra, seg\u00fan el autor, un tamal llamado tapataxtle, frutas naturales y agua en un guaje, acomodados a modo de altar, precisamente sobre la tierra, adorn\u00e1ndolos con flor de cempoalx\u00f3chitl y una vela prendida que simboliza devoci\u00f3n y agradecimiento.<\/p>\n\n\n\n<figure class=\"wp-block-image size-large\"><img fetchpriority=\"high\" decoding=\"async\" width=\"768\" height=\"1024\" src=\"https:\/\/www.zunoticia.com\/noticias-de-hidalgo\/wp-content\/uploads\/2023\/05\/eZy-Watermark-21-05-2023-04-36-26-1360p.m.-768x1024.jpg\" alt=\"\" class=\"wp-image-482703\" srcset=\"https:\/\/www.zunoticia.com\/noticias-de-hidalgo\/wp-content\/uploads\/2023\/05\/eZy-Watermark-21-05-2023-04-36-26-1360p.m.-768x1024.jpg 768w, https:\/\/www.zunoticia.com\/noticias-de-hidalgo\/wp-content\/uploads\/2023\/05\/eZy-Watermark-21-05-2023-04-36-26-1360p.m.-225x300.jpg 225w, https:\/\/www.zunoticia.com\/noticias-de-hidalgo\/wp-content\/uploads\/2023\/05\/eZy-Watermark-21-05-2023-04-36-26-1360p.m..jpg 960w\" sizes=\"(max-width: 768px) 100vw, 768px\" \/><figcaption class=\"wp-element-caption\">Artesana de Chililico<\/figcaption><\/figure>\n\n\n\n<p>As\u00ed mismo, Crist\u00f3bal Hern\u00e1ndez expuso una magn\u00edfica pintura en la cual se observa a una mujer artesana de la comunidad de Chililico, fabricando objetos a mano con un sello personal, est\u00e9tico y de tradici\u00f3n cultural.<\/p>\n\n\n\n<p>Es oportuno subrayar que, todas las obras pl\u00e1sticas expuestas en la galer\u00eda son de reconocida calidad, pero la &#8220;Ofrenda&#8221; y la &#8220;Artesana&#8221;, por su creatividad fusionada con el pintoresco y singular folclor huasteco, fueron consideradas por los asistentes obras de &#8220;gran relevancia&#8221;.<\/p>\n","protected":false},"excerpt":{"rendered":"<p>Por Salvador Altamirano\/Zunoticia Huejutla, Hgo.- En el marco de la conmemoraci\u00f3n del 157 aniversario de la haza\u00f1a de Antonio Reyes Cabrera, &#8220;El Tordo&#8221;, el Ayuntamiento que preside Daniel Andrade Zurutuza mont\u00f3 una galer\u00eda de arte pl\u00e1stico denominada &#8220;Rostros de mi Tierra&#8221;, donde acapararon la atenci\u00f3n de los asistentes dos obras de artistas locales: Gildardo Monta\u00f1o&hellip; <a class=\"more-link\" href=\"https:\/\/www.zunoticia.com\/noticias-de-hidalgo\/2023\/05\/21\/ofrenda-y-artesana-dos-obras-pictoricas-de-gran-relevancia-asistentes-a-la-galeria\/\">Seguir leyendo <span class=\"screen-reader-text\">&#8220;Ofrenda&#8221; y &#8220;Artesana&#8221;, dos obras pict\u00f3ricas de gran relevancia: Asistentes a la galer\u00eda<\/span><\/a><\/p>\n","protected":false},"author":12,"featured_media":482701,"comment_status":"closed","ping_status":"open","sticky":false,"template":"","format":"standard","meta":{"rop_custom_images_group":[],"rop_custom_messages_group":[],"rop_publish_now":"initial","rop_publish_now_accounts":{"facebook_10159540855086992_322828327761733":""},"rop_publish_now_history":[],"rop_publish_now_status":"pending","footnotes":""},"categories":[181],"tags":[121],"class_list":["post-482700","post","type-post","status-publish","format-standard","has-post-thumbnail","hentry","category-huejutla","tag-huejutla","entry"],"_links":{"self":[{"href":"https:\/\/www.zunoticia.com\/noticias-de-hidalgo\/wp-json\/wp\/v2\/posts\/482700","targetHints":{"allow":["GET"]}}],"collection":[{"href":"https:\/\/www.zunoticia.com\/noticias-de-hidalgo\/wp-json\/wp\/v2\/posts"}],"about":[{"href":"https:\/\/www.zunoticia.com\/noticias-de-hidalgo\/wp-json\/wp\/v2\/types\/post"}],"author":[{"embeddable":true,"href":"https:\/\/www.zunoticia.com\/noticias-de-hidalgo\/wp-json\/wp\/v2\/users\/12"}],"replies":[{"embeddable":true,"href":"https:\/\/www.zunoticia.com\/noticias-de-hidalgo\/wp-json\/wp\/v2\/comments?post=482700"}],"version-history":[{"count":1,"href":"https:\/\/www.zunoticia.com\/noticias-de-hidalgo\/wp-json\/wp\/v2\/posts\/482700\/revisions"}],"predecessor-version":[{"id":482704,"href":"https:\/\/www.zunoticia.com\/noticias-de-hidalgo\/wp-json\/wp\/v2\/posts\/482700\/revisions\/482704"}],"wp:featuredmedia":[{"embeddable":true,"href":"https:\/\/www.zunoticia.com\/noticias-de-hidalgo\/wp-json\/wp\/v2\/media\/482701"}],"wp:attachment":[{"href":"https:\/\/www.zunoticia.com\/noticias-de-hidalgo\/wp-json\/wp\/v2\/media?parent=482700"}],"wp:term":[{"taxonomy":"category","embeddable":true,"href":"https:\/\/www.zunoticia.com\/noticias-de-hidalgo\/wp-json\/wp\/v2\/categories?post=482700"},{"taxonomy":"post_tag","embeddable":true,"href":"https:\/\/www.zunoticia.com\/noticias-de-hidalgo\/wp-json\/wp\/v2\/tags?post=482700"}],"curies":[{"name":"wp","href":"https:\/\/api.w.org\/{rel}","templated":true}]}}