{"id":482724,"date":"2023-05-21T18:42:17","date_gmt":"2023-05-22T00:42:17","guid":{"rendered":"https:\/\/www.zunoticia.com\/noticias-de-hidalgo\/?p=482724"},"modified":"2023-05-21T18:42:18","modified_gmt":"2023-05-22T00:42:18","slug":"alcalde-encabezo-cabalgata-de-festejos-del-ascension-del-senor","status":"publish","type":"post","link":"https:\/\/www.zunoticia.com\/noticias-de-hidalgo\/2023\/05\/21\/alcalde-encabezo-cabalgata-de-festejos-del-ascension-del-senor\/","title":{"rendered":"Alcalde encabez\u00f3 cabalgata de festejos del Ascensi\u00f3n del Se\u00f1or"},"content":{"rendered":"<aside class=\"mashsb-container mashsb-main mashsb-stretched\"><div class=\"mashsb-box\"><div class=\"mashsb-count mash-large\" style=\"float:left\"><div class=\"counts mashsbcount\">66<\/div><span class=\"mashsb-sharetext\">SHARES<\/span><\/div><div class=\"mashsb-buttons\"><a class=\"mashicon-facebook mash-large mash-center mashsb-noshadow\" href=\"https:\/\/www.facebook.com\/sharer.php?u=https%3A%2F%2Fwww.zunoticia.com%2Fnoticias-de-hidalgo%2F2023%2F05%2F21%2Falcalde-encabezo-cabalgata-de-festejos-del-ascension-del-senor%2F\" target=\"_top\" rel=\"nofollow\"><span class=\"icon\"><\/span><span class=\"text\">Share<\/span><\/a><a class=\"mashicon-twitter mash-large mash-center mashsb-noshadow\" href=\"https:\/\/twitter.com\/intent\/tweet?text=&amp;url=https:\/\/www.zunoticia.com\/noticias-de-hidalgo\/2023\/05\/21\/alcalde-encabezo-cabalgata-de-festejos-del-ascension-del-senor\/\" target=\"_top\" rel=\"nofollow\"><span class=\"icon\"><\/span><span class=\"text\">Tweet<\/span><\/a><div class=\"onoffswitch2 mash-large mashsb-noshadow\" style=\"display:none\"><\/div><\/div>\n            <\/div>\n                <div style=\"clear:both\"><\/div><div class=\"mashsb-toggle-container\"><\/div><\/aside>\n            <!-- Share buttons by mashshare.net - Version: 4.0.47-->\n<p><em>Por Roberto Meza\/Zunoticia<\/em><\/p>\n\n\n\n<p><strong>Huazalingo, Hgo.-<\/strong> El presidente municipal Julio C\u00e9sar Gonz\u00e1lez Garc\u00eda encabez\u00f3 una cabalgata en el marco de los festejos de la Ascensi\u00f3n del Se\u00f1or, esto como parte de la preservaci\u00f3n de las tradiciones y costumbres en todo el municipio.<\/p>\n\n\n\n<figure class=\"wp-block-image size-full\"><img fetchpriority=\"high\" decoding=\"async\" width=\"720\" height=\"480\" src=\"https:\/\/www.zunoticia.com\/noticias-de-hidalgo\/wp-content\/uploads\/2023\/05\/eZy-Watermark-21-05-2023-05-07-58-0320p.m..jpg\" alt=\"\" class=\"wp-image-482712\" srcset=\"https:\/\/www.zunoticia.com\/noticias-de-hidalgo\/wp-content\/uploads\/2023\/05\/eZy-Watermark-21-05-2023-05-07-58-0320p.m..jpg 720w, https:\/\/www.zunoticia.com\/noticias-de-hidalgo\/wp-content\/uploads\/2023\/05\/eZy-Watermark-21-05-2023-05-07-58-0320p.m.-300x200.jpg 300w\" sizes=\"(max-width: 720px) 100vw, 720px\" \/><\/figure>\n\n\n\n<p>En esta cabalgata acompa\u00f1aron al mandatario municipal su se\u00f1ora esposa Vanessa Mej\u00eda de Gonz\u00e1lez, el secretario municipal Homero S\u00e1nchez Coronel, entre otros funcionarios locales, adem\u00e1s de destacados actores pol\u00edticos del municipio y la regi\u00f3n Huasteca.<\/p>\n\n\n\n<figure class=\"wp-block-image size-full\"><img decoding=\"async\" width=\"720\" height=\"480\" src=\"https:\/\/www.zunoticia.com\/noticias-de-hidalgo\/wp-content\/uploads\/2023\/05\/eZy-Watermark-21-05-2023-05-08-12-8460p.m..jpg\" alt=\"\" class=\"wp-image-482711\" srcset=\"https:\/\/www.zunoticia.com\/noticias-de-hidalgo\/wp-content\/uploads\/2023\/05\/eZy-Watermark-21-05-2023-05-08-12-8460p.m..jpg 720w, https:\/\/www.zunoticia.com\/noticias-de-hidalgo\/wp-content\/uploads\/2023\/05\/eZy-Watermark-21-05-2023-05-08-12-8460p.m.-300x200.jpg 300w\" sizes=\"(max-width: 720px) 100vw, 720px\" \/><\/figure>\n\n\n\n<p>El presidente municipal al respecto destac\u00f3 que, esta cabalgata inici\u00f3 en la caseta polic\u00edaca en Tehuetl\u00e1n y prosigui\u00f3 hacia la cabecera municipal, evento que se vivi\u00f3 con gran emoci\u00f3n y participaci\u00f3n, as\u00ed mismo agreg\u00f3 que es importante preservar estas tradiciones que les legaron los ancestros.<\/p>\n\n\n\n<p>Por \u00faltimo, el edil inform\u00f3 que en todo el municipio se est\u00e1n proyectando estas tradiciones a trav\u00e9s de la entrega de apoyos.<\/p>\n","protected":false},"excerpt":{"rendered":"<p>Por Roberto Meza\/Zunoticia Huazalingo, Hgo.- El presidente municipal Julio C\u00e9sar Gonz\u00e1lez Garc\u00eda encabez\u00f3 una cabalgata en el marco de los festejos de la Ascensi\u00f3n del Se\u00f1or, esto como parte de la preservaci\u00f3n de las tradiciones y costumbres en todo el municipio. En esta cabalgata acompa\u00f1aron al mandatario municipal su se\u00f1ora esposa Vanessa Mej\u00eda de Gonz\u00e1lez,&hellip; <a class=\"more-link\" href=\"https:\/\/www.zunoticia.com\/noticias-de-hidalgo\/2023\/05\/21\/alcalde-encabezo-cabalgata-de-festejos-del-ascension-del-senor\/\">Seguir leyendo <span class=\"screen-reader-text\">Alcalde encabez\u00f3 cabalgata de festejos del Ascensi\u00f3n del Se\u00f1or<\/span><\/a><\/p>\n","protected":false},"author":12,"featured_media":482713,"comment_status":"closed","ping_status":"open","sticky":false,"template":"","format":"standard","meta":{"rop_custom_images_group":[],"rop_custom_messages_group":[],"rop_publish_now":"initial","rop_publish_now_accounts":{"facebook_10159540855086992_322828327761733":""},"rop_publish_now_history":[],"rop_publish_now_status":"pending","footnotes":""},"categories":[179,212],"tags":[138],"class_list":["post-482724","post","type-post","status-publish","format-standard","has-post-thumbnail","hentry","category-huasteca","category-huazalingo","tag-huazalingo","entry"],"_links":{"self":[{"href":"https:\/\/www.zunoticia.com\/noticias-de-hidalgo\/wp-json\/wp\/v2\/posts\/482724","targetHints":{"allow":["GET"]}}],"collection":[{"href":"https:\/\/www.zunoticia.com\/noticias-de-hidalgo\/wp-json\/wp\/v2\/posts"}],"about":[{"href":"https:\/\/www.zunoticia.com\/noticias-de-hidalgo\/wp-json\/wp\/v2\/types\/post"}],"author":[{"embeddable":true,"href":"https:\/\/www.zunoticia.com\/noticias-de-hidalgo\/wp-json\/wp\/v2\/users\/12"}],"replies":[{"embeddable":true,"href":"https:\/\/www.zunoticia.com\/noticias-de-hidalgo\/wp-json\/wp\/v2\/comments?post=482724"}],"version-history":[{"count":1,"href":"https:\/\/www.zunoticia.com\/noticias-de-hidalgo\/wp-json\/wp\/v2\/posts\/482724\/revisions"}],"predecessor-version":[{"id":482725,"href":"https:\/\/www.zunoticia.com\/noticias-de-hidalgo\/wp-json\/wp\/v2\/posts\/482724\/revisions\/482725"}],"wp:featuredmedia":[{"embeddable":true,"href":"https:\/\/www.zunoticia.com\/noticias-de-hidalgo\/wp-json\/wp\/v2\/media\/482713"}],"wp:attachment":[{"href":"https:\/\/www.zunoticia.com\/noticias-de-hidalgo\/wp-json\/wp\/v2\/media?parent=482724"}],"wp:term":[{"taxonomy":"category","embeddable":true,"href":"https:\/\/www.zunoticia.com\/noticias-de-hidalgo\/wp-json\/wp\/v2\/categories?post=482724"},{"taxonomy":"post_tag","embeddable":true,"href":"https:\/\/www.zunoticia.com\/noticias-de-hidalgo\/wp-json\/wp\/v2\/tags?post=482724"}],"curies":[{"name":"wp","href":"https:\/\/api.w.org\/{rel}","templated":true}]}}