{"id":482728,"date":"2023-05-21T19:22:32","date_gmt":"2023-05-22T01:22:32","guid":{"rendered":"https:\/\/www.zunoticia.com\/noticias-de-hidalgo\/?p=482728"},"modified":"2023-05-21T19:25:15","modified_gmt":"2023-05-22T01:25:15","slug":"celebraron-dia-de-las-madres-del-padre-y-del-estudiante","status":"publish","type":"post","link":"https:\/\/www.zunoticia.com\/noticias-de-hidalgo\/2023\/05\/21\/celebraron-dia-de-las-madres-del-padre-y-del-estudiante\/","title":{"rendered":"Celebraron D\u00eda de las Madres, del Padre y del Estudiante"},"content":{"rendered":"<aside class=\"mashsb-container mashsb-main mashsb-stretched\"><div class=\"mashsb-box\"><div class=\"mashsb-count mash-large\" style=\"float:left\"><div class=\"counts mashsbcount\">48<\/div><span class=\"mashsb-sharetext\">SHARES<\/span><\/div><div class=\"mashsb-buttons\"><a class=\"mashicon-facebook mash-large mash-center mashsb-noshadow\" href=\"https:\/\/www.facebook.com\/sharer.php?u=https%3A%2F%2Fwww.zunoticia.com%2Fnoticias-de-hidalgo%2F2023%2F05%2F21%2Fcelebraron-dia-de-las-madres-del-padre-y-del-estudiante%2F\" target=\"_top\" rel=\"nofollow\"><span class=\"icon\"><\/span><span class=\"text\">Share<\/span><\/a><a class=\"mashicon-twitter mash-large mash-center mashsb-noshadow\" href=\"https:\/\/twitter.com\/intent\/tweet?text=&amp;url=https:\/\/www.zunoticia.com\/noticias-de-hidalgo\/2023\/05\/21\/celebraron-dia-de-las-madres-del-padre-y-del-estudiante\/\" target=\"_top\" rel=\"nofollow\"><span class=\"icon\"><\/span><span class=\"text\">Tweet<\/span><\/a><div class=\"onoffswitch2 mash-large mashsb-noshadow\" style=\"display:none\"><\/div><\/div>\n            <\/div>\n                <div style=\"clear:both\"><\/div><div class=\"mashsb-toggle-container\"><\/div><\/aside>\n            <!-- Share buttons by mashshare.net - Version: 4.0.47-->\n<p><em>Por Roberto Meza\/Zunoticia<\/em><\/p>\n\n\n\n<p><strong>Yahualica, Hgo.- <\/strong>Con la finalidad de reconocer a todas las mam\u00e1s, pap\u00e1s y alumnos del Cemsad Cobaeh plantel cabecera municipal, festejaron el &#8220;D\u00eda de la Madres, de los Padres y del Estudiante&#8221;, en donde se llev\u00f3 a cabo un evento art\u00edstico cultural, adem\u00e1s entregaron regalos y se realiz\u00f3 una convivencia con todos como parte de la tradiciones y costumbres de esa instituci\u00f3n educativa.<\/p>\n\n\n\n<figure class=\"wp-block-image size-full\"><img fetchpriority=\"high\" decoding=\"async\" width=\"720\" height=\"441\" src=\"https:\/\/www.zunoticia.com\/noticias-de-hidalgo\/wp-content\/uploads\/2023\/05\/eZy-Watermark-21-05-2023-05-08-31-2340p.m..jpg\" alt=\"\" class=\"wp-image-482710\" srcset=\"https:\/\/www.zunoticia.com\/noticias-de-hidalgo\/wp-content\/uploads\/2023\/05\/eZy-Watermark-21-05-2023-05-08-31-2340p.m..jpg 720w, https:\/\/www.zunoticia.com\/noticias-de-hidalgo\/wp-content\/uploads\/2023\/05\/eZy-Watermark-21-05-2023-05-08-31-2340p.m.-300x184.jpg 300w\" sizes=\"(max-width: 720px) 100vw, 720px\" \/><\/figure>\n\n\n\n<p>Fue este domingo que se desarrollaron los festejos en la galera de esa escuela, en donde pudieron convivir las madres, padres y alumnos, quienes participaron en las rifas, concursos y dem\u00e1s actividades organizadas y recibieron regalos por parte de los organizadores.<\/p>\n\n\n\n<figure class=\"wp-block-image size-full\"><img decoding=\"async\" width=\"720\" height=\"507\" src=\"https:\/\/www.zunoticia.com\/noticias-de-hidalgo\/wp-content\/uploads\/2023\/05\/eZy-Watermark-21-05-2023-05-38-25-6980p.m..jpg\" alt=\"\" class=\"wp-image-482708\" srcset=\"https:\/\/www.zunoticia.com\/noticias-de-hidalgo\/wp-content\/uploads\/2023\/05\/eZy-Watermark-21-05-2023-05-38-25-6980p.m..jpg 720w, https:\/\/www.zunoticia.com\/noticias-de-hidalgo\/wp-content\/uploads\/2023\/05\/eZy-Watermark-21-05-2023-05-38-25-6980p.m.-300x211.jpg 300w\" sizes=\"(max-width: 720px) 100vw, 720px\" \/><\/figure>\n\n\n\n<p>La directora de ese plantel maestra Leyva L\u00f3pez Zavala, agreg\u00f3 que con toda oportunidad se prepararon para llevar a cabo tan importante evento en donde se entregaron muchos presentes a los festejados, reconociendo as\u00ed tan importante labor que realizan todos ellos.<\/p>\n\n\n\n<figure class=\"wp-block-image size-full\"><img decoding=\"async\" width=\"720\" height=\"478\" src=\"https:\/\/www.zunoticia.com\/noticias-de-hidalgo\/wp-content\/uploads\/2023\/05\/eZy-Watermark-21-05-2023-05-38-44-4870p.m..jpg\" alt=\"\" class=\"wp-image-482707\" srcset=\"https:\/\/www.zunoticia.com\/noticias-de-hidalgo\/wp-content\/uploads\/2023\/05\/eZy-Watermark-21-05-2023-05-38-44-4870p.m..jpg 720w, https:\/\/www.zunoticia.com\/noticias-de-hidalgo\/wp-content\/uploads\/2023\/05\/eZy-Watermark-21-05-2023-05-38-44-4870p.m.-300x199.jpg 300w\" sizes=\"(max-width: 720px) 100vw, 720px\" \/><\/figure>\n","protected":false},"excerpt":{"rendered":"<p>Por Roberto Meza\/Zunoticia Yahualica, Hgo.- Con la finalidad de reconocer a todas las mam\u00e1s, pap\u00e1s y alumnos del Cemsad Cobaeh plantel cabecera municipal, festejaron el &#8220;D\u00eda de la Madres, de los Padres y del Estudiante&#8221;, en donde se llev\u00f3 a cabo un evento art\u00edstico cultural, adem\u00e1s entregaron regalos y se realiz\u00f3 una convivencia con todos&hellip; <a class=\"more-link\" href=\"https:\/\/www.zunoticia.com\/noticias-de-hidalgo\/2023\/05\/21\/celebraron-dia-de-las-madres-del-padre-y-del-estudiante\/\">Seguir leyendo <span class=\"screen-reader-text\">Celebraron D\u00eda de las Madres, del Padre y del Estudiante<\/span><\/a><\/p>\n","protected":false},"author":12,"featured_media":482709,"comment_status":"closed","ping_status":"open","sticky":false,"template":"","format":"standard","meta":{"rop_custom_images_group":[],"rop_custom_messages_group":[],"rop_publish_now":"initial","rop_publish_now_accounts":{"facebook_10159540855086992_322828327761733":""},"rop_publish_now_history":[],"rop_publish_now_status":"pending","footnotes":""},"categories":[179,203],"tags":[123],"class_list":["post-482728","post","type-post","status-publish","format-standard","has-post-thumbnail","hentry","category-huasteca","category-yahualica","tag-yahualica","entry"],"_links":{"self":[{"href":"https:\/\/www.zunoticia.com\/noticias-de-hidalgo\/wp-json\/wp\/v2\/posts\/482728","targetHints":{"allow":["GET"]}}],"collection":[{"href":"https:\/\/www.zunoticia.com\/noticias-de-hidalgo\/wp-json\/wp\/v2\/posts"}],"about":[{"href":"https:\/\/www.zunoticia.com\/noticias-de-hidalgo\/wp-json\/wp\/v2\/types\/post"}],"author":[{"embeddable":true,"href":"https:\/\/www.zunoticia.com\/noticias-de-hidalgo\/wp-json\/wp\/v2\/users\/12"}],"replies":[{"embeddable":true,"href":"https:\/\/www.zunoticia.com\/noticias-de-hidalgo\/wp-json\/wp\/v2\/comments?post=482728"}],"version-history":[{"count":2,"href":"https:\/\/www.zunoticia.com\/noticias-de-hidalgo\/wp-json\/wp\/v2\/posts\/482728\/revisions"}],"predecessor-version":[{"id":482734,"href":"https:\/\/www.zunoticia.com\/noticias-de-hidalgo\/wp-json\/wp\/v2\/posts\/482728\/revisions\/482734"}],"wp:featuredmedia":[{"embeddable":true,"href":"https:\/\/www.zunoticia.com\/noticias-de-hidalgo\/wp-json\/wp\/v2\/media\/482709"}],"wp:attachment":[{"href":"https:\/\/www.zunoticia.com\/noticias-de-hidalgo\/wp-json\/wp\/v2\/media?parent=482728"}],"wp:term":[{"taxonomy":"category","embeddable":true,"href":"https:\/\/www.zunoticia.com\/noticias-de-hidalgo\/wp-json\/wp\/v2\/categories?post=482728"},{"taxonomy":"post_tag","embeddable":true,"href":"https:\/\/www.zunoticia.com\/noticias-de-hidalgo\/wp-json\/wp\/v2\/tags?post=482728"}],"curies":[{"name":"wp","href":"https:\/\/api.w.org\/{rel}","templated":true}]}}