{"id":482754,"date":"2023-05-21T20:24:11","date_gmt":"2023-05-22T02:24:11","guid":{"rendered":"https:\/\/www.zunoticia.com\/noticias-de-hidalgo\/?p=482754"},"modified":"2023-05-21T20:24:12","modified_gmt":"2023-05-22T02:24:12","slug":"avanza-sistema-difh-con-el-fortalecimiento-de-los-smdif-de-la-sierra-hidalguense","status":"publish","type":"post","link":"https:\/\/www.zunoticia.com\/noticias-de-hidalgo\/2023\/05\/21\/avanza-sistema-difh-con-el-fortalecimiento-de-los-smdif-de-la-sierra-hidalguense\/","title":{"rendered":"Avanza Sistema DIFH con el fortalecimiento de los SMDIF de la Sierra Hidalguense"},"content":{"rendered":"<aside class=\"mashsb-container mashsb-main mashsb-stretched\"><div class=\"mashsb-box\"><div class=\"mashsb-count mash-large\" style=\"float:left\"><div class=\"counts mashsbcount\">38<\/div><span class=\"mashsb-sharetext\">SHARES<\/span><\/div><div class=\"mashsb-buttons\"><a class=\"mashicon-facebook mash-large mash-center mashsb-noshadow\" href=\"https:\/\/www.facebook.com\/sharer.php?u=https%3A%2F%2Fwww.zunoticia.com%2Fnoticias-de-hidalgo%2F2023%2F05%2F21%2Favanza-sistema-difh-con-el-fortalecimiento-de-los-smdif-de-la-sierra-hidalguense%2F\" target=\"_top\" rel=\"nofollow\"><span class=\"icon\"><\/span><span class=\"text\">Share<\/span><\/a><a class=\"mashicon-twitter mash-large mash-center mashsb-noshadow\" href=\"https:\/\/twitter.com\/intent\/tweet?text=&amp;url=https:\/\/www.zunoticia.com\/noticias-de-hidalgo\/2023\/05\/21\/avanza-sistema-difh-con-el-fortalecimiento-de-los-smdif-de-la-sierra-hidalguense\/\" target=\"_top\" rel=\"nofollow\"><span class=\"icon\"><\/span><span class=\"text\">Tweet<\/span><\/a><div class=\"onoffswitch2 mash-large mashsb-noshadow\" style=\"display:none\"><\/div><\/div>\n            <\/div>\n                <div style=\"clear:both\"><\/div><div class=\"mashsb-toggle-container\"><\/div><\/aside>\n            <!-- Share buttons by mashshare.net - Version: 4.0.47-->\n<ul class=\"wp-block-list\">\n<li>Edda Vite sostuvo una mesa de trabajo con autoridades de los 11 SMDIF de la Regi\u00f3n 9. \u00a0\u00a0<\/li>\n<\/ul>\n\n\n\n<p><em>Por Redacci\u00f3n\/Zunoticia<\/em><\/p>\n\n\n\n<p><strong>Pachuca, Hgo.- <\/strong>La presidente del Patronato del DIFH, Edda Vite, en compa\u00f1\u00eda de Javier Rodr\u00edguez, titular del Sistema estatal, encabezaron la s\u00e9ptima Reuni\u00f3n Regional para el Fortalecimiento de los SMDIF con cabecera en Zacualtip\u00e1n de \u00c1ngeles.<\/p>\n\n\n\n<p>En la biblioteca de la Universidad Tecnol\u00f3gica de la Sierra Hidalguense, se cont\u00f3 con la presencia del rector, Beder Rodr\u00edguez Villegas, as\u00ed como con la participaci\u00f3n de las presidentas y titulares de los Sistemas de Atotonilco el Grande, Eloxochitl\u00e1n Ju\u00e1rez Hidalgo, Molango de Escamilla, Tepehuac\u00e1n de Guerrero, Metztitl\u00e1n, San Agust\u00edn Metzquititl\u00e1n, Tlahuilltepa, Tianguistengo, Xochicoatl\u00e1n y del municipio anfitri\u00f3n.<\/p>\n\n\n\n<p>En su mensaje, Edda Vite exhort\u00f3 a las presidentas de los DIF de la Regi\u00f3n 9 a reconocer las fortalezas de sus municipios para incrementar la adquisici\u00f3n e implementaci\u00f3n de recursos, y trabajar en equipo con las cabezas municipales para dar respuesta a las necesidades y requerimientos de los grupos prioritarios de esta zona de la entidad.<\/p>\n\n\n\n<figure class=\"wp-block-image size-large\"><img fetchpriority=\"high\" decoding=\"async\" width=\"1024\" height=\"682\" src=\"https:\/\/www.zunoticia.com\/noticias-de-hidalgo\/wp-content\/uploads\/2023\/05\/eZy-Watermark-21-05-2023-08-15-55-1850p.m.-1024x682.jpg\" alt=\"\" class=\"wp-image-482762\" srcset=\"https:\/\/www.zunoticia.com\/noticias-de-hidalgo\/wp-content\/uploads\/2023\/05\/eZy-Watermark-21-05-2023-08-15-55-1850p.m.-1024x682.jpg 1024w, https:\/\/www.zunoticia.com\/noticias-de-hidalgo\/wp-content\/uploads\/2023\/05\/eZy-Watermark-21-05-2023-08-15-55-1850p.m.-300x200.jpg 300w, https:\/\/www.zunoticia.com\/noticias-de-hidalgo\/wp-content\/uploads\/2023\/05\/eZy-Watermark-21-05-2023-08-15-55-1850p.m.-768x512.jpg 768w, https:\/\/www.zunoticia.com\/noticias-de-hidalgo\/wp-content\/uploads\/2023\/05\/eZy-Watermark-21-05-2023-08-15-55-1850p.m..jpg 1280w\" sizes=\"(max-width: 1024px) 100vw, 1024px\" \/><\/figure>\n\n\n\n<p>\u201cTenemos que caminar de la mano, tienen que darse cuenta de las riquezas de sus municipios para hacer frente a las exigencias; ese es el objetivo: que den cuenta del potencial que sus sistemas tienen\u201d, indic\u00f3.<\/p>\n\n\n\n<p>Uno de los puntos relevantes dentro de la reuni\u00f3n fue la pol\u00edtica de apoyo constante y garant\u00eda del acceso a servicios integrales de inclusi\u00f3n e independencia para poblaci\u00f3n discapacitada, a trav\u00e9s de las gestiones realizadas por la presidente del patronato, Edda Vite, con el Sistema Nacional DIF.<\/p>\n\n\n\n<p>Esto, porque a trav\u00e9s de dichas acciones fue posible el reequipamiento de las Unidades B\u00e1sicas de Rehabilitaci\u00f3n (UBR) de los municipios de Molango, Atotonilco el Grande y Tepehuac\u00e1n de Guerrero.<\/p>\n\n\n\n<p>Tambi\u00e9n se dio seguimiento a la labor realizada por el \u00e1rea de Alimentaci\u00f3n y Desarrollo Comunitario, que inform\u00f3 un total de 14 mil ni\u00f1as y ni\u00f1os beneficiados con el programa de Desayunos Escolares; se abord\u00f3 el tema del proceso para migrar el modelo de asistencia de desayuno fr\u00edo a caliente, con el fin de aumentar el valor nutricional brindado a la ni\u00f1ez de la Regi\u00f3n 9.<\/p>\n\n\n\n<p>Al t\u00e9rmino de las ponencias, el titular del Sistema DIF Hidalgo, Javier Rodr\u00edguez, hizo una invitaci\u00f3n a la reflexi\u00f3n para coordinar acciones y cooperar entre los \u00f3rdenes de gobierno, municipal y estatal, con el objetivo de profesionalizar y dignificar la atenci\u00f3n para los grupos prioritarios de la Sierra:<\/p>\n\n\n\n<p>\u201cSomos la instituci\u00f3n m\u00e1s noble que atiende al sector m\u00e1s vulnerable. Esas \u00e1reas de oportunidad las vamos a resolver de esta manera, sent\u00e1ndonos a platicar, llevando proyectos espec\u00edficos para saber d\u00f3nde necesitamos invertir&#8221;, indic\u00f3.<\/p>\n\n\n\n<p>Como es habitual, las presidentes de los SMDIF tuvieron oportunidad de intercambiar perspectivas y experiencias sobre la labor de los Sistemas, al tiempo que recibieron retroalimentaci\u00f3n del equipo de trabajo de Edda Vite sobre los modelos y programas expuestos durante la Reuni\u00f3n Regional.<\/p>\n","protected":false},"excerpt":{"rendered":"<p>Por Redacci\u00f3n\/Zunoticia Pachuca, Hgo.- La presidente del Patronato del DIFH, Edda Vite, en compa\u00f1\u00eda de Javier Rodr\u00edguez, titular del Sistema estatal, encabezaron la s\u00e9ptima Reuni\u00f3n Regional para el Fortalecimiento de los SMDIF con cabecera en Zacualtip\u00e1n de \u00c1ngeles. En la biblioteca de la Universidad Tecnol\u00f3gica de la Sierra Hidalguense, se cont\u00f3 con la presencia del&hellip; <a class=\"more-link\" href=\"https:\/\/www.zunoticia.com\/noticias-de-hidalgo\/2023\/05\/21\/avanza-sistema-difh-con-el-fortalecimiento-de-los-smdif-de-la-sierra-hidalguense\/\">Seguir leyendo <span class=\"screen-reader-text\">Avanza Sistema DIFH con el fortalecimiento de los SMDIF de la Sierra Hidalguense<\/span><\/a><\/p>\n","protected":false},"author":12,"featured_media":482758,"comment_status":"closed","ping_status":"open","sticky":false,"template":"","format":"standard","meta":{"rop_custom_images_group":[],"rop_custom_messages_group":[],"rop_publish_now":"initial","rop_publish_now_accounts":{"facebook_10159540855086992_322828327761733":""},"rop_publish_now_history":[],"rop_publish_now_status":"pending","footnotes":""},"categories":[208],"tags":[214],"class_list":["post-482754","post","type-post","status-publish","format-standard","has-post-thumbnail","hentry","category-estado","tag-estado","entry"],"_links":{"self":[{"href":"https:\/\/www.zunoticia.com\/noticias-de-hidalgo\/wp-json\/wp\/v2\/posts\/482754","targetHints":{"allow":["GET"]}}],"collection":[{"href":"https:\/\/www.zunoticia.com\/noticias-de-hidalgo\/wp-json\/wp\/v2\/posts"}],"about":[{"href":"https:\/\/www.zunoticia.com\/noticias-de-hidalgo\/wp-json\/wp\/v2\/types\/post"}],"author":[{"embeddable":true,"href":"https:\/\/www.zunoticia.com\/noticias-de-hidalgo\/wp-json\/wp\/v2\/users\/12"}],"replies":[{"embeddable":true,"href":"https:\/\/www.zunoticia.com\/noticias-de-hidalgo\/wp-json\/wp\/v2\/comments?post=482754"}],"version-history":[{"count":1,"href":"https:\/\/www.zunoticia.com\/noticias-de-hidalgo\/wp-json\/wp\/v2\/posts\/482754\/revisions"}],"predecessor-version":[{"id":482767,"href":"https:\/\/www.zunoticia.com\/noticias-de-hidalgo\/wp-json\/wp\/v2\/posts\/482754\/revisions\/482767"}],"wp:featuredmedia":[{"embeddable":true,"href":"https:\/\/www.zunoticia.com\/noticias-de-hidalgo\/wp-json\/wp\/v2\/media\/482758"}],"wp:attachment":[{"href":"https:\/\/www.zunoticia.com\/noticias-de-hidalgo\/wp-json\/wp\/v2\/media?parent=482754"}],"wp:term":[{"taxonomy":"category","embeddable":true,"href":"https:\/\/www.zunoticia.com\/noticias-de-hidalgo\/wp-json\/wp\/v2\/categories?post=482754"},{"taxonomy":"post_tag","embeddable":true,"href":"https:\/\/www.zunoticia.com\/noticias-de-hidalgo\/wp-json\/wp\/v2\/tags?post=482754"}],"curies":[{"name":"wp","href":"https:\/\/api.w.org\/{rel}","templated":true}]}}