{"id":482774,"date":"2023-05-21T20:43:41","date_gmt":"2023-05-22T02:43:41","guid":{"rendered":"https:\/\/www.zunoticia.com\/noticias-de-hidalgo\/?p=482774"},"modified":"2023-05-21T20:43:42","modified_gmt":"2023-05-22T02:43:42","slug":"atitalaquia-sede-de-la-feria-de-empleo-regional","status":"publish","type":"post","link":"https:\/\/www.zunoticia.com\/noticias-de-hidalgo\/2023\/05\/21\/atitalaquia-sede-de-la-feria-de-empleo-regional\/","title":{"rendered":"Atitalaquia sede de la Feria de Empleo Regional"},"content":{"rendered":"<aside class=\"mashsb-container mashsb-main mashsb-stretched\"><div class=\"mashsb-box\"><div class=\"mashsb-count mash-large\" style=\"float:left\"><div class=\"counts mashsbcount\">17<\/div><span class=\"mashsb-sharetext\">SHARES<\/span><\/div><div class=\"mashsb-buttons\"><a class=\"mashicon-facebook mash-large mash-center mashsb-noshadow\" href=\"https:\/\/www.facebook.com\/sharer.php?u=https%3A%2F%2Fwww.zunoticia.com%2Fnoticias-de-hidalgo%2F2023%2F05%2F21%2Fatitalaquia-sede-de-la-feria-de-empleo-regional%2F\" target=\"_top\" rel=\"nofollow\"><span class=\"icon\"><\/span><span class=\"text\">Share<\/span><\/a><a class=\"mashicon-twitter mash-large mash-center mashsb-noshadow\" href=\"https:\/\/twitter.com\/intent\/tweet?text=&amp;url=https:\/\/www.zunoticia.com\/noticias-de-hidalgo\/2023\/05\/21\/atitalaquia-sede-de-la-feria-de-empleo-regional\/\" target=\"_top\" rel=\"nofollow\"><span class=\"icon\"><\/span><span class=\"text\">Tweet<\/span><\/a><div class=\"onoffswitch2 mash-large mashsb-noshadow\" style=\"display:none\"><\/div><\/div>\n            <\/div>\n                <div style=\"clear:both\"><\/div><div class=\"mashsb-toggle-container\"><\/div><\/aside>\n            <!-- Share buttons by mashshare.net - Version: 4.0.47-->\n<ul class=\"wp-block-list\">\n<li>La STPSH, a trav\u00e9s del Servicio Nacional de Empleo Hidalgo (SNEH), ha realizado ferias de empleo en Tepeji del R\u00edo, Atlapexco y Cuautepec.<\/li>\n\n\n\n<li>Las ferias de empleo son un mecanismo con el cual se busca apoyar, incentivar y promover empleos estables y bien remunerados.<\/li>\n<\/ul>\n\n\n\n<p><em>Por Redacci\u00f3n\/Zunoticia<\/em><\/p>\n\n\n\n<p><strong>Mineral de la Reforma, Hgo.-<\/strong> El pr\u00f3ximo 25 de mayo, en el municipio de Atitalaquia, se llevar\u00e1 a cabo la Feria de Empleo Regional con una participaci\u00f3n de al menos 18 empresas, inform\u00f3 el titular de la Secretar\u00eda del Trabajo y Previsi\u00f3n Social de Hidalgo (STPSH), Oscar Javier Gonz\u00e1lez Hern\u00e1ndez.<\/p>\n\n\n\n<p>Destac\u00f3 que las ferias de empleo son un mecanismo con el cual se busca apoyar, incentivar y promover empleos estables y bien remunerados, herramienta base para abatir la pobreza, como se ha establecido en el Plan Estatal de Desarrollo 2022-2028, de la administraci\u00f3n del gobernador Julio Menchaca Salazar.<\/p>\n\n\n\n<p>Explic\u00f3 que contar con un empleo que proporcione un salario estable que otorgue seguridad social, cr\u00e9ditos para la vivienda o ahorro para el retiro, permite alcanzar los niveles \u00f3ptimos de bienestar para los trabajadores y sus familias.<\/p>\n\n\n\n<p>Precis\u00f3 que la STPSH, a trav\u00e9s del Servicio Nacional de Empleo Hidalgo (SNEH), ha realizado eventos en diferentes municipios, como son:<\/p>\n\n\n\n<p>Tepeji del R\u00edo, con la Feria de Empleo para la Inclusi\u00f3n Laboral de Grupos Vulnerables, con la colocaci\u00f3n de 340 personas en el mercado laboral formal; mientras que en Atlapexco, se llev\u00f3 a cabo la Feria de Empleo para el Sector Agr\u00edcola, donde se emplearon 90 trabajadores.<\/p>\n\n\n\n<figure class=\"wp-block-image size-large\"><img fetchpriority=\"high\" decoding=\"async\" width=\"1024\" height=\"682\" src=\"https:\/\/www.zunoticia.com\/noticias-de-hidalgo\/wp-content\/uploads\/2023\/05\/eZy-Watermark-21-05-2023-08-37-03-2970p.m.-1024x682.jpg\" alt=\"\" class=\"wp-image-482776\" srcset=\"https:\/\/www.zunoticia.com\/noticias-de-hidalgo\/wp-content\/uploads\/2023\/05\/eZy-Watermark-21-05-2023-08-37-03-2970p.m.-1024x682.jpg 1024w, https:\/\/www.zunoticia.com\/noticias-de-hidalgo\/wp-content\/uploads\/2023\/05\/eZy-Watermark-21-05-2023-08-37-03-2970p.m.-300x200.jpg 300w, https:\/\/www.zunoticia.com\/noticias-de-hidalgo\/wp-content\/uploads\/2023\/05\/eZy-Watermark-21-05-2023-08-37-03-2970p.m.-768x512.jpg 768w, https:\/\/www.zunoticia.com\/noticias-de-hidalgo\/wp-content\/uploads\/2023\/05\/eZy-Watermark-21-05-2023-08-37-03-2970p.m..jpg 1193w\" sizes=\"(max-width: 1024px) 100vw, 1024px\" \/><\/figure>\n\n\n\n<p>En el municipio de Cuautepec estuvo dirigida a mujeres, en el marco de la conmemoraci\u00f3n de su d\u00eda internacional; as\u00ed, 265 personas obtuvieron un empleo.<\/p>\n\n\n\n<p>El secretario del Trabajo agreg\u00f3 que adem\u00e1s de las empresas participantes, el SNEH cuenta con vacantes en el portal del empleo, la cuales cumplen con las caracter\u00edsticas que establece la Ley Federal del Trabajo, mismas que las y los empleadores deben cubrir para poder ofertar sus vacantes con la instituci\u00f3n.<\/p>\n\n\n\n<p>En el evento de Atitalaquia se impartir\u00e1n talleres para buscadores de empleo donde el personal otorgar\u00e1 consejos pr\u00e1cticos, entre los que destacan: sugerencias de vestimenta adecuada para una entrevista de trabajo, c\u00f3mo elaborar un curr\u00edculum vitae, adem\u00e1s de c\u00f3mo responder ante las preguntas del reclutador.<\/p>\n\n\n\n<p>Gonz\u00e1lez Hern\u00e1ndez indic\u00f3 que la feria regional se desarrollar\u00e1 en el auditorio de la cabecera municipal, ubicado en Fray Diego de Rodr\u00edguez sin n\u00famero, en la colonia centro, de 10:00 a 15:00 horas, y quienes lo deseen pueden registrar su asistencia en el enlace: <a href=\"https:\/\/ferias.empleo.gob.mx\/content\/evento\/CalendarioEventos.jsf?idEntidad=13\">https:\/\/ferias.empleo.gob.mx\/content\/evento\/CalendarioEventos.jsf?idEntidad=13<\/a><\/p>\n\n\n\n<p>El d\u00eda del evento las y los interesados pueden acudir con solicitud de empleo elaborada y su CURP impreso.<\/p>\n","protected":false},"excerpt":{"rendered":"<p>Por Redacci\u00f3n\/Zunoticia Mineral de la Reforma, Hgo.- El pr\u00f3ximo 25 de mayo, en el municipio de Atitalaquia, se llevar\u00e1 a cabo la Feria de Empleo Regional con una participaci\u00f3n de al menos 18 empresas, inform\u00f3 el titular de la Secretar\u00eda del Trabajo y Previsi\u00f3n Social de Hidalgo (STPSH), Oscar Javier Gonz\u00e1lez Hern\u00e1ndez. Destac\u00f3 que las&hellip; <a class=\"more-link\" href=\"https:\/\/www.zunoticia.com\/noticias-de-hidalgo\/2023\/05\/21\/atitalaquia-sede-de-la-feria-de-empleo-regional\/\">Seguir leyendo <span class=\"screen-reader-text\">Atitalaquia sede de la Feria de Empleo Regional<\/span><\/a><\/p>\n","protected":false},"author":12,"featured_media":482775,"comment_status":"closed","ping_status":"open","sticky":false,"template":"","format":"standard","meta":{"rop_custom_images_group":[],"rop_custom_messages_group":[],"rop_publish_now":"initial","rop_publish_now_accounts":{"facebook_10159540855086992_322828327761733":""},"rop_publish_now_history":[],"rop_publish_now_status":"pending","footnotes":""},"categories":[208],"tags":[214],"class_list":["post-482774","post","type-post","status-publish","format-standard","has-post-thumbnail","hentry","category-estado","tag-estado","entry"],"_links":{"self":[{"href":"https:\/\/www.zunoticia.com\/noticias-de-hidalgo\/wp-json\/wp\/v2\/posts\/482774","targetHints":{"allow":["GET"]}}],"collection":[{"href":"https:\/\/www.zunoticia.com\/noticias-de-hidalgo\/wp-json\/wp\/v2\/posts"}],"about":[{"href":"https:\/\/www.zunoticia.com\/noticias-de-hidalgo\/wp-json\/wp\/v2\/types\/post"}],"author":[{"embeddable":true,"href":"https:\/\/www.zunoticia.com\/noticias-de-hidalgo\/wp-json\/wp\/v2\/users\/12"}],"replies":[{"embeddable":true,"href":"https:\/\/www.zunoticia.com\/noticias-de-hidalgo\/wp-json\/wp\/v2\/comments?post=482774"}],"version-history":[{"count":1,"href":"https:\/\/www.zunoticia.com\/noticias-de-hidalgo\/wp-json\/wp\/v2\/posts\/482774\/revisions"}],"predecessor-version":[{"id":482777,"href":"https:\/\/www.zunoticia.com\/noticias-de-hidalgo\/wp-json\/wp\/v2\/posts\/482774\/revisions\/482777"}],"wp:featuredmedia":[{"embeddable":true,"href":"https:\/\/www.zunoticia.com\/noticias-de-hidalgo\/wp-json\/wp\/v2\/media\/482775"}],"wp:attachment":[{"href":"https:\/\/www.zunoticia.com\/noticias-de-hidalgo\/wp-json\/wp\/v2\/media?parent=482774"}],"wp:term":[{"taxonomy":"category","embeddable":true,"href":"https:\/\/www.zunoticia.com\/noticias-de-hidalgo\/wp-json\/wp\/v2\/categories?post=482774"},{"taxonomy":"post_tag","embeddable":true,"href":"https:\/\/www.zunoticia.com\/noticias-de-hidalgo\/wp-json\/wp\/v2\/tags?post=482774"}],"curies":[{"name":"wp","href":"https:\/\/api.w.org\/{rel}","templated":true}]}}