{"id":482973,"date":"2023-05-23T00:18:16","date_gmt":"2023-05-23T06:18:16","guid":{"rendered":"https:\/\/www.zunoticia.com\/noticias-de-hidalgo\/?p=482973"},"modified":"2023-05-23T00:18:18","modified_gmt":"2023-05-23T06:18:18","slug":"espejeando-por-perseo-648","status":"publish","type":"post","link":"https:\/\/www.zunoticia.com\/noticias-de-hidalgo\/2023\/05\/23\/espejeando-por-perseo-648\/","title":{"rendered":"ESPEJEANDO por Perseo"},"content":{"rendered":"<aside class=\"mashsb-container mashsb-main mashsb-stretched\"><div class=\"mashsb-box\"><div class=\"mashsb-count mash-large\" style=\"float:left\"><div class=\"counts mashsbcount\">22<\/div><span class=\"mashsb-sharetext\">SHARES<\/span><\/div><div class=\"mashsb-buttons\"><a class=\"mashicon-facebook mash-large mash-center mashsb-noshadow\" href=\"https:\/\/www.facebook.com\/sharer.php?u=https%3A%2F%2Fwww.zunoticia.com%2Fnoticias-de-hidalgo%2F2023%2F05%2F23%2Fespejeando-por-perseo-648%2F\" target=\"_top\" rel=\"nofollow\"><span class=\"icon\"><\/span><span class=\"text\">Share<\/span><\/a><a class=\"mashicon-twitter mash-large mash-center mashsb-noshadow\" href=\"https:\/\/twitter.com\/intent\/tweet?text=&amp;url=https:\/\/www.zunoticia.com\/noticias-de-hidalgo\/2023\/05\/23\/espejeando-por-perseo-648\/\" target=\"_top\" rel=\"nofollow\"><span class=\"icon\"><\/span><span class=\"text\">Tweet<\/span><\/a><div class=\"onoffswitch2 mash-large mashsb-noshadow\" style=\"display:none\"><\/div><\/div>\n            <\/div>\n                <div style=\"clear:both\"><\/div><div class=\"mashsb-toggle-container\"><\/div><\/aside>\n            <!-- Share buttons by mashshare.net - Version: 4.0.47-->\n<p>\u2022 El secretario de Educaci\u00f3n el maestro Natividad Castrej\u00f3n Vald\u00e9s, en estancia por la Huasteca Hidalguense resolviendo conflictos y representando al gobernador en eventos tan importantes como el Aniversario de &#8220;El Tordo&#8221; quien con el alcalde Daniel Andrade Zurutuza encabezaron los eventos deportivos y oficiales como el encendido del pebetero, el evento de la sinf\u00f3nica que fue un deleite escucharlos tocar y sin duda el alto nivel profesional de nuestros m\u00fasicos hidalguenses.<\/p>\n\n\n\n<p>\u2022 El alcalde Daniel Andrade puso toda atenci\u00f3n a los detalles del h\u00e9roe local y gener\u00f3 un buen sabor de boca a un aniversario m\u00e1s del h\u00e9roe local que implica uno de los festejos relevantes para los huejutlenses que sienten el arraigo y orgullo de la gesta heroica de la que fue parte este episodio en la historia de Huejutla.<\/p>\n\n\n\n<p>\u2022 El secretario de Educaci\u00f3n estuvo en Jaltoc\u00e1n entregando beneficios y la gente pide Universidad como si pidiera balones de f\u00fatbol; en la regi\u00f3n huasteca se cuenta con muchas universidades lo que falta es una movilidad segura, r\u00e1pida, eficiente, los tramos con tanto tope entorpecen la movilidad, da\u00f1a las unidades de transporte, retrasa el traslado, no se respetan los veinte metros laterales de la v\u00eda federal y la falta de v\u00edas alternas que permitan eludir&nbsp; los conflictos comunitarios que generan bloqueo y da\u00f1a la imagen de la regi\u00f3n.<\/p>\n\n\n\n<p>\u2022 La Huasteca tiene problemas de falta de atenci\u00f3n hist\u00f3rica y si no hay una instancia de servicio y atenci\u00f3n real, que se desligue de intereses pol\u00edticos y cuestiones de grupo o personal, c\u00f3mo pretenden hacer que una subsecretar\u00eda que se dedica a recoger informaci\u00f3n, pues el sector comunitario asiste a ver por sus problemas y si los problemas a resolver se convierten en herramientas pol\u00edticas entonces no hay atenci\u00f3n, se pone en riesgo la credibilidad, la percepci\u00f3n es de uso de la necesidad del pueblo.<\/p>\n\n\n\n<p>\u2022 Una Universidad no es una ocurrencia, es todo un reto para que no bajen proyectos al vapor y que se conviertan en elefantes blancos, pues no se trata de inversi\u00f3n sino de planeaci\u00f3n efectiva y consolidar efecto positivo a la juventud que reclama espacios educativos.<\/p>\n\n\n\n<p>\u2022 Prisco Manuel Guti\u00e9rrez recorri\u00f3 el CBTA 5 Hermanos Flores Mag\u00f3n, con los directivos Ignacio Hern\u00e1ndez y parece que hay fecha para el pr\u00f3ximo 9 de agosto D\u00eda Internacional de los Pueblos Ind\u00edgenas, y para este evento se consolida de entrada algo que en una columna atr\u00e1s habr\u00edamos comentado, la posibilidad de una visita del Presidente de M\u00e9xico que es algo lejano e incierto, lo que s\u00ed es importante es la concentraci\u00f3n de las huastecas y sus culturas como la hidalguense,&nbsp; \u00bfY por qu\u00e9 no? sus gobernadores y los compromisos de hermanar las regiones, de ser cercanos porque las capitales est\u00e1n lejanas y los huastecos est\u00e1n identificados entre ellas.<\/p>\n\n\n<div class=\"wp-block-image\">\n<figure class=\"aligncenter size-large\"><img fetchpriority=\"high\" decoding=\"async\" width=\"1024\" height=\"767\" src=\"https:\/\/www.zunoticia.com\/noticias-de-hidalgo\/wp-content\/uploads\/2023\/05\/Imagen-de-WhatsApp-2023-05-22-a-las-22.27.16-1024x767.jpg\" alt=\"\" class=\"wp-image-482929\" srcset=\"https:\/\/www.zunoticia.com\/noticias-de-hidalgo\/wp-content\/uploads\/2023\/05\/Imagen-de-WhatsApp-2023-05-22-a-las-22.27.16-1024x767.jpg 1024w, https:\/\/www.zunoticia.com\/noticias-de-hidalgo\/wp-content\/uploads\/2023\/05\/Imagen-de-WhatsApp-2023-05-22-a-las-22.27.16-300x225.jpg 300w, https:\/\/www.zunoticia.com\/noticias-de-hidalgo\/wp-content\/uploads\/2023\/05\/Imagen-de-WhatsApp-2023-05-22-a-las-22.27.16-768x576.jpg 768w, https:\/\/www.zunoticia.com\/noticias-de-hidalgo\/wp-content\/uploads\/2023\/05\/Imagen-de-WhatsApp-2023-05-22-a-las-22.27.16-1536x1151.jpg 1536w, https:\/\/www.zunoticia.com\/noticias-de-hidalgo\/wp-content\/uploads\/2023\/05\/Imagen-de-WhatsApp-2023-05-22-a-las-22.27.16-1568x1175.jpg 1568w, https:\/\/www.zunoticia.com\/noticias-de-hidalgo\/wp-content\/uploads\/2023\/05\/Imagen-de-WhatsApp-2023-05-22-a-las-22.27.16.jpg 1600w\" sizes=\"(max-width: 1024px) 100vw, 1024px\" \/><\/figure>\n<\/div>","protected":false},"excerpt":{"rendered":"<p>\u2022 El secretario de Educaci\u00f3n el maestro Natividad Castrej\u00f3n Vald\u00e9s, en estancia por la Huasteca Hidalguense resolviendo conflictos y representando al gobernador en eventos tan importantes como el Aniversario de &#8220;El Tordo&#8221; quien con el alcalde Daniel Andrade Zurutuza encabezaron los eventos deportivos y oficiales como el encendido del pebetero, el evento de la sinf\u00f3nica&hellip; <a class=\"more-link\" href=\"https:\/\/www.zunoticia.com\/noticias-de-hidalgo\/2023\/05\/23\/espejeando-por-perseo-648\/\">Seguir leyendo <span class=\"screen-reader-text\">ESPEJEANDO por Perseo<\/span><\/a><\/p>\n","protected":false},"author":12,"featured_media":482930,"comment_status":"closed","ping_status":"open","sticky":false,"template":"","format":"standard","meta":{"rop_custom_images_group":[],"rop_custom_messages_group":[],"rop_publish_now":"initial","rop_publish_now_accounts":{"facebook_10159540855086992_322828327761733":""},"rop_publish_now_history":[],"rop_publish_now_status":"pending","footnotes":""},"categories":[176],"tags":[205],"class_list":["post-482973","post","type-post","status-publish","format-standard","has-post-thumbnail","hentry","category-espejeando","tag-espejeando","entry"],"_links":{"self":[{"href":"https:\/\/www.zunoticia.com\/noticias-de-hidalgo\/wp-json\/wp\/v2\/posts\/482973","targetHints":{"allow":["GET"]}}],"collection":[{"href":"https:\/\/www.zunoticia.com\/noticias-de-hidalgo\/wp-json\/wp\/v2\/posts"}],"about":[{"href":"https:\/\/www.zunoticia.com\/noticias-de-hidalgo\/wp-json\/wp\/v2\/types\/post"}],"author":[{"embeddable":true,"href":"https:\/\/www.zunoticia.com\/noticias-de-hidalgo\/wp-json\/wp\/v2\/users\/12"}],"replies":[{"embeddable":true,"href":"https:\/\/www.zunoticia.com\/noticias-de-hidalgo\/wp-json\/wp\/v2\/comments?post=482973"}],"version-history":[{"count":1,"href":"https:\/\/www.zunoticia.com\/noticias-de-hidalgo\/wp-json\/wp\/v2\/posts\/482973\/revisions"}],"predecessor-version":[{"id":482982,"href":"https:\/\/www.zunoticia.com\/noticias-de-hidalgo\/wp-json\/wp\/v2\/posts\/482973\/revisions\/482982"}],"wp:featuredmedia":[{"embeddable":true,"href":"https:\/\/www.zunoticia.com\/noticias-de-hidalgo\/wp-json\/wp\/v2\/media\/482930"}],"wp:attachment":[{"href":"https:\/\/www.zunoticia.com\/noticias-de-hidalgo\/wp-json\/wp\/v2\/media?parent=482973"}],"wp:term":[{"taxonomy":"category","embeddable":true,"href":"https:\/\/www.zunoticia.com\/noticias-de-hidalgo\/wp-json\/wp\/v2\/categories?post=482973"},{"taxonomy":"post_tag","embeddable":true,"href":"https:\/\/www.zunoticia.com\/noticias-de-hidalgo\/wp-json\/wp\/v2\/tags?post=482973"}],"curies":[{"name":"wp","href":"https:\/\/api.w.org\/{rel}","templated":true}]}}