{"id":483003,"date":"2023-05-23T15:12:28","date_gmt":"2023-05-23T21:12:28","guid":{"rendered":"https:\/\/www.zunoticia.com\/noticias-de-hidalgo\/?p=483003"},"modified":"2023-05-23T15:12:29","modified_gmt":"2023-05-23T21:12:29","slug":"clausuraron-actividades-de-la-feria-en-huazalingo","status":"publish","type":"post","link":"https:\/\/www.zunoticia.com\/noticias-de-hidalgo\/2023\/05\/23\/clausuraron-actividades-de-la-feria-en-huazalingo\/","title":{"rendered":"Clausuraron actividades de la Feria en Huazalingo"},"content":{"rendered":"<aside class=\"mashsb-container mashsb-main mashsb-stretched\"><div class=\"mashsb-box\"><div class=\"mashsb-count mash-large\" style=\"float:left\"><div class=\"counts mashsbcount\">14<\/div><span class=\"mashsb-sharetext\">SHARES<\/span><\/div><div class=\"mashsb-buttons\"><a class=\"mashicon-facebook mash-large mash-center mashsb-noshadow\" href=\"https:\/\/www.facebook.com\/sharer.php?u=https%3A%2F%2Fwww.zunoticia.com%2Fnoticias-de-hidalgo%2F2023%2F05%2F23%2Fclausuraron-actividades-de-la-feria-en-huazalingo%2F\" target=\"_top\" rel=\"nofollow\"><span class=\"icon\"><\/span><span class=\"text\">Share<\/span><\/a><a class=\"mashicon-twitter mash-large mash-center mashsb-noshadow\" href=\"https:\/\/twitter.com\/intent\/tweet?text=&amp;url=https:\/\/www.zunoticia.com\/noticias-de-hidalgo\/2023\/05\/23\/clausuraron-actividades-de-la-feria-en-huazalingo\/\" target=\"_top\" rel=\"nofollow\"><span class=\"icon\"><\/span><span class=\"text\">Tweet<\/span><\/a><div class=\"onoffswitch2 mash-large mashsb-noshadow\" style=\"display:none\"><\/div><\/div>\n            <\/div>\n                <div style=\"clear:both\"><\/div><div class=\"mashsb-toggle-container\"><\/div><\/aside>\n            <!-- Share buttons by mashshare.net - Version: 4.0.47-->\n<p><\/p>\n\n\n\n<p><em>Por Roberto Meza\/Zunoticia<\/em><\/p>\n\n\n\n<p><strong>Huazalingo, Hgo<\/strong>.- Tras varios d\u00edas de haberse desarrollado la tradicional Feria de Ascensi\u00f3n del Se\u00f1or, finalmente autoridades municipales clausuraron las actividades, en donde el ayuntamiento ech\u00f3 la casa por la ventana al presentar en el teatro del pueblo cantantes, grupos y dem\u00e1s artistas de fama nacional e internacional.<\/p>\n\n\n\n<p>El presidente municipal Julio C\u00e9sar Gonz\u00e1lez, agradeci\u00f3 a todos los habitantes y visitantes que arribaron durante los varios d\u00edas de festejo a este municipio; al mismo tiempo dijo que el ejecutivo municipal siempre se preocupa por defender y proyectar las tradiciones y costumbres de Huazalingo, sobre todo crear un espacio de esparcimiento para la sana convivencia para todas las familias.<\/p>\n\n\n\n<p>Con un concierto de Jorge Medina, el alcalde clausur\u00f3 la feria. En esta ocasi\u00f3n se tuvo la visita de cientos de turistas provenientes de diversos municipios de la huasteca y sierra, as\u00ed como de otros estados que sin duda vinieron a conocer estos festejos de la Feria del Ascensi\u00f3n del Se\u00f1or.<\/p>\n\n\n\n<figure class=\"wp-block-image size-full\"><img fetchpriority=\"high\" decoding=\"async\" width=\"940\" height=\"788\" src=\"https:\/\/www.zunoticia.com\/noticias-de-hidalgo\/wp-content\/uploads\/2023\/05\/Diseno-sin-titulo-2-3.png\" alt=\"\" class=\"wp-image-483005\" srcset=\"https:\/\/www.zunoticia.com\/noticias-de-hidalgo\/wp-content\/uploads\/2023\/05\/Diseno-sin-titulo-2-3.png 940w, https:\/\/www.zunoticia.com\/noticias-de-hidalgo\/wp-content\/uploads\/2023\/05\/Diseno-sin-titulo-2-3-300x251.png 300w, https:\/\/www.zunoticia.com\/noticias-de-hidalgo\/wp-content\/uploads\/2023\/05\/Diseno-sin-titulo-2-3-768x644.png 768w\" sizes=\"(max-width: 940px) 100vw, 940px\" \/><\/figure>\n","protected":false},"excerpt":{"rendered":"<p>Por Roberto Meza\/Zunoticia Huazalingo, Hgo.- Tras varios d\u00edas de haberse desarrollado la tradicional Feria de Ascensi\u00f3n del Se\u00f1or, finalmente autoridades municipales clausuraron las actividades, en donde el ayuntamiento ech\u00f3 la casa por la ventana al presentar en el teatro del pueblo cantantes, grupos y dem\u00e1s artistas de fama nacional e internacional. El presidente municipal Julio&hellip; <a class=\"more-link\" href=\"https:\/\/www.zunoticia.com\/noticias-de-hidalgo\/2023\/05\/23\/clausuraron-actividades-de-la-feria-en-huazalingo\/\">Seguir leyendo <span class=\"screen-reader-text\">Clausuraron actividades de la Feria en Huazalingo<\/span><\/a><\/p>\n","protected":false},"author":20,"featured_media":483004,"comment_status":"closed","ping_status":"open","sticky":false,"template":"","format":"standard","meta":{"rop_custom_images_group":[],"rop_custom_messages_group":[],"rop_publish_now":"initial","rop_publish_now_accounts":{"facebook_10159540855086992_322828327761733":""},"rop_publish_now_history":[],"rop_publish_now_status":"pending","footnotes":""},"categories":[212],"tags":[138],"class_list":["post-483003","post","type-post","status-publish","format-standard","has-post-thumbnail","hentry","category-huazalingo","tag-huazalingo","entry"],"_links":{"self":[{"href":"https:\/\/www.zunoticia.com\/noticias-de-hidalgo\/wp-json\/wp\/v2\/posts\/483003","targetHints":{"allow":["GET"]}}],"collection":[{"href":"https:\/\/www.zunoticia.com\/noticias-de-hidalgo\/wp-json\/wp\/v2\/posts"}],"about":[{"href":"https:\/\/www.zunoticia.com\/noticias-de-hidalgo\/wp-json\/wp\/v2\/types\/post"}],"author":[{"embeddable":true,"href":"https:\/\/www.zunoticia.com\/noticias-de-hidalgo\/wp-json\/wp\/v2\/users\/20"}],"replies":[{"embeddable":true,"href":"https:\/\/www.zunoticia.com\/noticias-de-hidalgo\/wp-json\/wp\/v2\/comments?post=483003"}],"version-history":[{"count":1,"href":"https:\/\/www.zunoticia.com\/noticias-de-hidalgo\/wp-json\/wp\/v2\/posts\/483003\/revisions"}],"predecessor-version":[{"id":483006,"href":"https:\/\/www.zunoticia.com\/noticias-de-hidalgo\/wp-json\/wp\/v2\/posts\/483003\/revisions\/483006"}],"wp:featuredmedia":[{"embeddable":true,"href":"https:\/\/www.zunoticia.com\/noticias-de-hidalgo\/wp-json\/wp\/v2\/media\/483004"}],"wp:attachment":[{"href":"https:\/\/www.zunoticia.com\/noticias-de-hidalgo\/wp-json\/wp\/v2\/media?parent=483003"}],"wp:term":[{"taxonomy":"category","embeddable":true,"href":"https:\/\/www.zunoticia.com\/noticias-de-hidalgo\/wp-json\/wp\/v2\/categories?post=483003"},{"taxonomy":"post_tag","embeddable":true,"href":"https:\/\/www.zunoticia.com\/noticias-de-hidalgo\/wp-json\/wp\/v2\/tags?post=483003"}],"curies":[{"name":"wp","href":"https:\/\/api.w.org\/{rel}","templated":true}]}}