{"id":483007,"date":"2023-05-23T15:15:16","date_gmt":"2023-05-23T21:15:16","guid":{"rendered":"https:\/\/www.zunoticia.com\/noticias-de-hidalgo\/?p=483007"},"modified":"2023-05-23T15:15:17","modified_gmt":"2023-05-23T21:15:17","slug":"avanza-positivamente-el-grupo-huejutla-emprende","status":"publish","type":"post","link":"https:\/\/www.zunoticia.com\/noticias-de-hidalgo\/2023\/05\/23\/avanza-positivamente-el-grupo-huejutla-emprende\/","title":{"rendered":"Avanza positivamente el grupo Huejutla Emprende"},"content":{"rendered":"<aside class=\"mashsb-container mashsb-main mashsb-stretched\"><div class=\"mashsb-box\"><div class=\"mashsb-count mash-large\" style=\"float:left\"><div class=\"counts mashsbcount\">20<\/div><span class=\"mashsb-sharetext\">SHARES<\/span><\/div><div class=\"mashsb-buttons\"><a class=\"mashicon-facebook mash-large mash-center mashsb-noshadow\" href=\"https:\/\/www.facebook.com\/sharer.php?u=https%3A%2F%2Fwww.zunoticia.com%2Fnoticias-de-hidalgo%2F2023%2F05%2F23%2Favanza-positivamente-el-grupo-huejutla-emprende%2F\" target=\"_top\" rel=\"nofollow\"><span class=\"icon\"><\/span><span class=\"text\">Share<\/span><\/a><a class=\"mashicon-twitter mash-large mash-center mashsb-noshadow\" href=\"https:\/\/twitter.com\/intent\/tweet?text=&amp;url=https:\/\/www.zunoticia.com\/noticias-de-hidalgo\/2023\/05\/23\/avanza-positivamente-el-grupo-huejutla-emprende\/\" target=\"_top\" rel=\"nofollow\"><span class=\"icon\"><\/span><span class=\"text\">Tweet<\/span><\/a><div class=\"onoffswitch2 mash-large mashsb-noshadow\" style=\"display:none\"><\/div><\/div>\n            <\/div>\n                <div style=\"clear:both\"><\/div><div class=\"mashsb-toggle-container\"><\/div><\/aside>\n            <!-- Share buttons by mashshare.net - Version: 4.0.47-->\n<p><em>Por Enedino Hern\u00e1ndez\/Zunoticia<\/em><\/p>\n\n\n\n<p><strong>Huejutla, Hgo.-<\/strong> \u201cCon un promedio de 60 integrantes y 20 m\u00e1s en proceso de registro, avanza positivamente la conformaci\u00f3n del grupo denominado Huejutla Emprende\u201d, as\u00ed lo confirm\u00f3 el secretario de Desarrollo Econ\u00f3mico de la presidencia municipal de Huejutla, Salatiel Dom\u00ednguez Flores.<\/p>\n\n\n\n<p>El funcionario municipal destac\u00f3 que, en breve iniciar\u00e1 el proceso de capacitaci\u00f3n, posteriormente se har\u00e1 el tr\u00e1mite para el registro de la figura asociativa y finalmente se proceder\u00e1 a la tercera etapa que es la materializaci\u00f3n del grupo.<\/p>\n\n\n\n<p>Explic\u00f3 que, principalmente se tiene como idea principal el formalizarse como una empresa, con todos los elementos necesarios y de esta manera avanzar positivamente como Huejutla Emprende.<\/p>\n\n\n\n<p>Asegur\u00f3 que, al momento se avanza positivamente sobre todo porque el grupo de mantiene unido y muy s\u00f3lido, buscando en todo momento llegar a la conformaci\u00f3n de una figura asociativa.<\/p>\n\n\n\n<p>Y finalmente, dijo que los integrantes del grupo Huejutla Emprende no cuentan con locales comerciales, pero una vez conformados debidamente buscar\u00e1n esos espacios para poder concretar sus proyectos.<\/p>\n","protected":false},"excerpt":{"rendered":"<p>Por Enedino Hern\u00e1ndez\/Zunoticia Huejutla, Hgo.- \u201cCon un promedio de 60 integrantes y 20 m\u00e1s en proceso de registro, avanza positivamente la conformaci\u00f3n del grupo denominado Huejutla Emprende\u201d, as\u00ed lo confirm\u00f3 el secretario de Desarrollo Econ\u00f3mico de la presidencia municipal de Huejutla, Salatiel Dom\u00ednguez Flores. El funcionario municipal destac\u00f3 que, en breve iniciar\u00e1 el proceso de&hellip; <a class=\"more-link\" href=\"https:\/\/www.zunoticia.com\/noticias-de-hidalgo\/2023\/05\/23\/avanza-positivamente-el-grupo-huejutla-emprende\/\">Seguir leyendo <span class=\"screen-reader-text\">Avanza positivamente el grupo Huejutla Emprende<\/span><\/a><\/p>\n","protected":false},"author":20,"featured_media":483008,"comment_status":"closed","ping_status":"open","sticky":false,"template":"","format":"standard","meta":{"rop_custom_images_group":[],"rop_custom_messages_group":[],"rop_publish_now":"initial","rop_publish_now_accounts":{"facebook_10159540855086992_322828327761733":""},"rop_publish_now_history":[],"rop_publish_now_status":"pending","footnotes":""},"categories":[181],"tags":[121],"class_list":["post-483007","post","type-post","status-publish","format-standard","has-post-thumbnail","hentry","category-huejutla","tag-huejutla","entry"],"_links":{"self":[{"href":"https:\/\/www.zunoticia.com\/noticias-de-hidalgo\/wp-json\/wp\/v2\/posts\/483007","targetHints":{"allow":["GET"]}}],"collection":[{"href":"https:\/\/www.zunoticia.com\/noticias-de-hidalgo\/wp-json\/wp\/v2\/posts"}],"about":[{"href":"https:\/\/www.zunoticia.com\/noticias-de-hidalgo\/wp-json\/wp\/v2\/types\/post"}],"author":[{"embeddable":true,"href":"https:\/\/www.zunoticia.com\/noticias-de-hidalgo\/wp-json\/wp\/v2\/users\/20"}],"replies":[{"embeddable":true,"href":"https:\/\/www.zunoticia.com\/noticias-de-hidalgo\/wp-json\/wp\/v2\/comments?post=483007"}],"version-history":[{"count":1,"href":"https:\/\/www.zunoticia.com\/noticias-de-hidalgo\/wp-json\/wp\/v2\/posts\/483007\/revisions"}],"predecessor-version":[{"id":483009,"href":"https:\/\/www.zunoticia.com\/noticias-de-hidalgo\/wp-json\/wp\/v2\/posts\/483007\/revisions\/483009"}],"wp:featuredmedia":[{"embeddable":true,"href":"https:\/\/www.zunoticia.com\/noticias-de-hidalgo\/wp-json\/wp\/v2\/media\/483008"}],"wp:attachment":[{"href":"https:\/\/www.zunoticia.com\/noticias-de-hidalgo\/wp-json\/wp\/v2\/media?parent=483007"}],"wp:term":[{"taxonomy":"category","embeddable":true,"href":"https:\/\/www.zunoticia.com\/noticias-de-hidalgo\/wp-json\/wp\/v2\/categories?post=483007"},{"taxonomy":"post_tag","embeddable":true,"href":"https:\/\/www.zunoticia.com\/noticias-de-hidalgo\/wp-json\/wp\/v2\/tags?post=483007"}],"curies":[{"name":"wp","href":"https:\/\/api.w.org\/{rel}","templated":true}]}}