{"id":483026,"date":"2023-05-23T17:49:00","date_gmt":"2023-05-23T23:49:00","guid":{"rendered":"https:\/\/www.zunoticia.com\/noticias-de-hidalgo\/?p=483026"},"modified":"2023-05-23T17:49:01","modified_gmt":"2023-05-23T23:49:01","slug":"feria-de-la-salud-este-jueves-en-la-galera-municipal","status":"publish","type":"post","link":"https:\/\/www.zunoticia.com\/noticias-de-hidalgo\/2023\/05\/23\/feria-de-la-salud-este-jueves-en-la-galera-municipal\/","title":{"rendered":"Feria de la Salud este jueves en la galera municipal"},"content":{"rendered":"<aside class=\"mashsb-container mashsb-main mashsb-stretched\"><div class=\"mashsb-box\"><div class=\"mashsb-count mash-large\" style=\"float:left\"><div class=\"counts mashsbcount\">27<\/div><span class=\"mashsb-sharetext\">SHARES<\/span><\/div><div class=\"mashsb-buttons\"><a class=\"mashicon-facebook mash-large mash-center mashsb-noshadow\" href=\"https:\/\/www.facebook.com\/sharer.php?u=https%3A%2F%2Fwww.zunoticia.com%2Fnoticias-de-hidalgo%2F2023%2F05%2F23%2Fferia-de-la-salud-este-jueves-en-la-galera-municipal%2F\" target=\"_top\" rel=\"nofollow\"><span class=\"icon\"><\/span><span class=\"text\">Share<\/span><\/a><a class=\"mashicon-twitter mash-large mash-center mashsb-noshadow\" href=\"https:\/\/twitter.com\/intent\/tweet?text=&amp;url=https:\/\/www.zunoticia.com\/noticias-de-hidalgo\/2023\/05\/23\/feria-de-la-salud-este-jueves-en-la-galera-municipal\/\" target=\"_top\" rel=\"nofollow\"><span class=\"icon\"><\/span><span class=\"text\">Tweet<\/span><\/a><div class=\"onoffswitch2 mash-large mashsb-noshadow\" style=\"display:none\"><\/div><\/div>\n            <\/div>\n                <div style=\"clear:both\"><\/div><div class=\"mashsb-toggle-container\"><\/div><\/aside>\n            <!-- Share buttons by mashshare.net - Version: 4.0.47-->\n<p><em>Por \u00c1ngel Silverio\/Zunoticia<\/em><\/p>\n\n\n\n<p><strong>Jaltoc\u00e1n, Hgo<\/strong>.- \u201cEl Centro de salud de este municipio, hizo un llamado a toda la poblaci\u00f3n a participar en la Feria de la Salud que se llevar\u00e1 a cabo en el auditorio municipal, este pr\u00f3ximo jueves 25 de mayo, donde se tendr\u00e1n diversos servicios que la ciudadan\u00eda podr\u00e1 aprovechar\u201d.<\/p>\n\n\n\n<p>As\u00ed le dieron a conocer los responsables del centro de salud, quienes mencionaron que dentro de los servicios que se estar\u00e1n brindando son: la toma de citolog\u00edas, exploraci\u00f3n de mama, toma de muestras para detecci\u00f3n de VIH, detecci\u00f3n de chagas, de paludismo, dengue zika y chikungunya.<\/p>\n\n\n\n<p>As\u00ed tambi\u00e9n, se realizar\u00e1 la toma de muestras para la detecci\u00f3n de tuberculosis, hepatitis y crecimiento de la pr\u00f3stata; adem\u00e1s se aplicar\u00e1 la vacunaci\u00f3n Covid en primeras, segundas dosis y refuerzos; as\u00ed como tambi\u00e9n estar\u00e1n ofertando m\u00e9todos de planificaci\u00f3n familiar y dotaci\u00f3n de \u00e1cido f\u00f3lico.<\/p>\n\n\n\n<p>La cita es este jueves 25 de mayo, en las instalaciones del auditorio municipal, dando inicio desde las 8:00 de la ma\u00f1ana y podr\u00e1n ser part\u00edcipes todos los Jaltocanenses.<\/p>\n","protected":false},"excerpt":{"rendered":"<p>Por \u00c1ngel Silverio\/Zunoticia Jaltoc\u00e1n, Hgo.- \u201cEl Centro de salud de este municipio, hizo un llamado a toda la poblaci\u00f3n a participar en la Feria de la Salud que se llevar\u00e1 a cabo en el auditorio municipal, este pr\u00f3ximo jueves 25 de mayo, donde se tendr\u00e1n diversos servicios que la ciudadan\u00eda podr\u00e1 aprovechar\u201d. As\u00ed le dieron&hellip; <a class=\"more-link\" href=\"https:\/\/www.zunoticia.com\/noticias-de-hidalgo\/2023\/05\/23\/feria-de-la-salud-este-jueves-en-la-galera-municipal\/\">Seguir leyendo <span class=\"screen-reader-text\">Feria de la Salud este jueves en la galera municipal<\/span><\/a><\/p>\n","protected":false},"author":20,"featured_media":483027,"comment_status":"closed","ping_status":"open","sticky":false,"template":"","format":"standard","meta":{"rop_custom_images_group":[],"rop_custom_messages_group":[],"rop_publish_now":"initial","rop_publish_now_accounts":{"facebook_10159540855086992_322828327761733":""},"rop_publish_now_history":[],"rop_publish_now_status":"pending","footnotes":""},"categories":[200],"tags":[131],"class_list":["post-483026","post","type-post","status-publish","format-standard","has-post-thumbnail","hentry","category-jaltocan","tag-jaltocan","entry"],"_links":{"self":[{"href":"https:\/\/www.zunoticia.com\/noticias-de-hidalgo\/wp-json\/wp\/v2\/posts\/483026","targetHints":{"allow":["GET"]}}],"collection":[{"href":"https:\/\/www.zunoticia.com\/noticias-de-hidalgo\/wp-json\/wp\/v2\/posts"}],"about":[{"href":"https:\/\/www.zunoticia.com\/noticias-de-hidalgo\/wp-json\/wp\/v2\/types\/post"}],"author":[{"embeddable":true,"href":"https:\/\/www.zunoticia.com\/noticias-de-hidalgo\/wp-json\/wp\/v2\/users\/20"}],"replies":[{"embeddable":true,"href":"https:\/\/www.zunoticia.com\/noticias-de-hidalgo\/wp-json\/wp\/v2\/comments?post=483026"}],"version-history":[{"count":1,"href":"https:\/\/www.zunoticia.com\/noticias-de-hidalgo\/wp-json\/wp\/v2\/posts\/483026\/revisions"}],"predecessor-version":[{"id":483028,"href":"https:\/\/www.zunoticia.com\/noticias-de-hidalgo\/wp-json\/wp\/v2\/posts\/483026\/revisions\/483028"}],"wp:featuredmedia":[{"embeddable":true,"href":"https:\/\/www.zunoticia.com\/noticias-de-hidalgo\/wp-json\/wp\/v2\/media\/483027"}],"wp:attachment":[{"href":"https:\/\/www.zunoticia.com\/noticias-de-hidalgo\/wp-json\/wp\/v2\/media?parent=483026"}],"wp:term":[{"taxonomy":"category","embeddable":true,"href":"https:\/\/www.zunoticia.com\/noticias-de-hidalgo\/wp-json\/wp\/v2\/categories?post=483026"},{"taxonomy":"post_tag","embeddable":true,"href":"https:\/\/www.zunoticia.com\/noticias-de-hidalgo\/wp-json\/wp\/v2\/tags?post=483026"}],"curies":[{"name":"wp","href":"https:\/\/api.w.org\/{rel}","templated":true}]}}