{"id":483029,"date":"2023-05-23T18:00:04","date_gmt":"2023-05-24T00:00:04","guid":{"rendered":"https:\/\/www.zunoticia.com\/noticias-de-hidalgo\/?p=483029"},"modified":"2023-05-23T18:00:05","modified_gmt":"2023-05-24T00:00:05","slug":"elemental-fortalecer-la-lengua-nahuatl-sobre-todo-saber-leer-y-escribir","status":"publish","type":"post","link":"https:\/\/www.zunoticia.com\/noticias-de-hidalgo\/2023\/05\/23\/elemental-fortalecer-la-lengua-nahuatl-sobre-todo-saber-leer-y-escribir\/","title":{"rendered":"Elemental fortalecer la lengua n\u00e1huatl, sobre todo saber leer y escribir"},"content":{"rendered":"<aside class=\"mashsb-container mashsb-main mashsb-stretched\"><div class=\"mashsb-box\"><div class=\"mashsb-count mash-large\" style=\"float:left\"><div class=\"counts mashsbcount\">54<\/div><span class=\"mashsb-sharetext\">SHARES<\/span><\/div><div class=\"mashsb-buttons\"><a class=\"mashicon-facebook mash-large mash-center mashsb-noshadow\" href=\"https:\/\/www.facebook.com\/sharer.php?u=https%3A%2F%2Fwww.zunoticia.com%2Fnoticias-de-hidalgo%2F2023%2F05%2F23%2Felemental-fortalecer-la-lengua-nahuatl-sobre-todo-saber-leer-y-escribir%2F\" target=\"_top\" rel=\"nofollow\"><span class=\"icon\"><\/span><span class=\"text\">Share<\/span><\/a><a class=\"mashicon-twitter mash-large mash-center mashsb-noshadow\" href=\"https:\/\/twitter.com\/intent\/tweet?text=&amp;url=https:\/\/www.zunoticia.com\/noticias-de-hidalgo\/2023\/05\/23\/elemental-fortalecer-la-lengua-nahuatl-sobre-todo-saber-leer-y-escribir\/\" target=\"_top\" rel=\"nofollow\"><span class=\"icon\"><\/span><span class=\"text\">Tweet<\/span><\/a><div class=\"onoffswitch2 mash-large mashsb-noshadow\" style=\"display:none\"><\/div><\/div>\n            <\/div>\n                <div style=\"clear:both\"><\/div><div class=\"mashsb-toggle-container\"><\/div><\/aside>\n            <!-- Share buttons by mashshare.net - Version: 4.0.47-->\n<p><em>Por Enedino Hern\u00e1ndez\/Zunoticia<\/em><\/p>\n\n\n\n<p><strong>Huejutla, Hgo<\/strong>.- El promotor de la lengua n\u00e1huatl en la huasteca, On\u00e9simo Francisco Procopio, reconoci\u00f3 que es elemental fortalecer la lengua, sobre todo que se debe saber leer y escribir en esta.<\/p>\n\n\n\n<p>Expone que, en el n\u00e1huatl se encuentran nuestras ra\u00edces e idiosincrasia, as\u00ed como todos esos conocimientos milenarios que se guarda en cada una de esas personas que la hablan.<\/p>\n\n\n\n<p>Por ello, dijo que, para poder entender todos esos conocimientos ancestrales se tiene que aprender a hablar el n\u00e1huatl, considerando que en este caso es fundamental fortalecer la lectura como la escritura, ya que solamente de esta manera se podr\u00e1 plasmar en documentos escritos los objetivos de lo que se sabe o se conoce con la tradici\u00f3n oral.<\/p>\n\n\n\n<p>Reconoci\u00f3 el esfuerzo de algunas instituciones educativas que ya hacen el trabajo para fortalecer la lengua n\u00e1huatl, como es la UPN, Instituto Superior Tiozihuatl, UAEH, Normal de las Huastecas, entre otras.<\/p>\n\n\n\n<p>Concluy\u00f3 que, fortalecer el n\u00e1huatl no solo es responsabilidad de las instituciones educativas, sino que tambi\u00e9n debe de hacerse al interior del seno familiar, \u201cpor lo que hacemos un llamado a los padres de familia para que fortalezcan esta lengua\u201d.<\/p>\n\n\n\n<p><\/p>\n","protected":false},"excerpt":{"rendered":"<p>Por Enedino Hern\u00e1ndez\/Zunoticia Huejutla, Hgo.- El promotor de la lengua n\u00e1huatl en la huasteca, On\u00e9simo Francisco Procopio, reconoci\u00f3 que es elemental fortalecer la lengua, sobre todo que se debe saber leer y escribir en esta. Expone que, en el n\u00e1huatl se encuentran nuestras ra\u00edces e idiosincrasia, as\u00ed como todos esos conocimientos milenarios que se guarda&hellip; <a class=\"more-link\" href=\"https:\/\/www.zunoticia.com\/noticias-de-hidalgo\/2023\/05\/23\/elemental-fortalecer-la-lengua-nahuatl-sobre-todo-saber-leer-y-escribir\/\">Seguir leyendo <span class=\"screen-reader-text\">Elemental fortalecer la lengua n\u00e1huatl, sobre todo saber leer y escribir<\/span><\/a><\/p>\n","protected":false},"author":20,"featured_media":483030,"comment_status":"closed","ping_status":"open","sticky":false,"template":"","format":"standard","meta":{"rop_custom_images_group":[],"rop_custom_messages_group":[],"rop_publish_now":"initial","rop_publish_now_accounts":{"facebook_10159540855086992_322828327761733":""},"rop_publish_now_history":[],"rop_publish_now_status":"pending","footnotes":""},"categories":[181],"tags":[121],"class_list":["post-483029","post","type-post","status-publish","format-standard","has-post-thumbnail","hentry","category-huejutla","tag-huejutla","entry"],"_links":{"self":[{"href":"https:\/\/www.zunoticia.com\/noticias-de-hidalgo\/wp-json\/wp\/v2\/posts\/483029","targetHints":{"allow":["GET"]}}],"collection":[{"href":"https:\/\/www.zunoticia.com\/noticias-de-hidalgo\/wp-json\/wp\/v2\/posts"}],"about":[{"href":"https:\/\/www.zunoticia.com\/noticias-de-hidalgo\/wp-json\/wp\/v2\/types\/post"}],"author":[{"embeddable":true,"href":"https:\/\/www.zunoticia.com\/noticias-de-hidalgo\/wp-json\/wp\/v2\/users\/20"}],"replies":[{"embeddable":true,"href":"https:\/\/www.zunoticia.com\/noticias-de-hidalgo\/wp-json\/wp\/v2\/comments?post=483029"}],"version-history":[{"count":1,"href":"https:\/\/www.zunoticia.com\/noticias-de-hidalgo\/wp-json\/wp\/v2\/posts\/483029\/revisions"}],"predecessor-version":[{"id":483031,"href":"https:\/\/www.zunoticia.com\/noticias-de-hidalgo\/wp-json\/wp\/v2\/posts\/483029\/revisions\/483031"}],"wp:featuredmedia":[{"embeddable":true,"href":"https:\/\/www.zunoticia.com\/noticias-de-hidalgo\/wp-json\/wp\/v2\/media\/483030"}],"wp:attachment":[{"href":"https:\/\/www.zunoticia.com\/noticias-de-hidalgo\/wp-json\/wp\/v2\/media?parent=483029"}],"wp:term":[{"taxonomy":"category","embeddable":true,"href":"https:\/\/www.zunoticia.com\/noticias-de-hidalgo\/wp-json\/wp\/v2\/categories?post=483029"},{"taxonomy":"post_tag","embeddable":true,"href":"https:\/\/www.zunoticia.com\/noticias-de-hidalgo\/wp-json\/wp\/v2\/tags?post=483029"}],"curies":[{"name":"wp","href":"https:\/\/api.w.org\/{rel}","templated":true}]}}