{"id":483040,"date":"2023-05-23T18:53:16","date_gmt":"2023-05-24T00:53:16","guid":{"rendered":"https:\/\/www.zunoticia.com\/noticias-de-hidalgo\/?p=483040"},"modified":"2023-05-23T18:53:16","modified_gmt":"2023-05-24T00:53:16","slug":"celebraran-dia-internacional-de-los-pueblos-indigenas-en-zona-de-vestigios-arqueologicos-en-huejutla","status":"publish","type":"post","link":"https:\/\/www.zunoticia.com\/noticias-de-hidalgo\/2023\/05\/23\/celebraran-dia-internacional-de-los-pueblos-indigenas-en-zona-de-vestigios-arqueologicos-en-huejutla\/","title":{"rendered":"Celebrar\u00e1n D\u00eda Internacional de los Pueblos Ind\u00edgenas en zona de vestigios arqueol\u00f3gicos en Huejutla"},"content":{"rendered":"<aside class=\"mashsb-container mashsb-main mashsb-stretched\"><div class=\"mashsb-box\"><div class=\"mashsb-count mash-large\" style=\"float:left\"><div class=\"counts mashsbcount\">7<\/div><span class=\"mashsb-sharetext\">SHARES<\/span><\/div><div class=\"mashsb-buttons\"><a class=\"mashicon-facebook mash-large mash-center mashsb-noshadow\" href=\"https:\/\/www.facebook.com\/sharer.php?u=https%3A%2F%2Fwww.zunoticia.com%2Fnoticias-de-hidalgo%2F2023%2F05%2F23%2Fcelebraran-dia-internacional-de-los-pueblos-indigenas-en-zona-de-vestigios-arqueologicos-en-huejutla%2F\" target=\"_top\" rel=\"nofollow\"><span class=\"icon\"><\/span><span class=\"text\">Share<\/span><\/a><a class=\"mashicon-twitter mash-large mash-center mashsb-noshadow\" href=\"https:\/\/twitter.com\/intent\/tweet?text=&amp;url=https:\/\/www.zunoticia.com\/noticias-de-hidalgo\/2023\/05\/23\/celebraran-dia-internacional-de-los-pueblos-indigenas-en-zona-de-vestigios-arqueologicos-en-huejutla\/\" target=\"_top\" rel=\"nofollow\"><span class=\"icon\"><\/span><span class=\"text\">Tweet<\/span><\/a><div class=\"onoffswitch2 mash-large mashsb-noshadow\" style=\"display:none\"><\/div><\/div>\n            <\/div>\n                <div style=\"clear:both\"><\/div><div class=\"mashsb-toggle-container\"><\/div><\/aside>\n            <!-- Share buttons by mashshare.net - Version: 4.0.47-->\n<ul class=\"wp-block-list\">\n<li>Con intervenci\u00f3n del INAH, iniciar\u00e1n trabajos de investigaci\u00f3n para determinar antig\u00fcedad de las construcciones.<\/li>\n<\/ul>\n\n\n\n<p><em>Por Redacci\u00f3n\/Zunoticia<\/em><\/p>\n\n\n\n<p><strong>Pachuca de Soto, Hgo<\/strong>.- La Comisi\u00f3n Estatal para el Desarrollo Sostenible de los Pueblos Ind\u00edgenas (CEDSPI) y la presidencia municipal de Huejutla dieron a conocer que est\u00e1n colaborando para conmemorar el D\u00eda Internacional de los Pueblos Ind\u00edgenas en la zona de vestigios arqueol\u00f3gicos que se encuentran al interior del Centro de Bachillerato Tecnol\u00f3gico Agropecuario (CBTa) No. 5 &#8220;Hermanos Flores Mag\u00f3n&#8221;.<\/p>\n\n\n\n<p>Para la celebraci\u00f3n, que se realizar\u00e1 el d\u00eda 9 de agosto, se presentar\u00e1 un programa cultural con el objetivo de difundir y preservar la identidad de los pueblos originarios.<\/p>\n\n\n\n<p>Antes de hacer el anuncio, el equipo de trabajo de la CEDSPI realiz\u00f3 una visita de reconocimiento al espacio f\u00edsico, durante la cual fueron guiados por el director del CBTa No. 5, Ignacio Hern\u00e1ndez Garc\u00eda, y Pedro Morales D\u00edaz, jefe del departamento de producci\u00f3n de la instituci\u00f3n, quienes han estado resguardando el lugar y promoviendo su estudio por varios a\u00f1os.<\/p>\n\n\n\n<p>Prisco Manuel Guti\u00e9rrez, Comisionado de la CEDSPI, y el alcalde de Huejutla de Reyes, Daniel Andrade Zurutuza, informaron que recientemente se reunieron con el personal del Instituto Nacional de Antropolog\u00eda e Historia (INAH), a fin iniciar los trabajos de investigaci\u00f3n que ayudar\u00e1n a determinar el tipo de construcciones encontradas y su antig\u00fcedad, as\u00ed como evaluar la posibilidad de abrir este sitio al p\u00fablico.<\/p>\n\n\n\n<p>El \u00e1rea en cuesti\u00f3n abarca cinco hect\u00e1reas, en las que se han identificado asentamientos con mont\u00edculos prehisp\u00e1nicos. Adem\u00e1s, la zona colindante ha sido considerada como una posible ubicaci\u00f3n para uno de los centros ceremoniales que la CEDSPI se propone construir en cada una de las tres regiones del estado: Huasteca, Otom\u00ed-Tepehua y Valle del Mezquital.<\/p>\n\n\n\n<p>En su participaci\u00f3n, el presidente municipal de Huejutla expres\u00f3 su agradecimiento al gobernador, Julio Menchaca, por todo el apoyo brindado para resaltar la riqueza cultural de la Huasteca.&nbsp;<\/p>\n\n\n\n<p>Adem\u00e1s, manifest\u00f3 su inter\u00e9s en que mandatarios de otros estados, e incluso el presidente de la Rep\u00fablica, pudieran asistir a la conmemoraci\u00f3n. Tambi\u00e9n enfatiz\u00f3 que este tipo de eventos contribuye a alcanzar la certificaci\u00f3n como Pueblo M\u00e1gico que busca su municipio.<\/p>\n\n\n\n<p>Para concluir, el titular de la CEDSPI expres\u00f3 su confianza en que el espacio pueda ser habilitado y convertirse en un centro ceremonial de gran importancia para preservar la cultura: \u201cEsperamos que, en un tiempo que no sea demasiado, el INAH permita abrir al p\u00fablico un espacio de historia, de arqueolog\u00eda, de identidad y cosmovisi\u00f3n de los pueblos ind\u00edgenas\u201d.<\/p>\n\n\n\n<figure class=\"wp-block-image size-full\"><img fetchpriority=\"high\" decoding=\"async\" width=\"940\" height=\"788\" src=\"https:\/\/www.zunoticia.com\/noticias-de-hidalgo\/wp-content\/uploads\/2023\/05\/2-183.png\" alt=\"\" class=\"wp-image-483042\" srcset=\"https:\/\/www.zunoticia.com\/noticias-de-hidalgo\/wp-content\/uploads\/2023\/05\/2-183.png 940w, https:\/\/www.zunoticia.com\/noticias-de-hidalgo\/wp-content\/uploads\/2023\/05\/2-183-300x251.png 300w, https:\/\/www.zunoticia.com\/noticias-de-hidalgo\/wp-content\/uploads\/2023\/05\/2-183-768x644.png 768w\" sizes=\"(max-width: 940px) 100vw, 940px\" \/><\/figure>\n","protected":false},"excerpt":{"rendered":"<p>Por Redacci\u00f3n\/Zunoticia Pachuca de Soto, Hgo.- La Comisi\u00f3n Estatal para el Desarrollo Sostenible de los Pueblos Ind\u00edgenas (CEDSPI) y la presidencia municipal de Huejutla dieron a conocer que est\u00e1n colaborando para conmemorar el D\u00eda Internacional de los Pueblos Ind\u00edgenas en la zona de vestigios arqueol\u00f3gicos que se encuentran al interior del Centro de Bachillerato Tecnol\u00f3gico&hellip; <a class=\"more-link\" href=\"https:\/\/www.zunoticia.com\/noticias-de-hidalgo\/2023\/05\/23\/celebraran-dia-internacional-de-los-pueblos-indigenas-en-zona-de-vestigios-arqueologicos-en-huejutla\/\">Seguir leyendo <span class=\"screen-reader-text\">Celebrar\u00e1n D\u00eda Internacional de los Pueblos Ind\u00edgenas en zona de vestigios arqueol\u00f3gicos en Huejutla<\/span><\/a><\/p>\n","protected":false},"author":20,"featured_media":483041,"comment_status":"closed","ping_status":"open","sticky":false,"template":"","format":"standard","meta":{"rop_custom_images_group":[],"rop_custom_messages_group":[],"rop_publish_now":"initial","rop_publish_now_accounts":{"facebook_10159540855086992_322828327761733":""},"rop_publish_now_history":[],"rop_publish_now_status":"pending","footnotes":""},"categories":[208],"tags":[214],"class_list":["post-483040","post","type-post","status-publish","format-standard","has-post-thumbnail","hentry","category-estado","tag-estado","entry"],"_links":{"self":[{"href":"https:\/\/www.zunoticia.com\/noticias-de-hidalgo\/wp-json\/wp\/v2\/posts\/483040","targetHints":{"allow":["GET"]}}],"collection":[{"href":"https:\/\/www.zunoticia.com\/noticias-de-hidalgo\/wp-json\/wp\/v2\/posts"}],"about":[{"href":"https:\/\/www.zunoticia.com\/noticias-de-hidalgo\/wp-json\/wp\/v2\/types\/post"}],"author":[{"embeddable":true,"href":"https:\/\/www.zunoticia.com\/noticias-de-hidalgo\/wp-json\/wp\/v2\/users\/20"}],"replies":[{"embeddable":true,"href":"https:\/\/www.zunoticia.com\/noticias-de-hidalgo\/wp-json\/wp\/v2\/comments?post=483040"}],"version-history":[{"count":1,"href":"https:\/\/www.zunoticia.com\/noticias-de-hidalgo\/wp-json\/wp\/v2\/posts\/483040\/revisions"}],"predecessor-version":[{"id":483043,"href":"https:\/\/www.zunoticia.com\/noticias-de-hidalgo\/wp-json\/wp\/v2\/posts\/483040\/revisions\/483043"}],"wp:featuredmedia":[{"embeddable":true,"href":"https:\/\/www.zunoticia.com\/noticias-de-hidalgo\/wp-json\/wp\/v2\/media\/483041"}],"wp:attachment":[{"href":"https:\/\/www.zunoticia.com\/noticias-de-hidalgo\/wp-json\/wp\/v2\/media?parent=483040"}],"wp:term":[{"taxonomy":"category","embeddable":true,"href":"https:\/\/www.zunoticia.com\/noticias-de-hidalgo\/wp-json\/wp\/v2\/categories?post=483040"},{"taxonomy":"post_tag","embeddable":true,"href":"https:\/\/www.zunoticia.com\/noticias-de-hidalgo\/wp-json\/wp\/v2\/tags?post=483040"}],"curies":[{"name":"wp","href":"https:\/\/api.w.org\/{rel}","templated":true}]}}