{"id":483055,"date":"2023-05-23T21:28:53","date_gmt":"2023-05-24T03:28:53","guid":{"rendered":"https:\/\/www.zunoticia.com\/noticias-de-hidalgo\/?p=483055"},"modified":"2023-05-23T21:29:29","modified_gmt":"2023-05-24T03:29:29","slug":"disminuyen-detenciones-por-faltas-administrativas-3","status":"publish","type":"post","link":"https:\/\/www.zunoticia.com\/noticias-de-hidalgo\/2023\/05\/23\/disminuyen-detenciones-por-faltas-administrativas-3\/","title":{"rendered":"Disminuyen detenciones por faltas administrativas"},"content":{"rendered":"<aside class=\"mashsb-container mashsb-main mashsb-stretched\"><div class=\"mashsb-box\"><div class=\"mashsb-count mash-large\" style=\"float:left\"><div class=\"counts mashsbcount\">33<\/div><span class=\"mashsb-sharetext\">SHARES<\/span><\/div><div class=\"mashsb-buttons\"><a class=\"mashicon-facebook mash-large mash-center mashsb-noshadow\" href=\"https:\/\/www.facebook.com\/sharer.php?u=https%3A%2F%2Fwww.zunoticia.com%2Fnoticias-de-hidalgo%2F2023%2F05%2F23%2Fdisminuyen-detenciones-por-faltas-administrativas-3%2F\" target=\"_top\" rel=\"nofollow\"><span class=\"icon\"><\/span><span class=\"text\">Share<\/span><\/a><a class=\"mashicon-twitter mash-large mash-center mashsb-noshadow\" href=\"https:\/\/twitter.com\/intent\/tweet?text=&amp;url=https:\/\/www.zunoticia.com\/noticias-de-hidalgo\/2023\/05\/23\/disminuyen-detenciones-por-faltas-administrativas-3\/\" target=\"_top\" rel=\"nofollow\"><span class=\"icon\"><\/span><span class=\"text\">Tweet<\/span><\/a><div class=\"onoffswitch2 mash-large mashsb-noshadow\" style=\"display:none\"><\/div><\/div>\n            <\/div>\n                <div style=\"clear:both\"><\/div><div class=\"mashsb-toggle-container\"><\/div><\/aside>\n            <!-- Share buttons by mashshare.net - Version: 4.0.47-->\n<p><em>Por Francisco Rosas\/Zunoticia<\/em><\/p>\n\n\n\n<p><strong>Huejutla, Hgo.-<\/strong> Personal de la Secretar\u00eda de Seguridad P\u00fablica y Tr\u00e1nsito Municipal dio a conocer que durante los primeros cinco meses de este 2023, han disminuido considerablemente las detenciones por faltas administrativas.<\/p>\n\n\n\n<p>Agentes de las fuerzas municipales, bajo el mando del comisario Leonilo Rodr\u00edguez Hern\u00e1ndez, afirmaron que, en comparaci\u00f3n con meses anteriores, hay pocos arrestos por faltas, no obstante, las detenciones por violencia familiar son dif\u00edciles de erradicar, ya que son las m\u00e1s comunes que se presentan en esta regi\u00f3n de la huasteca hidalguense.<\/p>\n\n\n\n<p>Refieren que los uniformados que est\u00e1n laborando de manera normal mediante recorridos constantes en colonias y comunidades, est\u00e1n para inhibir actos delictivos, as\u00ed tambi\u00e9n se han activado filtros de revisi\u00f3n en carreteras y puntos estrat\u00e9gicos de la ciudad.<\/p>\n","protected":false},"excerpt":{"rendered":"<p>Por Francisco Rosas\/Zunoticia Huejutla, Hgo.- Personal de la Secretar\u00eda de Seguridad P\u00fablica y Tr\u00e1nsito Municipal dio a conocer que durante los primeros cinco meses de este 2023, han disminuido considerablemente las detenciones por faltas administrativas. Agentes de las fuerzas municipales, bajo el mando del comisario Leonilo Rodr\u00edguez Hern\u00e1ndez, afirmaron que, en comparaci\u00f3n con meses anteriores,&hellip; <a class=\"more-link\" href=\"https:\/\/www.zunoticia.com\/noticias-de-hidalgo\/2023\/05\/23\/disminuyen-detenciones-por-faltas-administrativas-3\/\">Seguir leyendo <span class=\"screen-reader-text\">Disminuyen detenciones por faltas administrativas<\/span><\/a><\/p>\n","protected":false},"author":12,"featured_media":483056,"comment_status":"closed","ping_status":"open","sticky":false,"template":"","format":"standard","meta":{"rop_custom_images_group":[],"rop_custom_messages_group":[],"rop_publish_now":"initial","rop_publish_now_accounts":{"facebook_10159540855086992_322828327761733":""},"rop_publish_now_history":[],"rop_publish_now_status":"pending","footnotes":""},"categories":[178],"tags":[259],"class_list":["post-483055","post","type-post","status-publish","format-standard","has-post-thumbnail","hentry","category-policiaca","tag-policiaca","entry"],"_links":{"self":[{"href":"https:\/\/www.zunoticia.com\/noticias-de-hidalgo\/wp-json\/wp\/v2\/posts\/483055","targetHints":{"allow":["GET"]}}],"collection":[{"href":"https:\/\/www.zunoticia.com\/noticias-de-hidalgo\/wp-json\/wp\/v2\/posts"}],"about":[{"href":"https:\/\/www.zunoticia.com\/noticias-de-hidalgo\/wp-json\/wp\/v2\/types\/post"}],"author":[{"embeddable":true,"href":"https:\/\/www.zunoticia.com\/noticias-de-hidalgo\/wp-json\/wp\/v2\/users\/12"}],"replies":[{"embeddable":true,"href":"https:\/\/www.zunoticia.com\/noticias-de-hidalgo\/wp-json\/wp\/v2\/comments?post=483055"}],"version-history":[{"count":1,"href":"https:\/\/www.zunoticia.com\/noticias-de-hidalgo\/wp-json\/wp\/v2\/posts\/483055\/revisions"}],"predecessor-version":[{"id":483057,"href":"https:\/\/www.zunoticia.com\/noticias-de-hidalgo\/wp-json\/wp\/v2\/posts\/483055\/revisions\/483057"}],"wp:featuredmedia":[{"embeddable":true,"href":"https:\/\/www.zunoticia.com\/noticias-de-hidalgo\/wp-json\/wp\/v2\/media\/483056"}],"wp:attachment":[{"href":"https:\/\/www.zunoticia.com\/noticias-de-hidalgo\/wp-json\/wp\/v2\/media?parent=483055"}],"wp:term":[{"taxonomy":"category","embeddable":true,"href":"https:\/\/www.zunoticia.com\/noticias-de-hidalgo\/wp-json\/wp\/v2\/categories?post=483055"},{"taxonomy":"post_tag","embeddable":true,"href":"https:\/\/www.zunoticia.com\/noticias-de-hidalgo\/wp-json\/wp\/v2\/tags?post=483055"}],"curies":[{"name":"wp","href":"https:\/\/api.w.org\/{rel}","templated":true}]}}