{"id":483365,"date":"2023-05-25T17:13:16","date_gmt":"2023-05-25T23:13:16","guid":{"rendered":"https:\/\/www.zunoticia.com\/noticias-de-hidalgo\/?p=483365"},"modified":"2023-05-25T17:13:17","modified_gmt":"2023-05-25T23:13:17","slug":"comerciantes-de-huejutla-preparados-para-temporada-de-clausuras","status":"publish","type":"post","link":"https:\/\/www.zunoticia.com\/noticias-de-hidalgo\/2023\/05\/25\/comerciantes-de-huejutla-preparados-para-temporada-de-clausuras\/","title":{"rendered":"Comerciantes de Huejutla preparados para temporada de \u201cclausuras\u201d"},"content":{"rendered":"<aside class=\"mashsb-container mashsb-main mashsb-stretched\"><div class=\"mashsb-box\"><div class=\"mashsb-count mash-large\" style=\"float:left\"><div class=\"counts mashsbcount\">3<\/div><span class=\"mashsb-sharetext\">SHARES<\/span><\/div><div class=\"mashsb-buttons\"><a class=\"mashicon-facebook mash-large mash-center mashsb-noshadow\" href=\"https:\/\/www.facebook.com\/sharer.php?u=https%3A%2F%2Fwww.zunoticia.com%2Fnoticias-de-hidalgo%2F2023%2F05%2F25%2Fcomerciantes-de-huejutla-preparados-para-temporada-de-clausuras%2F\" target=\"_top\" rel=\"nofollow\"><span class=\"icon\"><\/span><span class=\"text\">Share<\/span><\/a><a class=\"mashicon-twitter mash-large mash-center mashsb-noshadow\" href=\"https:\/\/twitter.com\/intent\/tweet?text=&amp;url=https:\/\/www.zunoticia.com\/noticias-de-hidalgo\/2023\/05\/25\/comerciantes-de-huejutla-preparados-para-temporada-de-clausuras\/\" target=\"_top\" rel=\"nofollow\"><span class=\"icon\"><\/span><span class=\"text\">Tweet<\/span><\/a><div class=\"onoffswitch2 mash-large mashsb-noshadow\" style=\"display:none\"><\/div><\/div>\n            <\/div>\n                <div style=\"clear:both\"><\/div><div class=\"mashsb-toggle-container\"><\/div><\/aside>\n            <!-- Share buttons by mashshare.net - Version: 4.0.47-->\n<p><em>Por Enedino Hern\u00e1ndez\/Zunoticia<\/em><\/p>\n\n\n\n<p><strong>Huejutla, Hgo<\/strong>.- \u201cLos comerciantes de Huejutla se preparan con toda anticipaci\u00f3n al traer la mercanc\u00eda necesaria para expenderla durante esta pr\u00f3xima temporada de \u201cclausuras\u201d, que se tendr\u00e1n en las escuelas\u201d, as\u00ed lo confirm\u00f3 el representantes de los Locatarios del Centro de Huejutla de Reyes, Emmanuel Hern\u00e1ndez.<\/p>\n\n\n\n<p>Detall\u00f3 que, tanto en la zona Centro como en el Mercado y en las colonias, podr\u00e1n encontrar algunos negocios debidamente establecidos en donde ubicar\u00e1n productos de su preferencia por la temporada de clausuras.<\/p>\n\n\n\n<p>Subray\u00f3 que, los productos que tienen un mayor movimiento comercial son los uniformes, ropa, calzado, incluso las papeler\u00edas en donde los padres de familia y maestros adquieren lo necesario para hacer las escenograf\u00edas de las clausuras.<\/p>\n\n\n\n<p>Sugiere a la poblaci\u00f3n en general que consuman productos que expenden los comerciantes locales, ya que de esta manera el recurso financiero o la econom\u00eda, habr\u00e1 de circular en la zona y no se ir\u00e1 para otros lugares.<\/p>\n\n\n\n<p>Record\u00f3 que, despu\u00e9s de la pandemia, el a\u00f1o pasado se alcanz\u00f3 un peque\u00f1o repunte en la actividad comercial, aunque no fue lo que se esperaba, sin embargo, dijo confiar que en esta ocasi\u00f3n la actividad comercial pudiera alcanzar un buen porcentaje.<\/p>\n\n\n\n<p>Concluy\u00f3 agradeciendo la confianza de los clientes, insistiendo que en este a\u00f1o esperan un mayor crecimiento en las ventas, para lo cual previamente se han preparado con los productos de temporada que en su momento ser\u00e1n requeridos por la clientela.<\/p>\n\n\n\n<p><\/p>\n","protected":false},"excerpt":{"rendered":"<p>Por Enedino Hern\u00e1ndez\/Zunoticia Huejutla, Hgo.- \u201cLos comerciantes de Huejutla se preparan con toda anticipaci\u00f3n al traer la mercanc\u00eda necesaria para expenderla durante esta pr\u00f3xima temporada de \u201cclausuras\u201d, que se tendr\u00e1n en las escuelas\u201d, as\u00ed lo confirm\u00f3 el representantes de los Locatarios del Centro de Huejutla de Reyes, Emmanuel Hern\u00e1ndez. Detall\u00f3 que, tanto en la zona&hellip; <a class=\"more-link\" href=\"https:\/\/www.zunoticia.com\/noticias-de-hidalgo\/2023\/05\/25\/comerciantes-de-huejutla-preparados-para-temporada-de-clausuras\/\">Seguir leyendo <span class=\"screen-reader-text\">Comerciantes de Huejutla preparados para temporada de \u201cclausuras\u201d<\/span><\/a><\/p>\n","protected":false},"author":20,"featured_media":483366,"comment_status":"closed","ping_status":"open","sticky":false,"template":"","format":"standard","meta":{"rop_custom_images_group":[],"rop_custom_messages_group":[],"rop_publish_now":"initial","rop_publish_now_accounts":{"facebook_10159540855086992_322828327761733":""},"rop_publish_now_history":[],"rop_publish_now_status":"pending","footnotes":""},"categories":[181],"tags":[121],"class_list":["post-483365","post","type-post","status-publish","format-standard","has-post-thumbnail","hentry","category-huejutla","tag-huejutla","entry"],"_links":{"self":[{"href":"https:\/\/www.zunoticia.com\/noticias-de-hidalgo\/wp-json\/wp\/v2\/posts\/483365","targetHints":{"allow":["GET"]}}],"collection":[{"href":"https:\/\/www.zunoticia.com\/noticias-de-hidalgo\/wp-json\/wp\/v2\/posts"}],"about":[{"href":"https:\/\/www.zunoticia.com\/noticias-de-hidalgo\/wp-json\/wp\/v2\/types\/post"}],"author":[{"embeddable":true,"href":"https:\/\/www.zunoticia.com\/noticias-de-hidalgo\/wp-json\/wp\/v2\/users\/20"}],"replies":[{"embeddable":true,"href":"https:\/\/www.zunoticia.com\/noticias-de-hidalgo\/wp-json\/wp\/v2\/comments?post=483365"}],"version-history":[{"count":1,"href":"https:\/\/www.zunoticia.com\/noticias-de-hidalgo\/wp-json\/wp\/v2\/posts\/483365\/revisions"}],"predecessor-version":[{"id":483367,"href":"https:\/\/www.zunoticia.com\/noticias-de-hidalgo\/wp-json\/wp\/v2\/posts\/483365\/revisions\/483367"}],"wp:featuredmedia":[{"embeddable":true,"href":"https:\/\/www.zunoticia.com\/noticias-de-hidalgo\/wp-json\/wp\/v2\/media\/483366"}],"wp:attachment":[{"href":"https:\/\/www.zunoticia.com\/noticias-de-hidalgo\/wp-json\/wp\/v2\/media?parent=483365"}],"wp:term":[{"taxonomy":"category","embeddable":true,"href":"https:\/\/www.zunoticia.com\/noticias-de-hidalgo\/wp-json\/wp\/v2\/categories?post=483365"},{"taxonomy":"post_tag","embeddable":true,"href":"https:\/\/www.zunoticia.com\/noticias-de-hidalgo\/wp-json\/wp\/v2\/tags?post=483365"}],"curies":[{"name":"wp","href":"https:\/\/api.w.org\/{rel}","templated":true}]}}