{"id":483393,"date":"2023-05-25T22:50:26","date_gmt":"2023-05-26T04:50:26","guid":{"rendered":"https:\/\/www.zunoticia.com\/noticias-de-hidalgo\/?p=483393"},"modified":"2023-05-25T22:50:27","modified_gmt":"2023-05-26T04:50:27","slug":"impulsa-sader-hidalgo-la-comercializacion-de-productos-artesanales","status":"publish","type":"post","link":"https:\/\/www.zunoticia.com\/noticias-de-hidalgo\/2023\/05\/25\/impulsa-sader-hidalgo-la-comercializacion-de-productos-artesanales\/","title":{"rendered":"Impulsa Sader Hidalgo la comercializaci\u00f3n de productos artesanales"},"content":{"rendered":"<aside class=\"mashsb-container mashsb-main mashsb-stretched\"><div class=\"mashsb-box\"><div class=\"mashsb-count mash-large\" style=\"float:left\"><div class=\"counts mashsbcount\">27<\/div><span class=\"mashsb-sharetext\">SHARES<\/span><\/div><div class=\"mashsb-buttons\"><a class=\"mashicon-facebook mash-large mash-center mashsb-noshadow\" href=\"https:\/\/www.facebook.com\/sharer.php?u=https%3A%2F%2Fwww.zunoticia.com%2Fnoticias-de-hidalgo%2F2023%2F05%2F25%2Fimpulsa-sader-hidalgo-la-comercializacion-de-productos-artesanales%2F\" target=\"_top\" rel=\"nofollow\"><span class=\"icon\"><\/span><span class=\"text\">Share<\/span><\/a><a class=\"mashicon-twitter mash-large mash-center mashsb-noshadow\" href=\"https:\/\/twitter.com\/intent\/tweet?text=&amp;url=https:\/\/www.zunoticia.com\/noticias-de-hidalgo\/2023\/05\/25\/impulsa-sader-hidalgo-la-comercializacion-de-productos-artesanales\/\" target=\"_top\" rel=\"nofollow\"><span class=\"icon\"><\/span><span class=\"text\">Tweet<\/span><\/a><div class=\"onoffswitch2 mash-large mashsb-noshadow\" style=\"display:none\"><\/div><\/div>\n            <\/div>\n                <div style=\"clear:both\"><\/div><div class=\"mashsb-toggle-container\"><\/div><\/aside>\n            <!-- Share buttons by mashshare.net - Version: 4.0.47-->\n<p><em>Por Redacci\u00f3n\/Zunoticia<\/em><\/p>\n\n\n\n<p><strong>Pachuca, Hgo<\/strong>.- La Secretar\u00eda de Agricultura y Desarrollo Rural (Sader) de Hidalgo, con el objetivo de fomentar el consumo de los productos hechos en el estado, y dar continuidad a su promoci\u00f3n y difusi\u00f3n, realizar\u00e1 por segunda ocasi\u00f3n la exposici\u00f3n agrocomercial Los Campos de Hidalgo, en el centro comercial Explanada, ubicado al sur de la ciudad de Pachuca.<\/p>\n\n\n\n<p>El titular de la dependencia, Napole\u00f3n Gonz\u00e1lez P\u00e9rez, se\u00f1al\u00f3 que, parte de las pol\u00edticas que el gobernador Julio Menchaca Salazar ha implementado en apoyo al campo, es mantener contacto y cercan\u00eda con los productores, sin intermediarios, por ello, a trav\u00e9s de este tipo de exhibiciones, se impulsa la comercializaci\u00f3n en espacio seguros.<\/p>\n\n\n\n<p>En \u201cLos Campos de Hidalgo\u201d, 30 productoras y productores hidalguenses tendr\u00e1n a la venta salsas, conservas, dulces y botanas artesanales, caf\u00e9, miel de abeja, cosm\u00e9ticos naturales, sal de chinicuil, licores, l\u00e1cteos y artesan\u00edas.<\/p>\n\n\n\n<figure class=\"wp-block-image size-large\"><img fetchpriority=\"high\" decoding=\"async\" width=\"1024\" height=\"697\" src=\"https:\/\/www.zunoticia.com\/noticias-de-hidalgo\/wp-content\/uploads\/2023\/05\/eZy-Watermark-25-05-2023-10-31-29-3040p.m.-1024x697.jpg\" alt=\"\" class=\"wp-image-483412\" srcset=\"https:\/\/www.zunoticia.com\/noticias-de-hidalgo\/wp-content\/uploads\/2023\/05\/eZy-Watermark-25-05-2023-10-31-29-3040p.m.-1024x697.jpg 1024w, https:\/\/www.zunoticia.com\/noticias-de-hidalgo\/wp-content\/uploads\/2023\/05\/eZy-Watermark-25-05-2023-10-31-29-3040p.m.-300x204.jpg 300w, https:\/\/www.zunoticia.com\/noticias-de-hidalgo\/wp-content\/uploads\/2023\/05\/eZy-Watermark-25-05-2023-10-31-29-3040p.m.-768x523.jpg 768w, https:\/\/www.zunoticia.com\/noticias-de-hidalgo\/wp-content\/uploads\/2023\/05\/eZy-Watermark-25-05-2023-10-31-29-3040p.m..jpg 1280w\" sizes=\"(max-width: 1024px) 100vw, 1024px\" \/><\/figure>\n\n\n\n<p>La Sader Hidalgo hace la invitaci\u00f3n a las familias a conocer y consumir los diversos productos de calidad que ofrecer\u00e1n las expositoras y expositores el s\u00e1bado 27 y el domingo 28 de mayo, en las instalaciones del centro comercial Explanada, en un horario de 11:00 a. m. a 08:00 p. m.<\/p>\n","protected":false},"excerpt":{"rendered":"<p>Por Redacci\u00f3n\/Zunoticia Pachuca, Hgo.- La Secretar\u00eda de Agricultura y Desarrollo Rural (Sader) de Hidalgo, con el objetivo de fomentar el consumo de los productos hechos en el estado, y dar continuidad a su promoci\u00f3n y difusi\u00f3n, realizar\u00e1 por segunda ocasi\u00f3n la exposici\u00f3n agrocomercial Los Campos de Hidalgo, en el centro comercial Explanada, ubicado al sur&hellip; <a class=\"more-link\" href=\"https:\/\/www.zunoticia.com\/noticias-de-hidalgo\/2023\/05\/25\/impulsa-sader-hidalgo-la-comercializacion-de-productos-artesanales\/\">Seguir leyendo <span class=\"screen-reader-text\">Impulsa Sader Hidalgo la comercializaci\u00f3n de productos artesanales<\/span><\/a><\/p>\n","protected":false},"author":12,"featured_media":483413,"comment_status":"closed","ping_status":"open","sticky":false,"template":"","format":"standard","meta":{"rop_custom_images_group":[],"rop_custom_messages_group":[],"rop_publish_now":"initial","rop_publish_now_accounts":{"facebook_10159540855086992_322828327761733":""},"rop_publish_now_history":[],"rop_publish_now_status":"pending","footnotes":""},"categories":[208],"tags":[214],"class_list":["post-483393","post","type-post","status-publish","format-standard","has-post-thumbnail","hentry","category-estado","tag-estado","entry"],"_links":{"self":[{"href":"https:\/\/www.zunoticia.com\/noticias-de-hidalgo\/wp-json\/wp\/v2\/posts\/483393","targetHints":{"allow":["GET"]}}],"collection":[{"href":"https:\/\/www.zunoticia.com\/noticias-de-hidalgo\/wp-json\/wp\/v2\/posts"}],"about":[{"href":"https:\/\/www.zunoticia.com\/noticias-de-hidalgo\/wp-json\/wp\/v2\/types\/post"}],"author":[{"embeddable":true,"href":"https:\/\/www.zunoticia.com\/noticias-de-hidalgo\/wp-json\/wp\/v2\/users\/12"}],"replies":[{"embeddable":true,"href":"https:\/\/www.zunoticia.com\/noticias-de-hidalgo\/wp-json\/wp\/v2\/comments?post=483393"}],"version-history":[{"count":1,"href":"https:\/\/www.zunoticia.com\/noticias-de-hidalgo\/wp-json\/wp\/v2\/posts\/483393\/revisions"}],"predecessor-version":[{"id":483437,"href":"https:\/\/www.zunoticia.com\/noticias-de-hidalgo\/wp-json\/wp\/v2\/posts\/483393\/revisions\/483437"}],"wp:featuredmedia":[{"embeddable":true,"href":"https:\/\/www.zunoticia.com\/noticias-de-hidalgo\/wp-json\/wp\/v2\/media\/483413"}],"wp:attachment":[{"href":"https:\/\/www.zunoticia.com\/noticias-de-hidalgo\/wp-json\/wp\/v2\/media?parent=483393"}],"wp:term":[{"taxonomy":"category","embeddable":true,"href":"https:\/\/www.zunoticia.com\/noticias-de-hidalgo\/wp-json\/wp\/v2\/categories?post=483393"},{"taxonomy":"post_tag","embeddable":true,"href":"https:\/\/www.zunoticia.com\/noticias-de-hidalgo\/wp-json\/wp\/v2\/tags?post=483393"}],"curies":[{"name":"wp","href":"https:\/\/api.w.org\/{rel}","templated":true}]}}