{"id":483439,"date":"2023-05-25T22:59:30","date_gmt":"2023-05-26T04:59:30","guid":{"rendered":"https:\/\/www.zunoticia.com\/noticias-de-hidalgo\/?p=483439"},"modified":"2023-05-25T22:59:31","modified_gmt":"2023-05-26T04:59:31","slug":"exigen-desafuero-del-alcalde-de-calnali","status":"publish","type":"post","link":"https:\/\/www.zunoticia.com\/noticias-de-hidalgo\/2023\/05\/25\/exigen-desafuero-del-alcalde-de-calnali\/","title":{"rendered":"Exigen desafuero del alcalde de Calnali"},"content":{"rendered":"<aside class=\"mashsb-container mashsb-main mashsb-stretched\"><div class=\"mashsb-box\"><div class=\"mashsb-count mash-large\" style=\"float:left\"><div class=\"counts mashsbcount\">44<\/div><span class=\"mashsb-sharetext\">SHARES<\/span><\/div><div class=\"mashsb-buttons\"><a class=\"mashicon-facebook mash-large mash-center mashsb-noshadow\" href=\"https:\/\/www.facebook.com\/sharer.php?u=https%3A%2F%2Fwww.zunoticia.com%2Fnoticias-de-hidalgo%2F2023%2F05%2F25%2Fexigen-desafuero-del-alcalde-de-calnali%2F\" target=\"_top\" rel=\"nofollow\"><span class=\"icon\"><\/span><span class=\"text\">Share<\/span><\/a><a class=\"mashicon-twitter mash-large mash-center mashsb-noshadow\" href=\"https:\/\/twitter.com\/intent\/tweet?text=&amp;url=https:\/\/www.zunoticia.com\/noticias-de-hidalgo\/2023\/05\/25\/exigen-desafuero-del-alcalde-de-calnali\/\" target=\"_top\" rel=\"nofollow\"><span class=\"icon\"><\/span><span class=\"text\">Tweet<\/span><\/a><div class=\"onoffswitch2 mash-large mashsb-noshadow\" style=\"display:none\"><\/div><\/div>\n            <\/div>\n                <div style=\"clear:both\"><\/div><div class=\"mashsb-toggle-container\"><\/div><\/aside>\n            <!-- Share buttons by mashshare.net - Version: 4.0.47-->\n<ul class=\"wp-block-list\">\n<li>Lamentan que el Obispo de la Di\u00f3cesis de Huejutla, Jos\u00e9 Ira\u00eds Acosta, se est\u00e9 entrometido para defender al alcalde de Calnali.<\/li>\n<\/ul>\n\n\n\n<p><em>Por Roberto Meza\/Zunoticia<\/em><\/p>\n\n\n\n<p><strong>Huazalingo, Hgo.-<\/strong> Un grupo de habitantes del municipio de Calnali, durante la visita del gobernador al municipio, se manifestaron en el kiosco central de esta localidad en contra del alcalde Isaid Acosta T\u00e9llez, a fin de que el gobernador del estado de Hidalgo, Julio Menchaca, intervenga y puedan desaforarlo para que se le aplique la acci\u00f3n de la justicia por la estafa siniestra en la que se vio involucrado.<\/p>\n\n\n\n<figure class=\"wp-block-image size-large\"><img fetchpriority=\"high\" decoding=\"async\" width=\"1024\" height=\"576\" src=\"https:\/\/www.zunoticia.com\/noticias-de-hidalgo\/wp-content\/uploads\/2023\/05\/eZy-Watermark-25-05-2023-08-31-01-1550p.m.-1024x576.jpg\" alt=\"\" class=\"wp-image-483394\" srcset=\"https:\/\/www.zunoticia.com\/noticias-de-hidalgo\/wp-content\/uploads\/2023\/05\/eZy-Watermark-25-05-2023-08-31-01-1550p.m.-1024x576.jpg 1024w, https:\/\/www.zunoticia.com\/noticias-de-hidalgo\/wp-content\/uploads\/2023\/05\/eZy-Watermark-25-05-2023-08-31-01-1550p.m.-300x169.jpg 300w, https:\/\/www.zunoticia.com\/noticias-de-hidalgo\/wp-content\/uploads\/2023\/05\/eZy-Watermark-25-05-2023-08-31-01-1550p.m.-768x432.jpg 768w, https:\/\/www.zunoticia.com\/noticias-de-hidalgo\/wp-content\/uploads\/2023\/05\/eZy-Watermark-25-05-2023-08-31-01-1550p.m..jpg 1032w\" sizes=\"(max-width: 1024px) 100vw, 1024px\" \/><\/figure>\n\n\n\n<p>Emma Lara Oviedo, integrante del Consejo Municipal de Colaboraci\u00f3n Ciudadana de ese municipio, resalt\u00f3 que este d\u00eda se manifestaron derivado de que se le vincul\u00f3 a proceso y ya debe de ser desaforado y ser sustituido por el suplente y hay una simulaci\u00f3n y no saben si est\u00e1 eso en el gobierno o en el congreso del estado, pero tal parece que el presidente del Congreso del estado no quiere avanzar.<\/p>\n\n\n\n<figure class=\"wp-block-image size-large\"><img decoding=\"async\" width=\"1024\" height=\"576\" src=\"https:\/\/www.zunoticia.com\/noticias-de-hidalgo\/wp-content\/uploads\/2023\/05\/Imagen-de-WhatsApp-2023-05-25-a-las-20.28.071-1024x576.jpg\" alt=\"\" class=\"wp-image-483395\" srcset=\"https:\/\/www.zunoticia.com\/noticias-de-hidalgo\/wp-content\/uploads\/2023\/05\/Imagen-de-WhatsApp-2023-05-25-a-las-20.28.071-1024x576.jpg 1024w, https:\/\/www.zunoticia.com\/noticias-de-hidalgo\/wp-content\/uploads\/2023\/05\/Imagen-de-WhatsApp-2023-05-25-a-las-20.28.071-300x169.jpg 300w, https:\/\/www.zunoticia.com\/noticias-de-hidalgo\/wp-content\/uploads\/2023\/05\/Imagen-de-WhatsApp-2023-05-25-a-las-20.28.071-768x432.jpg 768w, https:\/\/www.zunoticia.com\/noticias-de-hidalgo\/wp-content\/uploads\/2023\/05\/Imagen-de-WhatsApp-2023-05-25-a-las-20.28.071.jpg 1032w\" sizes=\"(max-width: 1024px) 100vw, 1024px\" \/><\/figure>\n\n\n\n<p>M\u00e1s adelante refiri\u00f3 que en los otros municipios ya est\u00e1n sustituidos y en este municipio no se ha hecho nada, al contrario, los est\u00e1n premiando, por lo que en Congreso ya debe de actuar para que el edil de Calnali siga su proceso por mal manejo de los recursos p\u00fablicos.<\/p>\n\n\n\n<p>Apunt\u00f3 que son 237 obras irregulares las que existen en Calnali por la corrupci\u00f3n del alcalde en turno, por eso es necesario que se le aplique todo el peso de la ley.<\/p>\n\n\n\n<figure class=\"wp-block-image size-large\"><img decoding=\"async\" width=\"1024\" height=\"576\" src=\"https:\/\/www.zunoticia.com\/noticias-de-hidalgo\/wp-content\/uploads\/2023\/05\/Imagen-de-WhatsApp-2023-05-25-a-las-20.28.06-1024x576.jpg\" alt=\"\" class=\"wp-image-483397\" srcset=\"https:\/\/www.zunoticia.com\/noticias-de-hidalgo\/wp-content\/uploads\/2023\/05\/Imagen-de-WhatsApp-2023-05-25-a-las-20.28.06-1024x576.jpg 1024w, https:\/\/www.zunoticia.com\/noticias-de-hidalgo\/wp-content\/uploads\/2023\/05\/Imagen-de-WhatsApp-2023-05-25-a-las-20.28.06-300x169.jpg 300w, https:\/\/www.zunoticia.com\/noticias-de-hidalgo\/wp-content\/uploads\/2023\/05\/Imagen-de-WhatsApp-2023-05-25-a-las-20.28.06-768x432.jpg 768w, https:\/\/www.zunoticia.com\/noticias-de-hidalgo\/wp-content\/uploads\/2023\/05\/Imagen-de-WhatsApp-2023-05-25-a-las-20.28.06.jpg 1032w\" sizes=\"(max-width: 1024px) 100vw, 1024px\" \/><\/figure>\n\n\n\n<p>Se\u00f1alaron al Obispo de Huejutla, Jos\u00e9 Ira\u00eds Acosta Beltr\u00e1n, de estar interviniendo y protegiendo a su familiar, para evitar que Isaid Acosta T\u00e9llez enfrente la acci\u00f3n de la justicia.<\/p>\n\n\n\n<p>As\u00ed mismo lamentaron el actuar diputado No\u00e9 Hern\u00e1ndez Bravo, quien est\u00e1 al frente de la Comisi\u00f3n de Gobernaci\u00f3n y no da un resolutivo.<\/p>\n","protected":false},"excerpt":{"rendered":"<p>Por Roberto Meza\/Zunoticia Huazalingo, Hgo.- Un grupo de habitantes del municipio de Calnali, durante la visita del gobernador al municipio, se manifestaron en el kiosco central de esta localidad en contra del alcalde Isaid Acosta T\u00e9llez, a fin de que el gobernador del estado de Hidalgo, Julio Menchaca, intervenga y puedan desaforarlo para que se&hellip; <a class=\"more-link\" href=\"https:\/\/www.zunoticia.com\/noticias-de-hidalgo\/2023\/05\/25\/exigen-desafuero-del-alcalde-de-calnali\/\">Seguir leyendo <span class=\"screen-reader-text\">Exigen desafuero del alcalde de Calnali<\/span><\/a><\/p>\n","protected":false},"author":12,"featured_media":483396,"comment_status":"closed","ping_status":"open","sticky":false,"template":"","format":"standard","meta":{"rop_custom_images_group":[],"rop_custom_messages_group":[],"rop_publish_now":"initial","rop_publish_now_accounts":{"facebook_10159540855086992_322828327761733":""},"rop_publish_now_history":[],"rop_publish_now_status":"pending","footnotes":""},"categories":[179,212],"tags":[138],"class_list":["post-483439","post","type-post","status-publish","format-standard","has-post-thumbnail","hentry","category-huasteca","category-huazalingo","tag-huazalingo","entry"],"_links":{"self":[{"href":"https:\/\/www.zunoticia.com\/noticias-de-hidalgo\/wp-json\/wp\/v2\/posts\/483439","targetHints":{"allow":["GET"]}}],"collection":[{"href":"https:\/\/www.zunoticia.com\/noticias-de-hidalgo\/wp-json\/wp\/v2\/posts"}],"about":[{"href":"https:\/\/www.zunoticia.com\/noticias-de-hidalgo\/wp-json\/wp\/v2\/types\/post"}],"author":[{"embeddable":true,"href":"https:\/\/www.zunoticia.com\/noticias-de-hidalgo\/wp-json\/wp\/v2\/users\/12"}],"replies":[{"embeddable":true,"href":"https:\/\/www.zunoticia.com\/noticias-de-hidalgo\/wp-json\/wp\/v2\/comments?post=483439"}],"version-history":[{"count":1,"href":"https:\/\/www.zunoticia.com\/noticias-de-hidalgo\/wp-json\/wp\/v2\/posts\/483439\/revisions"}],"predecessor-version":[{"id":483441,"href":"https:\/\/www.zunoticia.com\/noticias-de-hidalgo\/wp-json\/wp\/v2\/posts\/483439\/revisions\/483441"}],"wp:featuredmedia":[{"embeddable":true,"href":"https:\/\/www.zunoticia.com\/noticias-de-hidalgo\/wp-json\/wp\/v2\/media\/483396"}],"wp:attachment":[{"href":"https:\/\/www.zunoticia.com\/noticias-de-hidalgo\/wp-json\/wp\/v2\/media?parent=483439"}],"wp:term":[{"taxonomy":"category","embeddable":true,"href":"https:\/\/www.zunoticia.com\/noticias-de-hidalgo\/wp-json\/wp\/v2\/categories?post=483439"},{"taxonomy":"post_tag","embeddable":true,"href":"https:\/\/www.zunoticia.com\/noticias-de-hidalgo\/wp-json\/wp\/v2\/tags?post=483439"}],"curies":[{"name":"wp","href":"https:\/\/api.w.org\/{rel}","templated":true}]}}