{"id":483442,"date":"2023-05-25T23:04:23","date_gmt":"2023-05-26T05:04:23","guid":{"rendered":"https:\/\/www.zunoticia.com\/noticias-de-hidalgo\/?p=483442"},"modified":"2023-05-25T23:04:25","modified_gmt":"2023-05-26T05:04:25","slug":"sistema-dif-hidalgo-celebra-mas-de-cuatro-decadas-de-atencion-a-grupos-prioritarios","status":"publish","type":"post","link":"https:\/\/www.zunoticia.com\/noticias-de-hidalgo\/2023\/05\/25\/sistema-dif-hidalgo-celebra-mas-de-cuatro-decadas-de-atencion-a-grupos-prioritarios\/","title":{"rendered":"Sistema DIF Hidalgo celebra m\u00e1s de cuatro d\u00e9cadas de atenci\u00f3n a grupos prioritarios"},"content":{"rendered":"<aside class=\"mashsb-container mashsb-main mashsb-stretched\"><div class=\"mashsb-box\"><div class=\"mashsb-count mash-large\" style=\"float:left\"><div class=\"counts mashsbcount\">13<\/div><span class=\"mashsb-sharetext\">SHARES<\/span><\/div><div class=\"mashsb-buttons\"><a class=\"mashicon-facebook mash-large mash-center mashsb-noshadow\" href=\"https:\/\/www.facebook.com\/sharer.php?u=https%3A%2F%2Fwww.zunoticia.com%2Fnoticias-de-hidalgo%2F2023%2F05%2F25%2Fsistema-dif-hidalgo-celebra-mas-de-cuatro-decadas-de-atencion-a-grupos-prioritarios%2F\" target=\"_top\" rel=\"nofollow\"><span class=\"icon\"><\/span><span class=\"text\">Share<\/span><\/a><a class=\"mashicon-twitter mash-large mash-center mashsb-noshadow\" href=\"https:\/\/twitter.com\/intent\/tweet?text=&amp;url=https:\/\/www.zunoticia.com\/noticias-de-hidalgo\/2023\/05\/25\/sistema-dif-hidalgo-celebra-mas-de-cuatro-decadas-de-atencion-a-grupos-prioritarios\/\" target=\"_top\" rel=\"nofollow\"><span class=\"icon\"><\/span><span class=\"text\">Tweet<\/span><\/a><div class=\"onoffswitch2 mash-large mashsb-noshadow\" style=\"display:none\"><\/div><\/div>\n            <\/div>\n                <div style=\"clear:both\"><\/div><div class=\"mashsb-toggle-container\"><\/div><\/aside>\n            <!-- Share buttons by mashshare.net - Version: 4.0.47-->\n<ul class=\"wp-block-list\">\n<li>Visi\u00f3n de Edda Vite ha permitido invertir mayores recursos en el desarrollo integral de quienes m\u00e1s lo necesitan.<\/li>\n<\/ul>\n\n\n\n<p><em>Por Redacci\u00f3n\/Zunoticia<\/em><\/p>\n\n\n\n<p><strong>Pachuca de Soto, Hgo<\/strong>.- El Sistema para el Desarrollo Integral de la Familia (DIF) de Hidalgo, cumpli\u00f3 46 a\u00f1os de trabajo por los derechos de los grupos prioritarios, por ello, la Familia DIFH, encabezada por Edda Vite Ramos, llev\u00f3 a cabo una ceremonia que tuvo lugar en el jard\u00edn de las oficinas centrales del organismo.<\/p>\n\n\n\n<figure class=\"wp-block-image size-large\"><img fetchpriority=\"high\" decoding=\"async\" width=\"1024\" height=\"682\" src=\"https:\/\/www.zunoticia.com\/noticias-de-hidalgo\/wp-content\/uploads\/2023\/05\/eZy-Watermark-25-05-2023-10-31-46-8260p.m.-1024x682.jpg\" alt=\"\" class=\"wp-image-483411\" srcset=\"https:\/\/www.zunoticia.com\/noticias-de-hidalgo\/wp-content\/uploads\/2023\/05\/eZy-Watermark-25-05-2023-10-31-46-8260p.m.-1024x682.jpg 1024w, https:\/\/www.zunoticia.com\/noticias-de-hidalgo\/wp-content\/uploads\/2023\/05\/eZy-Watermark-25-05-2023-10-31-46-8260p.m.-300x200.jpg 300w, https:\/\/www.zunoticia.com\/noticias-de-hidalgo\/wp-content\/uploads\/2023\/05\/eZy-Watermark-25-05-2023-10-31-46-8260p.m.-768x512.jpg 768w, https:\/\/www.zunoticia.com\/noticias-de-hidalgo\/wp-content\/uploads\/2023\/05\/eZy-Watermark-25-05-2023-10-31-46-8260p.m..jpg 1214w\" sizes=\"(max-width: 1024px) 100vw, 1024px\" \/><\/figure>\n\n\n\n<p>En su mensaje, Edda Vite dijo sentirse honrada por presidir esta instituci\u00f3n que tiene como fin garantizar los derechos de los grupos prioritarios y que es reconocida como la m\u00e1s cercana a la poblaci\u00f3n.<\/p>\n\n\n\n<p>De igual forma, invit\u00f3 a las y los presentes a seguir trabajando en equipo, con calidad y calidez en la atenci\u00f3n, pues s\u00f3lo as\u00ed se lograr\u00e1 cambiar la vida de quienes se encuentran en situaci\u00f3n de vulnerabilidad: \u201cYo los invito a seguir dando lo mejor de nosotros. Hagamos de esta instituci\u00f3n una instituci\u00f3n digna, una instituci\u00f3n fuerte y profesional\u201d.<\/p>\n\n\n\n<p>En su oportunidad, Javier Rodr\u00edguez Sagah\u00f3n, titular del Sistema, subray\u00f3 que es gracias al cambio de visi\u00f3n que impuls\u00f3 Edda Vite que en ocho meses de administraci\u00f3n el Sistema estatal enfoca esfuerzos y recursos en el desarrollo integral de los grupos prioritarios, hasta entonces invisibilizados.<\/p>\n\n\n\n<figure class=\"wp-block-image size-large\"><img decoding=\"async\" width=\"1024\" height=\"684\" src=\"https:\/\/www.zunoticia.com\/noticias-de-hidalgo\/wp-content\/uploads\/2023\/05\/eZy-Watermark-25-05-2023-10-32-20-4100p.m.-1024x684.jpg\" alt=\"\" class=\"wp-image-483409\" srcset=\"https:\/\/www.zunoticia.com\/noticias-de-hidalgo\/wp-content\/uploads\/2023\/05\/eZy-Watermark-25-05-2023-10-32-20-4100p.m.-1024x684.jpg 1024w, https:\/\/www.zunoticia.com\/noticias-de-hidalgo\/wp-content\/uploads\/2023\/05\/eZy-Watermark-25-05-2023-10-32-20-4100p.m.-300x200.jpg 300w, https:\/\/www.zunoticia.com\/noticias-de-hidalgo\/wp-content\/uploads\/2023\/05\/eZy-Watermark-25-05-2023-10-32-20-4100p.m.-768x513.jpg 768w, https:\/\/www.zunoticia.com\/noticias-de-hidalgo\/wp-content\/uploads\/2023\/05\/eZy-Watermark-25-05-2023-10-32-20-4100p.m..jpg 1280w\" sizes=\"(max-width: 1024px) 100vw, 1024px\" \/><\/figure>\n\n\n\n<p>\u201cEsa es la gran diferencia entre el DIFH de ayer y el de hoy: Familia y comunidad, a eso les invitamos, a que podamos caminar todas juntas y juntos en el fortalecimiento de los valores, en el fortalecimiento de la comunidad para que podamos realmente cambiar vidas, brindar mejores escenarios y construir mejores oportunidades\u201d, manifest\u00f3.<\/p>\n\n\n\n<p>En ese contexto, la presidenta del Patronato y el titular del DIFH hicieron entrega simb\u00f3lica de tres reconocimientos a la distinguida trayectoria de Adela Le\u00f3n S\u00e1nchez, Ricardo Rosales Torres y Hortencia Hidalgo P\u00e9rez por sus 50, 45 y 37 a\u00f1os de servicio en el Sistema. Cabe se\u00f1alar que otros 98 trabajadores recibieron reconocimientos a su labor, la cual se extiende a tres y cuatro d\u00e9cadas.&nbsp;<\/p>\n\n\n\n<p>Posteriormente, Edda Vite Ramos y Javier Rodr\u00edguez develaron la placa conmemorativa al 46 aniversario de la creaci\u00f3n del Sistema, misma que rinde homenaje al largo camino recorrido desde 1977, en conjunto con la Junta General de Asistencia, la Casa Cuna, la Procuradur\u00eda de Protecci\u00f3n a Ni\u00f1as, Ni\u00f1os, Adolescentes y Familia; el Hospital del Ni\u00f1o DIF, las Casas de la Ni\u00f1a y del Ni\u00f1o, los Centros de Asistencia Social, la&nbsp; Casa de la Tercera Edad; y, recientemente, el Albergue Migrante para Ni\u00f1ez y Adolescencia Acompa\u00f1ada y no Acompa\u00f1ada.<\/p>\n","protected":false},"excerpt":{"rendered":"<p>Por Redacci\u00f3n\/Zunoticia Pachuca de Soto, Hgo.- El Sistema para el Desarrollo Integral de la Familia (DIF) de Hidalgo, cumpli\u00f3 46 a\u00f1os de trabajo por los derechos de los grupos prioritarios, por ello, la Familia DIFH, encabezada por Edda Vite Ramos, llev\u00f3 a cabo una ceremonia que tuvo lugar en el jard\u00edn de las oficinas centrales&hellip; <a class=\"more-link\" href=\"https:\/\/www.zunoticia.com\/noticias-de-hidalgo\/2023\/05\/25\/sistema-dif-hidalgo-celebra-mas-de-cuatro-decadas-de-atencion-a-grupos-prioritarios\/\">Seguir leyendo <span class=\"screen-reader-text\">Sistema DIF Hidalgo celebra m\u00e1s de cuatro d\u00e9cadas de atenci\u00f3n a grupos prioritarios<\/span><\/a><\/p>\n","protected":false},"author":12,"featured_media":483410,"comment_status":"closed","ping_status":"open","sticky":false,"template":"","format":"standard","meta":{"rop_custom_images_group":[],"rop_custom_messages_group":[],"rop_publish_now":"initial","rop_publish_now_accounts":{"facebook_10159540855086992_322828327761733":""},"rop_publish_now_history":[],"rop_publish_now_status":"pending","footnotes":""},"categories":[208],"tags":[214],"class_list":["post-483442","post","type-post","status-publish","format-standard","has-post-thumbnail","hentry","category-estado","tag-estado","entry"],"_links":{"self":[{"href":"https:\/\/www.zunoticia.com\/noticias-de-hidalgo\/wp-json\/wp\/v2\/posts\/483442","targetHints":{"allow":["GET"]}}],"collection":[{"href":"https:\/\/www.zunoticia.com\/noticias-de-hidalgo\/wp-json\/wp\/v2\/posts"}],"about":[{"href":"https:\/\/www.zunoticia.com\/noticias-de-hidalgo\/wp-json\/wp\/v2\/types\/post"}],"author":[{"embeddable":true,"href":"https:\/\/www.zunoticia.com\/noticias-de-hidalgo\/wp-json\/wp\/v2\/users\/12"}],"replies":[{"embeddable":true,"href":"https:\/\/www.zunoticia.com\/noticias-de-hidalgo\/wp-json\/wp\/v2\/comments?post=483442"}],"version-history":[{"count":1,"href":"https:\/\/www.zunoticia.com\/noticias-de-hidalgo\/wp-json\/wp\/v2\/posts\/483442\/revisions"}],"predecessor-version":[{"id":483443,"href":"https:\/\/www.zunoticia.com\/noticias-de-hidalgo\/wp-json\/wp\/v2\/posts\/483442\/revisions\/483443"}],"wp:featuredmedia":[{"embeddable":true,"href":"https:\/\/www.zunoticia.com\/noticias-de-hidalgo\/wp-json\/wp\/v2\/media\/483410"}],"wp:attachment":[{"href":"https:\/\/www.zunoticia.com\/noticias-de-hidalgo\/wp-json\/wp\/v2\/media?parent=483442"}],"wp:term":[{"taxonomy":"category","embeddable":true,"href":"https:\/\/www.zunoticia.com\/noticias-de-hidalgo\/wp-json\/wp\/v2\/categories?post=483442"},{"taxonomy":"post_tag","embeddable":true,"href":"https:\/\/www.zunoticia.com\/noticias-de-hidalgo\/wp-json\/wp\/v2\/tags?post=483442"}],"curies":[{"name":"wp","href":"https:\/\/api.w.org\/{rel}","templated":true}]}}