{"id":483446,"date":"2023-05-25T23:27:23","date_gmt":"2023-05-26T05:27:23","guid":{"rendered":"https:\/\/www.zunoticia.com\/noticias-de-hidalgo\/?p=483446"},"modified":"2023-05-25T23:27:24","modified_gmt":"2023-05-26T05:27:24","slug":"sebiso-promueve-temas-de-equidad-para-personas-de-todas-las-edades","status":"publish","type":"post","link":"https:\/\/www.zunoticia.com\/noticias-de-hidalgo\/2023\/05\/25\/sebiso-promueve-temas-de-equidad-para-personas-de-todas-las-edades\/","title":{"rendered":"Sebiso promueve temas de equidad para personas de todas las edades"},"content":{"rendered":"<aside class=\"mashsb-container mashsb-main mashsb-stretched\"><div class=\"mashsb-box\"><div class=\"mashsb-count mash-large\" style=\"float:left\"><div class=\"counts mashsbcount\">21<\/div><span class=\"mashsb-sharetext\">SHARES<\/span><\/div><div class=\"mashsb-buttons\"><a class=\"mashicon-facebook mash-large mash-center mashsb-noshadow\" href=\"https:\/\/www.facebook.com\/sharer.php?u=https%3A%2F%2Fwww.zunoticia.com%2Fnoticias-de-hidalgo%2F2023%2F05%2F25%2Fsebiso-promueve-temas-de-equidad-para-personas-de-todas-las-edades%2F\" target=\"_top\" rel=\"nofollow\"><span class=\"icon\"><\/span><span class=\"text\">Share<\/span><\/a><a class=\"mashicon-twitter mash-large mash-center mashsb-noshadow\" href=\"https:\/\/twitter.com\/intent\/tweet?text=&amp;url=https:\/\/www.zunoticia.com\/noticias-de-hidalgo\/2023\/05\/25\/sebiso-promueve-temas-de-equidad-para-personas-de-todas-las-edades\/\" target=\"_top\" rel=\"nofollow\"><span class=\"icon\"><\/span><span class=\"text\">Tweet<\/span><\/a><div class=\"onoffswitch2 mash-large mashsb-noshadow\" style=\"display:none\"><\/div><\/div>\n            <\/div>\n                <div style=\"clear:both\"><\/div><div class=\"mashsb-toggle-container\"><\/div><\/aside>\n            <!-- Share buttons by mashshare.net - Version: 4.0.47-->\n<ul class=\"wp-block-list\">\n<li>Se llev\u00f3 a cabo la Reuni\u00f3n Estatal de la Academia de Educaci\u00f3n Especial.<\/li>\n<\/ul>\n\n\n\n<p><em>Por Redacci\u00f3n\/Zunoticia<\/em><\/p>\n\n\n\n<p><strong>Pachuca, Hgo<\/strong>.- Construir el Hidalgo que queremos, m\u00e1s humano y m\u00e1s incluyente hoy es una realidad para las familias hidalguenses, muestra de ello fueron las capacitaciones para personas de todas las edades que se llevaron a cabo a trav\u00e9s de la Direcci\u00f3n General de Inclusi\u00f3n para Personas con Discapacidad.<\/p>\n\n\n\n<p>En las instalaciones de la Secretar\u00eda de Bienestar e Inclusi\u00f3n Social (Sebiso) se llev\u00f3 a cabo la \u201cReuni\u00f3n Estatal de la Academia de Educaci\u00f3n Especial\u201d, donde la titular de esa dependencia Simey Olvera Bautista, extern\u00f3 su total apoyo a esta direcci\u00f3n que encabeza Alfonso Hayyim Flores Barrera, asegurando que este sector de la poblaci\u00f3n se encuentra en buenas manos, ya que el servidor p\u00fablico es una persona muy capaz, preparada y emp\u00e1tica, que busca cambiar la realidad que se vive en el estado.<\/p>\n\n\n\n<p>En este sentido, dijo que el primer paso que se aborda en la SEBISO es la formaci\u00f3n y la construcci\u00f3n de estrategias planteadas desde los mismos actores, de ciudadanos con discapacidades en diferentes sentidos, quienes viven el mundo desde otras perspectivas, lo que aporta en la creaci\u00f3n de estrategias de acci\u00f3n que a mediano y largo plazo cambiar\u00e1n la realidad de Hidalgo, por una m\u00e1s incluyente.<\/p>\n\n\n\n<figure class=\"wp-block-image size-large\"><img fetchpriority=\"high\" decoding=\"async\" width=\"1024\" height=\"682\" src=\"https:\/\/www.zunoticia.com\/noticias-de-hidalgo\/wp-content\/uploads\/2023\/05\/eZy-Watermark-25-05-2023-10-40-02-2810p.m.-1024x682.jpg\" alt=\"\" class=\"wp-image-483404\" srcset=\"https:\/\/www.zunoticia.com\/noticias-de-hidalgo\/wp-content\/uploads\/2023\/05\/eZy-Watermark-25-05-2023-10-40-02-2810p.m.-1024x682.jpg 1024w, https:\/\/www.zunoticia.com\/noticias-de-hidalgo\/wp-content\/uploads\/2023\/05\/eZy-Watermark-25-05-2023-10-40-02-2810p.m.-300x200.jpg 300w, https:\/\/www.zunoticia.com\/noticias-de-hidalgo\/wp-content\/uploads\/2023\/05\/eZy-Watermark-25-05-2023-10-40-02-2810p.m.-768x512.jpg 768w, https:\/\/www.zunoticia.com\/noticias-de-hidalgo\/wp-content\/uploads\/2023\/05\/eZy-Watermark-25-05-2023-10-40-02-2810p.m..jpg 1280w\" sizes=\"(max-width: 1024px) 100vw, 1024px\" \/><\/figure>\n\n\n\n<p>Por su parte, Alfonso Hayyim coment\u00f3 que se cuenta ya con las instalaciones para poder realizar estas mesas de trabajo y que poco a poco se labora en la construcci\u00f3n de acuerdos, al mismo tiempo que se capacita; y esto es determinante para la construcci\u00f3n del Hidalgo que queremos, afirm\u00f3.<\/p>\n\n\n\n<p>Durante el encuentro que tuvieron niveles educativos desde inicial, primaria, secundaria en sus diferentes modalidades, as\u00ed como bachillerato, profesional, educaci\u00f3n ambiental, salud, entre otros; se llevaron a cabo jornadas de capacitaci\u00f3n e intercambio de ideas que dar\u00e1n rumbo a la inclusi\u00f3n total en la entidad.<\/p>\n\n\n\n<p>Algunos de los t\u00f3picos tratados permitieron reflexionar sobre datos de inclusi\u00f3n laboral y educativa de las personas con discapacidad en el estado; conocer los nuevos planes de estudio de Educaci\u00f3n Normal, que enmarcan el proceso de formaci\u00f3n para atender a la diversidad desde un enfoque inclusivo; conocer y experimentar la pr\u00e1ctica del f\u00fatbol para ciegos e identificar los beneficios f\u00edsicos, sociales y emocionales; as\u00ed como aprender a interactuar con la comunidad sorda mediante el uso de la lengua de se\u00f1as mexicana en diferentes entornos.<\/p>\n","protected":false},"excerpt":{"rendered":"<p>Por Redacci\u00f3n\/Zunoticia Pachuca, Hgo.- Construir el Hidalgo que queremos, m\u00e1s humano y m\u00e1s incluyente hoy es una realidad para las familias hidalguenses, muestra de ello fueron las capacitaciones para personas de todas las edades que se llevaron a cabo a trav\u00e9s de la Direcci\u00f3n General de Inclusi\u00f3n para Personas con Discapacidad. En las instalaciones de&hellip; <a class=\"more-link\" href=\"https:\/\/www.zunoticia.com\/noticias-de-hidalgo\/2023\/05\/25\/sebiso-promueve-temas-de-equidad-para-personas-de-todas-las-edades\/\">Seguir leyendo <span class=\"screen-reader-text\">Sebiso promueve temas de equidad para personas de todas las edades<\/span><\/a><\/p>\n","protected":false},"author":12,"featured_media":483403,"comment_status":"closed","ping_status":"open","sticky":false,"template":"","format":"standard","meta":{"rop_custom_images_group":[],"rop_custom_messages_group":[],"rop_publish_now":"initial","rop_publish_now_accounts":{"facebook_10159540855086992_322828327761733":""},"rop_publish_now_history":[],"rop_publish_now_status":"pending","footnotes":""},"categories":[208],"tags":[214],"class_list":["post-483446","post","type-post","status-publish","format-standard","has-post-thumbnail","hentry","category-estado","tag-estado","entry"],"_links":{"self":[{"href":"https:\/\/www.zunoticia.com\/noticias-de-hidalgo\/wp-json\/wp\/v2\/posts\/483446","targetHints":{"allow":["GET"]}}],"collection":[{"href":"https:\/\/www.zunoticia.com\/noticias-de-hidalgo\/wp-json\/wp\/v2\/posts"}],"about":[{"href":"https:\/\/www.zunoticia.com\/noticias-de-hidalgo\/wp-json\/wp\/v2\/types\/post"}],"author":[{"embeddable":true,"href":"https:\/\/www.zunoticia.com\/noticias-de-hidalgo\/wp-json\/wp\/v2\/users\/12"}],"replies":[{"embeddable":true,"href":"https:\/\/www.zunoticia.com\/noticias-de-hidalgo\/wp-json\/wp\/v2\/comments?post=483446"}],"version-history":[{"count":1,"href":"https:\/\/www.zunoticia.com\/noticias-de-hidalgo\/wp-json\/wp\/v2\/posts\/483446\/revisions"}],"predecessor-version":[{"id":483455,"href":"https:\/\/www.zunoticia.com\/noticias-de-hidalgo\/wp-json\/wp\/v2\/posts\/483446\/revisions\/483455"}],"wp:featuredmedia":[{"embeddable":true,"href":"https:\/\/www.zunoticia.com\/noticias-de-hidalgo\/wp-json\/wp\/v2\/media\/483403"}],"wp:attachment":[{"href":"https:\/\/www.zunoticia.com\/noticias-de-hidalgo\/wp-json\/wp\/v2\/media?parent=483446"}],"wp:term":[{"taxonomy":"category","embeddable":true,"href":"https:\/\/www.zunoticia.com\/noticias-de-hidalgo\/wp-json\/wp\/v2\/categories?post=483446"},{"taxonomy":"post_tag","embeddable":true,"href":"https:\/\/www.zunoticia.com\/noticias-de-hidalgo\/wp-json\/wp\/v2\/tags?post=483446"}],"curies":[{"name":"wp","href":"https:\/\/api.w.org\/{rel}","templated":true}]}}