{"id":483477,"date":"2023-05-25T23:49:16","date_gmt":"2023-05-26T05:49:16","guid":{"rendered":"https:\/\/www.zunoticia.com\/noticias-de-hidalgo\/?p=483477"},"modified":"2023-05-25T23:49:17","modified_gmt":"2023-05-26T05:49:17","slug":"diocesis-de-huejutla-cuenta-con-8-foranias-que-participan-en-peregrinaciones-jmc","status":"publish","type":"post","link":"https:\/\/www.zunoticia.com\/noticias-de-hidalgo\/2023\/05\/25\/diocesis-de-huejutla-cuenta-con-8-foranias-que-participan-en-peregrinaciones-jmc\/","title":{"rendered":"Di\u00f3cesis de Huejutla cuenta con 8 Foran\u00edas que participan en Peregrinaciones: JMC"},"content":{"rendered":"<aside class=\"mashsb-container mashsb-main mashsb-stretched\"><div class=\"mashsb-box\"><div class=\"mashsb-count mash-large\" style=\"float:left\"><div class=\"counts mashsbcount\">22<\/div><span class=\"mashsb-sharetext\">SHARES<\/span><\/div><div class=\"mashsb-buttons\"><a class=\"mashicon-facebook mash-large mash-center mashsb-noshadow\" href=\"https:\/\/www.facebook.com\/sharer.php?u=https%3A%2F%2Fwww.zunoticia.com%2Fnoticias-de-hidalgo%2F2023%2F05%2F25%2Fdiocesis-de-huejutla-cuenta-con-8-foranias-que-participan-en-peregrinaciones-jmc%2F\" target=\"_top\" rel=\"nofollow\"><span class=\"icon\"><\/span><span class=\"text\">Share<\/span><\/a><a class=\"mashicon-twitter mash-large mash-center mashsb-noshadow\" href=\"https:\/\/twitter.com\/intent\/tweet?text=&amp;url=https:\/\/www.zunoticia.com\/noticias-de-hidalgo\/2023\/05\/25\/diocesis-de-huejutla-cuenta-con-8-foranias-que-participan-en-peregrinaciones-jmc\/\" target=\"_top\" rel=\"nofollow\"><span class=\"icon\"><\/span><span class=\"text\">Tweet<\/span><\/a><div class=\"onoffswitch2 mash-large mashsb-noshadow\" style=\"display:none\"><\/div><\/div>\n            <\/div>\n                <div style=\"clear:both\"><\/div><div class=\"mashsb-toggle-container\"><\/div><\/aside>\n            <!-- Share buttons by mashshare.net - Version: 4.0.47-->\n<p><em>Por Enedino Hern\u00e1ndez\/Zunoticia<\/em><\/p>\n\n\n\n<p><strong>Huejutla, Hgo.-<\/strong> La Di\u00f3cesis de Huejutla de Reyes cuenta con un total de 8 Foran\u00edas (grupos de Parroquias) en donde se han integrados las respectivas Parroquias de acuerdo con la cercan\u00eda de las mismas y al momento son varias las actividades que ya se hicieron, que se est\u00e1n haciendo y se van hacer como son las Peregrinaciones con motivo del A\u00f1o Jubilar para poder ganar la indulgencia.<\/p>\n\n\n\n<p>El Vocero de la Di\u00f3cesis de Huejutla, Jes\u00fas Morfin Cartagena, detalla que cada una de estas 8 Foran\u00edas cuenta con un nombre, cada una de ellas acude previa programaci\u00f3n a las Peregrinaciones que se realizan en la Parroquia del Sagrario Catedral en Huejutla.<\/p>\n\n\n\n<p>\u201cEl papa Francisco ha concedido la indulgencia plenaria en este A\u00f1o Jubilar, en estos momentos les dir\u00e9 que es posible ganar la indulgencia participando en la Peregrinaci\u00f3n a la Catedral de Huejutla, desde el 1 de julio del a\u00f1o pasado y hasta el 1 de diciembre pr\u00f3ximo, es el periodo que se tiene para organizar Peregrinaciones a la Catedral para ganar la indulgencia\u201d.<\/p>\n\n\n\n<p>Morfin Cartagena se\u00f1ala que, la mayor\u00eda de las Foran\u00edas ya han participado en las Peregrinaciones, para el 27 de mayo se esperan las Foran\u00edas de Chapulhuac\u00e1n y Pisaflores, mientras que la Foran\u00eda de Tonantzin Guadalupe, que comprende las Parroquias de Ixcatl\u00e1n, Macuxtepetla, Huazalingo, Jaltoc\u00e1n y Tehuetl\u00e1n, peregrinar\u00e1n el d\u00eda 2 de agosto.<\/p>\n","protected":false},"excerpt":{"rendered":"<p>Por Enedino Hern\u00e1ndez\/Zunoticia Huejutla, Hgo.- La Di\u00f3cesis de Huejutla de Reyes cuenta con un total de 8 Foran\u00edas (grupos de Parroquias) en donde se han integrados las respectivas Parroquias de acuerdo con la cercan\u00eda de las mismas y al momento son varias las actividades que ya se hicieron, que se est\u00e1n haciendo y se van&hellip; <a class=\"more-link\" href=\"https:\/\/www.zunoticia.com\/noticias-de-hidalgo\/2023\/05\/25\/diocesis-de-huejutla-cuenta-con-8-foranias-que-participan-en-peregrinaciones-jmc\/\">Seguir leyendo <span class=\"screen-reader-text\">Di\u00f3cesis de Huejutla cuenta con 8 Foran\u00edas que participan en Peregrinaciones: JMC<\/span><\/a><\/p>\n","protected":false},"author":12,"featured_media":483423,"comment_status":"closed","ping_status":"open","sticky":false,"template":"","format":"standard","meta":{"rop_custom_images_group":[],"rop_custom_messages_group":[],"rop_publish_now":"initial","rop_publish_now_accounts":{"facebook_10159540855086992_322828327761733":""},"rop_publish_now_history":[],"rop_publish_now_status":"pending","footnotes":""},"categories":[181],"tags":[121],"class_list":["post-483477","post","type-post","status-publish","format-standard","has-post-thumbnail","hentry","category-huejutla","tag-huejutla","entry"],"_links":{"self":[{"href":"https:\/\/www.zunoticia.com\/noticias-de-hidalgo\/wp-json\/wp\/v2\/posts\/483477","targetHints":{"allow":["GET"]}}],"collection":[{"href":"https:\/\/www.zunoticia.com\/noticias-de-hidalgo\/wp-json\/wp\/v2\/posts"}],"about":[{"href":"https:\/\/www.zunoticia.com\/noticias-de-hidalgo\/wp-json\/wp\/v2\/types\/post"}],"author":[{"embeddable":true,"href":"https:\/\/www.zunoticia.com\/noticias-de-hidalgo\/wp-json\/wp\/v2\/users\/12"}],"replies":[{"embeddable":true,"href":"https:\/\/www.zunoticia.com\/noticias-de-hidalgo\/wp-json\/wp\/v2\/comments?post=483477"}],"version-history":[{"count":1,"href":"https:\/\/www.zunoticia.com\/noticias-de-hidalgo\/wp-json\/wp\/v2\/posts\/483477\/revisions"}],"predecessor-version":[{"id":483478,"href":"https:\/\/www.zunoticia.com\/noticias-de-hidalgo\/wp-json\/wp\/v2\/posts\/483477\/revisions\/483478"}],"wp:featuredmedia":[{"embeddable":true,"href":"https:\/\/www.zunoticia.com\/noticias-de-hidalgo\/wp-json\/wp\/v2\/media\/483423"}],"wp:attachment":[{"href":"https:\/\/www.zunoticia.com\/noticias-de-hidalgo\/wp-json\/wp\/v2\/media?parent=483477"}],"wp:term":[{"taxonomy":"category","embeddable":true,"href":"https:\/\/www.zunoticia.com\/noticias-de-hidalgo\/wp-json\/wp\/v2\/categories?post=483477"},{"taxonomy":"post_tag","embeddable":true,"href":"https:\/\/www.zunoticia.com\/noticias-de-hidalgo\/wp-json\/wp\/v2\/tags?post=483477"}],"curies":[{"name":"wp","href":"https:\/\/api.w.org\/{rel}","templated":true}]}}