{"id":483601,"date":"2023-05-26T21:12:17","date_gmt":"2023-05-27T03:12:17","guid":{"rendered":"https:\/\/www.zunoticia.com\/noticias-de-hidalgo\/?p=483601"},"modified":"2023-05-26T21:12:19","modified_gmt":"2023-05-27T03:12:19","slug":"deportivo-nava-derroto-a-auhfe-en-j6-de-lmfvm","status":"publish","type":"post","link":"https:\/\/www.zunoticia.com\/noticias-de-hidalgo\/2023\/05\/26\/deportivo-nava-derroto-a-auhfe-en-j6-de-lmfvm\/","title":{"rendered":"Deportivo Nava derrot\u00f3 a AUHFE en J6 de LMFVM"},"content":{"rendered":"<aside class=\"mashsb-container mashsb-main mashsb-stretched\"><div class=\"mashsb-box\"><div class=\"mashsb-count mash-large\" style=\"float:left\"><div class=\"counts mashsbcount\">4<\/div><span class=\"mashsb-sharetext\">SHARES<\/span><\/div><div class=\"mashsb-buttons\"><a class=\"mashicon-facebook mash-large mash-center mashsb-noshadow\" href=\"https:\/\/www.facebook.com\/sharer.php?u=https%3A%2F%2Fwww.zunoticia.com%2Fnoticias-de-hidalgo%2F2023%2F05%2F26%2Fdeportivo-nava-derroto-a-auhfe-en-j6-de-lmfvm%2F\" target=\"_top\" rel=\"nofollow\"><span class=\"icon\"><\/span><span class=\"text\">Share<\/span><\/a><a class=\"mashicon-twitter mash-large mash-center mashsb-noshadow\" href=\"https:\/\/twitter.com\/intent\/tweet?text=&amp;url=https:\/\/www.zunoticia.com\/noticias-de-hidalgo\/2023\/05\/26\/deportivo-nava-derroto-a-auhfe-en-j6-de-lmfvm\/\" target=\"_top\" rel=\"nofollow\"><span class=\"icon\"><\/span><span class=\"text\">Tweet<\/span><\/a><div class=\"onoffswitch2 mash-large mashsb-noshadow\" style=\"display:none\"><\/div><\/div>\n            <\/div>\n                <div style=\"clear:both\"><\/div><div class=\"mashsb-toggle-container\"><\/div><\/aside>\n            <!-- Share buttons by mashshare.net - Version: 4.0.47-->\n<p><em>Por Jos\u00e9 Luis Romero Ruiz\/Zunoticia<\/em><\/p>\n\n\n\n<p><strong>Huejutla, Hgo.-<\/strong> El Deportivo Nava se enfrent\u00f3 al equipo AUHFE (antes CABAD), en la jornada 6 del torneo de copa denominado \u201cJos\u00e9 Eugenio Segura Marroqu\u00edn&#8221; de la Liga Municipal de F\u00fatbol de Veteranos M\u00e1ster (LMFVM); al final el Deportivo Nava venci\u00f3 1 \u2013 0 a AUHFE.<\/p>\n\n\n\n<p>El esperado encuentro se llev\u00f3 a cabo en la cancha del Corral Blanco 2, y las incidencias arrancaron alrededor de las 17:00 horas en donde ambas escuadras se estudiaron durante los primeros minutos, y al minuto 25 Rovegal Galv\u00e1n, quien sigui\u00f3 la jugada y a segundo poste empuj\u00f3 el bal\u00f3n al fondo de las piolas, y con el 1 \u2013 0 se fueron al descanso.<\/p>\n\n\n\n<p>En la parte complementaria el cuadro de AUHFE adelant\u00f3 filas en busca del gol del empate, pero con sus delanteros triunf\u00f3 la \u201cp\u00f3lvora mojada\u201d y las pocas oportunidades que tuvieron de anotar se fueron diluyendo conforme avanzaba el cron\u00f3metro.<\/p>\n\n\n\n<p>Al minuto 80 Salom\u00f3 Lara se escap\u00f3 a toda velocidad e ingres\u00f3 al \u00e1rea por la banda izquierda y envi\u00f3 un centro \u201cde medio gol\u201d, pero Federico \u201cNegro\u201d Medina vol\u00f3 su remate por encima del horizontal y con solitaria anotaci\u00f3n el Deportivo Nava le propin\u00f3 una dolorosa derrota 1 \u2013 0 a AUHFE en la J6 de la LMFVM.<\/p>\n\n\n\n<p><strong><em>En otros resultados:<\/em><\/strong> Superior 2 \u2013 0 (por de faul), a Atlapexco, Deportivo Pintor 3 \u2013 3 al Bayern M\u00fanich (Pintor se llev\u00f3 el punto extra en penales, y Guerreros 4 \u2013 2 a Tuzos.<\/p>\n","protected":false},"excerpt":{"rendered":"<p>Por Jos\u00e9 Luis Romero Ruiz\/Zunoticia Huejutla, Hgo.- El Deportivo Nava se enfrent\u00f3 al equipo AUHFE (antes CABAD), en la jornada 6 del torneo de copa denominado \u201cJos\u00e9 Eugenio Segura Marroqu\u00edn&#8221; de la Liga Municipal de F\u00fatbol de Veteranos M\u00e1ster (LMFVM); al final el Deportivo Nava venci\u00f3 1 \u2013 0 a AUHFE. El esperado encuentro se&hellip; <a class=\"more-link\" href=\"https:\/\/www.zunoticia.com\/noticias-de-hidalgo\/2023\/05\/26\/deportivo-nava-derroto-a-auhfe-en-j6-de-lmfvm\/\">Seguir leyendo <span class=\"screen-reader-text\">Deportivo Nava derrot\u00f3 a AUHFE en J6 de LMFVM<\/span><\/a><\/p>\n","protected":false},"author":12,"featured_media":483590,"comment_status":"closed","ping_status":"open","sticky":false,"template":"","format":"standard","meta":{"rop_custom_images_group":[],"rop_custom_messages_group":[],"rop_publish_now":"initial","rop_publish_now_accounts":{"facebook_10159540855086992_322828327761733":""},"rop_publish_now_history":[],"rop_publish_now_status":"pending","footnotes":""},"categories":[177],"tags":[215],"class_list":["post-483601","post","type-post","status-publish","format-standard","has-post-thumbnail","hentry","category-deportes","tag-deportes","entry"],"_links":{"self":[{"href":"https:\/\/www.zunoticia.com\/noticias-de-hidalgo\/wp-json\/wp\/v2\/posts\/483601","targetHints":{"allow":["GET"]}}],"collection":[{"href":"https:\/\/www.zunoticia.com\/noticias-de-hidalgo\/wp-json\/wp\/v2\/posts"}],"about":[{"href":"https:\/\/www.zunoticia.com\/noticias-de-hidalgo\/wp-json\/wp\/v2\/types\/post"}],"author":[{"embeddable":true,"href":"https:\/\/www.zunoticia.com\/noticias-de-hidalgo\/wp-json\/wp\/v2\/users\/12"}],"replies":[{"embeddable":true,"href":"https:\/\/www.zunoticia.com\/noticias-de-hidalgo\/wp-json\/wp\/v2\/comments?post=483601"}],"version-history":[{"count":1,"href":"https:\/\/www.zunoticia.com\/noticias-de-hidalgo\/wp-json\/wp\/v2\/posts\/483601\/revisions"}],"predecessor-version":[{"id":483602,"href":"https:\/\/www.zunoticia.com\/noticias-de-hidalgo\/wp-json\/wp\/v2\/posts\/483601\/revisions\/483602"}],"wp:featuredmedia":[{"embeddable":true,"href":"https:\/\/www.zunoticia.com\/noticias-de-hidalgo\/wp-json\/wp\/v2\/media\/483590"}],"wp:attachment":[{"href":"https:\/\/www.zunoticia.com\/noticias-de-hidalgo\/wp-json\/wp\/v2\/media?parent=483601"}],"wp:term":[{"taxonomy":"category","embeddable":true,"href":"https:\/\/www.zunoticia.com\/noticias-de-hidalgo\/wp-json\/wp\/v2\/categories?post=483601"},{"taxonomy":"post_tag","embeddable":true,"href":"https:\/\/www.zunoticia.com\/noticias-de-hidalgo\/wp-json\/wp\/v2\/tags?post=483601"}],"curies":[{"name":"wp","href":"https:\/\/api.w.org\/{rel}","templated":true}]}}