{"id":483691,"date":"2023-05-27T18:27:40","date_gmt":"2023-05-28T00:27:40","guid":{"rendered":"https:\/\/www.zunoticia.com\/noticias-de-hidalgo\/?p=483691"},"modified":"2023-05-27T18:27:41","modified_gmt":"2023-05-28T00:27:41","slug":"gobierno-reafirma-su-compromiso-con-los-pobladores-del-valle-del-mezquital","status":"publish","type":"post","link":"https:\/\/www.zunoticia.com\/noticias-de-hidalgo\/2023\/05\/27\/gobierno-reafirma-su-compromiso-con-los-pobladores-del-valle-del-mezquital\/","title":{"rendered":"Gobierno reafirma su compromiso con los pobladores del Valle del Mezquital"},"content":{"rendered":"<aside class=\"mashsb-container mashsb-main mashsb-stretched\"><div class=\"mashsb-box\"><div class=\"mashsb-count mash-large\" style=\"float:left\"><div class=\"counts mashsbcount\">13<\/div><span class=\"mashsb-sharetext\">SHARES<\/span><\/div><div class=\"mashsb-buttons\"><a class=\"mashicon-facebook mash-large mash-center mashsb-noshadow\" href=\"https:\/\/www.facebook.com\/sharer.php?u=https%3A%2F%2Fwww.zunoticia.com%2Fnoticias-de-hidalgo%2F2023%2F05%2F27%2Fgobierno-reafirma-su-compromiso-con-los-pobladores-del-valle-del-mezquital%2F\" target=\"_top\" rel=\"nofollow\"><span class=\"icon\"><\/span><span class=\"text\">Share<\/span><\/a><a class=\"mashicon-twitter mash-large mash-center mashsb-noshadow\" href=\"https:\/\/twitter.com\/intent\/tweet?text=&amp;url=https:\/\/www.zunoticia.com\/noticias-de-hidalgo\/2023\/05\/27\/gobierno-reafirma-su-compromiso-con-los-pobladores-del-valle-del-mezquital\/\" target=\"_top\" rel=\"nofollow\"><span class=\"icon\"><\/span><span class=\"text\">Tweet<\/span><\/a><div class=\"onoffswitch2 mash-large mashsb-noshadow\" style=\"display:none\"><\/div><\/div>\n            <\/div>\n                <div style=\"clear:both\"><\/div><div class=\"mashsb-toggle-container\"><\/div><\/aside>\n            <!-- Share buttons by mashshare.net - Version: 4.0.47-->\n<p><\/p>\n\n\n\n<p><em>Por Redacci\u00f3n\/Zunoticia<\/em><\/p>\n\n\n\n<p><strong>Pachuca de Soto, Hgo<\/strong>.-Que las autoridades permanezcan cercanas a la ciudadan\u00eda, pero sobre todo que mantengan una pol\u00edtica de mejora constante, es uno de los compromisos que el gobierno de la transformaci\u00f3n ha implementado en el estado, as\u00ed qued\u00f3 de manifiesto durante la instalaci\u00f3n y toma de protesta del Comit\u00e9 de Planeaci\u00f3n para el Desarrollo Regional en la regi\u00f3n de Ixmiquilpan.<\/p>\n\n\n\n<p>Por instrucci\u00f3n del gobernador Julio Menchaca Salazar, el secretario de Gobierno, Guillermo Olivares Reyna, hizo un llamado a la poblaci\u00f3n del Valle del Mezquital para aportar cr\u00edticas y se\u00f1alamientos constructivos dirigidos a los servidores p\u00fablicos, con el objetivo de mejorar su desempe\u00f1o y asegurar el cumplimiento de sus responsabilidades.<\/p>\n\n\n\n<p>Olivares Reyna enfatiz\u00f3 que en el gobierno actual se ha implementado la rendici\u00f3n de cuentas, visitando diferentes regiones, municipios y colonias, con el prop\u00f3sito de que los representantes de los tres niveles de gobierno informen sobre las acciones realizadas en beneficio de la poblaci\u00f3n, permitiendo as\u00ed que la ciudadan\u00eda eval\u00fae y verifique dichos logros.<\/p>\n\n\n\n<p>&#8220;Nos comprometemos a hablar siempre con la verdad y de frente, buscando generar una uni\u00f3n fraternal entre el gobierno estatal y la poblaci\u00f3n. Ustedes son el v\u00ednculo principal y la columna vertebral para lograr un funcionamiento m\u00e1s eficiente de las instituciones&#8221;, expres\u00f3 el funcionario.<\/p>\n\n\n\n<p>Durante el evento, diversas personas de la Regi\u00f3n VII de Ixmiquilpan plantearon sus preocupaciones y necesidades a las autoridades presentes, por ejemplo, Leticia Cornejo Caba\u00f1as, de la comunidad El Oro, destac\u00f3 la problem\u00e1tica existente en su comunidad y otras comunidades cercanas, como la falta de drenaje y agua potable.&nbsp;<\/p>\n\n\n\n<p><br>Mencion\u00f3 que el pozo existente no es suficiente para abastecer a seis comunidades, y la escasez de agua afecta a m\u00e1s de 13 mil habitantes, por ello solicit\u00f3 el apoyo de las autoridades para realizar un cambio de tuber\u00eda que solucionar\u00eda esta situaci\u00f3n.<\/p>\n\n\n\n<p>Por otro lado, Estela Huerta Martin, de la comunidad La Huerta Capula, solicit\u00f3 la construcci\u00f3n de un techado para la escuela primaria Ignacio Zaragoza, con el objetivo de brindar un espacio adecuado para que los ni\u00f1os realicen actividades deportivas y recreativas sin estar expuestos al sol.<\/p>\n\n\n\n<p>Adem\u00e1s, mencion\u00f3 la necesidad de abordar el problema del agua potable en su localidad, ya que el suministro est\u00e1 contaminado con metales pesados, de ah\u00ed su preocupaci\u00f3n por el incremento en los casos de padecimientos relacionados a este tema.<\/p>\n\n\n\n<p>Ante estas problem\u00e1ticas planteadas por la poblaci\u00f3n, el secretario Olivares Reyna se comprometi\u00f3 a llevar estos casos a las instancias correspondientes y buscar soluciones efectivas para mejorar la calidad de vida de los habitantes de la Regi\u00f3n VII de Ixmiquilpan.&nbsp;<\/p>\n\n\n\n<p>Asimismo, hizo un llamado a todos los funcionarios p\u00fablicos a brindar su apoyo y atenci\u00f3n a estas solicitudes, reconociendo la importancia de trabajar en conjunto para alcanzar el desarrollo y bienestar de la comunidad.<\/p>\n\n\n\n<figure class=\"wp-block-image size-full\"><img fetchpriority=\"high\" decoding=\"async\" width=\"940\" height=\"788\" src=\"https:\/\/www.zunoticia.com\/noticias-de-hidalgo\/wp-content\/uploads\/2023\/05\/1-214.png\" alt=\"\" class=\"wp-image-483693\" srcset=\"https:\/\/www.zunoticia.com\/noticias-de-hidalgo\/wp-content\/uploads\/2023\/05\/1-214.png 940w, https:\/\/www.zunoticia.com\/noticias-de-hidalgo\/wp-content\/uploads\/2023\/05\/1-214-300x251.png 300w, https:\/\/www.zunoticia.com\/noticias-de-hidalgo\/wp-content\/uploads\/2023\/05\/1-214-768x644.png 768w\" sizes=\"(max-width: 940px) 100vw, 940px\" \/><\/figure>\n","protected":false},"excerpt":{"rendered":"<p>Por Redacci\u00f3n\/Zunoticia Pachuca de Soto, Hgo.-Que las autoridades permanezcan cercanas a la ciudadan\u00eda, pero sobre todo que mantengan una pol\u00edtica de mejora constante, es uno de los compromisos que el gobierno de la transformaci\u00f3n ha implementado en el estado, as\u00ed qued\u00f3 de manifiesto durante la instalaci\u00f3n y toma de protesta del Comit\u00e9 de Planeaci\u00f3n para&hellip; <a class=\"more-link\" href=\"https:\/\/www.zunoticia.com\/noticias-de-hidalgo\/2023\/05\/27\/gobierno-reafirma-su-compromiso-con-los-pobladores-del-valle-del-mezquital\/\">Seguir leyendo <span class=\"screen-reader-text\">Gobierno reafirma su compromiso con los pobladores del Valle del Mezquital<\/span><\/a><\/p>\n","protected":false},"author":20,"featured_media":483692,"comment_status":"closed","ping_status":"open","sticky":false,"template":"","format":"standard","meta":{"rop_custom_images_group":[],"rop_custom_messages_group":[],"rop_publish_now":"initial","rop_publish_now_accounts":{"facebook_10159540855086992_322828327761733":""},"rop_publish_now_history":[],"rop_publish_now_status":"pending","footnotes":""},"categories":[208],"tags":[214],"class_list":["post-483691","post","type-post","status-publish","format-standard","has-post-thumbnail","hentry","category-estado","tag-estado","entry"],"_links":{"self":[{"href":"https:\/\/www.zunoticia.com\/noticias-de-hidalgo\/wp-json\/wp\/v2\/posts\/483691","targetHints":{"allow":["GET"]}}],"collection":[{"href":"https:\/\/www.zunoticia.com\/noticias-de-hidalgo\/wp-json\/wp\/v2\/posts"}],"about":[{"href":"https:\/\/www.zunoticia.com\/noticias-de-hidalgo\/wp-json\/wp\/v2\/types\/post"}],"author":[{"embeddable":true,"href":"https:\/\/www.zunoticia.com\/noticias-de-hidalgo\/wp-json\/wp\/v2\/users\/20"}],"replies":[{"embeddable":true,"href":"https:\/\/www.zunoticia.com\/noticias-de-hidalgo\/wp-json\/wp\/v2\/comments?post=483691"}],"version-history":[{"count":1,"href":"https:\/\/www.zunoticia.com\/noticias-de-hidalgo\/wp-json\/wp\/v2\/posts\/483691\/revisions"}],"predecessor-version":[{"id":483694,"href":"https:\/\/www.zunoticia.com\/noticias-de-hidalgo\/wp-json\/wp\/v2\/posts\/483691\/revisions\/483694"}],"wp:featuredmedia":[{"embeddable":true,"href":"https:\/\/www.zunoticia.com\/noticias-de-hidalgo\/wp-json\/wp\/v2\/media\/483692"}],"wp:attachment":[{"href":"https:\/\/www.zunoticia.com\/noticias-de-hidalgo\/wp-json\/wp\/v2\/media?parent=483691"}],"wp:term":[{"taxonomy":"category","embeddable":true,"href":"https:\/\/www.zunoticia.com\/noticias-de-hidalgo\/wp-json\/wp\/v2\/categories?post=483691"},{"taxonomy":"post_tag","embeddable":true,"href":"https:\/\/www.zunoticia.com\/noticias-de-hidalgo\/wp-json\/wp\/v2\/tags?post=483691"}],"curies":[{"name":"wp","href":"https:\/\/api.w.org\/{rel}","templated":true}]}}