{"id":483695,"date":"2023-05-27T18:42:18","date_gmt":"2023-05-28T00:42:18","guid":{"rendered":"https:\/\/www.zunoticia.com\/noticias-de-hidalgo\/?p=483695"},"modified":"2023-05-27T18:42:19","modified_gmt":"2023-05-28T00:42:19","slug":"mientras-corra-el-agua-bajan-los-olores-fetidos-del-rio","status":"publish","type":"post","link":"https:\/\/www.zunoticia.com\/noticias-de-hidalgo\/2023\/05\/27\/mientras-corra-el-agua-bajan-los-olores-fetidos-del-rio\/","title":{"rendered":"Mientras corra el agua, bajan los olores f\u00e9tidos del r\u00edo"},"content":{"rendered":"<aside class=\"mashsb-container mashsb-main mashsb-stretched\"><div class=\"mashsb-box\"><div class=\"mashsb-count mash-large\" style=\"float:left\"><div class=\"counts mashsbcount\">10<\/div><span class=\"mashsb-sharetext\">SHARES<\/span><\/div><div class=\"mashsb-buttons\"><a class=\"mashicon-facebook mash-large mash-center mashsb-noshadow\" href=\"https:\/\/www.facebook.com\/sharer.php?u=https%3A%2F%2Fwww.zunoticia.com%2Fnoticias-de-hidalgo%2F2023%2F05%2F27%2Fmientras-corra-el-agua-bajan-los-olores-fetidos-del-rio%2F\" target=\"_top\" rel=\"nofollow\"><span class=\"icon\"><\/span><span class=\"text\">Share<\/span><\/a><a class=\"mashicon-twitter mash-large mash-center mashsb-noshadow\" href=\"https:\/\/twitter.com\/intent\/tweet?text=&amp;url=https:\/\/www.zunoticia.com\/noticias-de-hidalgo\/2023\/05\/27\/mientras-corra-el-agua-bajan-los-olores-fetidos-del-rio\/\" target=\"_top\" rel=\"nofollow\"><span class=\"icon\"><\/span><span class=\"text\">Tweet<\/span><\/a><div class=\"onoffswitch2 mash-large mashsb-noshadow\" style=\"display:none\"><\/div><\/div>\n            <\/div>\n                <div style=\"clear:both\"><\/div><div class=\"mashsb-toggle-container\"><\/div><\/aside>\n            <!-- Share buttons by mashshare.net - Version: 4.0.47-->\n<p><em>Por Enedino Hern\u00e1ndez\/Zunoticia<\/em><\/p>\n\n\n\n<p><strong>Huejutla, Hgo<\/strong>.- Comerciantes ambulantes que normalmente expenden sus productos sobre la calle Sonora por la zona del mercado, confiaron que mientras corra el agua, bajan los olores f\u00e9tidos que emanan del r\u00edo cercano.<\/p>\n\n\n\n<p>Explican que, en tiempos de mucho calor y m\u00e1s cuando las aguas &#8216;negras&#8217; se mantienen estancadas, es normal que emerjan del r\u00edo los f\u00e9tidos olores que afectan a comerciantes y a los propios vecinos del sector.<\/p>\n\n\n\n<p>Jos\u00e9 Hern\u00e1ndez, detall\u00f3 que la mayor\u00eda de las familias desembocan sus aguas negras en los r\u00edos y como consecuencia estos al estancarse en lo que antes eran cristalinos mantos acu\u00edferos provocan los f\u00e9tidos olores.<\/p>\n\n\n\n<p>Expone que las recientes lluvias han provocado moment\u00e1neamente la limpieza de estos espacios naturales, las aguas corren, y mientras corran, bajan los olores f\u00e9tidos del r\u00edo.<\/p>\n\n\n\n<figure class=\"wp-block-image size-full\"><img fetchpriority=\"high\" decoding=\"async\" width=\"940\" height=\"788\" src=\"https:\/\/www.zunoticia.com\/noticias-de-hidalgo\/wp-content\/uploads\/2023\/05\/1-215.png\" alt=\"\" class=\"wp-image-483697\" srcset=\"https:\/\/www.zunoticia.com\/noticias-de-hidalgo\/wp-content\/uploads\/2023\/05\/1-215.png 940w, https:\/\/www.zunoticia.com\/noticias-de-hidalgo\/wp-content\/uploads\/2023\/05\/1-215-300x251.png 300w, https:\/\/www.zunoticia.com\/noticias-de-hidalgo\/wp-content\/uploads\/2023\/05\/1-215-768x644.png 768w\" sizes=\"(max-width: 940px) 100vw, 940px\" \/><\/figure>\n","protected":false},"excerpt":{"rendered":"<p>Por Enedino Hern\u00e1ndez\/Zunoticia Huejutla, Hgo.- Comerciantes ambulantes que normalmente expenden sus productos sobre la calle Sonora por la zona del mercado, confiaron que mientras corra el agua, bajan los olores f\u00e9tidos que emanan del r\u00edo cercano. Explican que, en tiempos de mucho calor y m\u00e1s cuando las aguas &#8216;negras&#8217; se mantienen estancadas, es normal que&hellip; <a class=\"more-link\" href=\"https:\/\/www.zunoticia.com\/noticias-de-hidalgo\/2023\/05\/27\/mientras-corra-el-agua-bajan-los-olores-fetidos-del-rio\/\">Seguir leyendo <span class=\"screen-reader-text\">Mientras corra el agua, bajan los olores f\u00e9tidos del r\u00edo<\/span><\/a><\/p>\n","protected":false},"author":20,"featured_media":483696,"comment_status":"closed","ping_status":"open","sticky":false,"template":"","format":"standard","meta":{"rop_custom_images_group":[],"rop_custom_messages_group":[],"rop_publish_now":"initial","rop_publish_now_accounts":{"facebook_10159540855086992_322828327761733":""},"rop_publish_now_history":[],"rop_publish_now_status":"pending","footnotes":""},"categories":[181],"tags":[121],"class_list":["post-483695","post","type-post","status-publish","format-standard","has-post-thumbnail","hentry","category-huejutla","tag-huejutla","entry"],"_links":{"self":[{"href":"https:\/\/www.zunoticia.com\/noticias-de-hidalgo\/wp-json\/wp\/v2\/posts\/483695","targetHints":{"allow":["GET"]}}],"collection":[{"href":"https:\/\/www.zunoticia.com\/noticias-de-hidalgo\/wp-json\/wp\/v2\/posts"}],"about":[{"href":"https:\/\/www.zunoticia.com\/noticias-de-hidalgo\/wp-json\/wp\/v2\/types\/post"}],"author":[{"embeddable":true,"href":"https:\/\/www.zunoticia.com\/noticias-de-hidalgo\/wp-json\/wp\/v2\/users\/20"}],"replies":[{"embeddable":true,"href":"https:\/\/www.zunoticia.com\/noticias-de-hidalgo\/wp-json\/wp\/v2\/comments?post=483695"}],"version-history":[{"count":1,"href":"https:\/\/www.zunoticia.com\/noticias-de-hidalgo\/wp-json\/wp\/v2\/posts\/483695\/revisions"}],"predecessor-version":[{"id":483698,"href":"https:\/\/www.zunoticia.com\/noticias-de-hidalgo\/wp-json\/wp\/v2\/posts\/483695\/revisions\/483698"}],"wp:featuredmedia":[{"embeddable":true,"href":"https:\/\/www.zunoticia.com\/noticias-de-hidalgo\/wp-json\/wp\/v2\/media\/483696"}],"wp:attachment":[{"href":"https:\/\/www.zunoticia.com\/noticias-de-hidalgo\/wp-json\/wp\/v2\/media?parent=483695"}],"wp:term":[{"taxonomy":"category","embeddable":true,"href":"https:\/\/www.zunoticia.com\/noticias-de-hidalgo\/wp-json\/wp\/v2\/categories?post=483695"},{"taxonomy":"post_tag","embeddable":true,"href":"https:\/\/www.zunoticia.com\/noticias-de-hidalgo\/wp-json\/wp\/v2\/tags?post=483695"}],"curies":[{"name":"wp","href":"https:\/\/api.w.org\/{rel}","templated":true}]}}