{"id":483714,"date":"2023-05-27T19:28:54","date_gmt":"2023-05-28T01:28:54","guid":{"rendered":"https:\/\/www.zunoticia.com\/noticias-de-hidalgo\/?p=483714"},"modified":"2023-05-27T19:28:55","modified_gmt":"2023-05-28T01:28:55","slug":"intensificaran-operativos-para-alinear-pasillos-del-mercado","status":"publish","type":"post","link":"https:\/\/www.zunoticia.com\/noticias-de-hidalgo\/2023\/05\/27\/intensificaran-operativos-para-alinear-pasillos-del-mercado\/","title":{"rendered":"Intensificar\u00e1n operativos para &#8216;alinear&#8217; pasillos del mercado"},"content":{"rendered":"<aside class=\"mashsb-container mashsb-main mashsb-stretched\"><div class=\"mashsb-box\"><div class=\"mashsb-count mash-large\" style=\"float:left\"><div class=\"counts mashsbcount\">6<\/div><span class=\"mashsb-sharetext\">SHARES<\/span><\/div><div class=\"mashsb-buttons\"><a class=\"mashicon-facebook mash-large mash-center mashsb-noshadow\" href=\"https:\/\/www.facebook.com\/sharer.php?u=https%3A%2F%2Fwww.zunoticia.com%2Fnoticias-de-hidalgo%2F2023%2F05%2F27%2Fintensificaran-operativos-para-alinear-pasillos-del-mercado%2F\" target=\"_top\" rel=\"nofollow\"><span class=\"icon\"><\/span><span class=\"text\">Share<\/span><\/a><a class=\"mashicon-twitter mash-large mash-center mashsb-noshadow\" href=\"https:\/\/twitter.com\/intent\/tweet?text=&amp;url=https:\/\/www.zunoticia.com\/noticias-de-hidalgo\/2023\/05\/27\/intensificaran-operativos-para-alinear-pasillos-del-mercado\/\" target=\"_top\" rel=\"nofollow\"><span class=\"icon\"><\/span><span class=\"text\">Tweet<\/span><\/a><div class=\"onoffswitch2 mash-large mashsb-noshadow\" style=\"display:none\"><\/div><\/div>\n            <\/div>\n                <div style=\"clear:both\"><\/div><div class=\"mashsb-toggle-container\"><\/div><\/aside>\n            <!-- Share buttons by mashshare.net - Version: 4.0.47-->\n<p><em>Por Enedino Hern\u00e1ndez\/Zunoticia<\/em><\/p>\n\n\n\n<p><strong>Huejutla, Hgo<\/strong>.- Como parte de las acciones encaminadas a tener espacios m\u00e1s amplios para que los comerciantes y clientes puedan caminar, en estos d\u00edas se intensificar\u00e1n los operativos para &#8216;alinear&#8217; los pasillos del mercado municipal de Huejutla.<\/p>\n\n\n\n<p>El secretario general de la Uni\u00f3n de Comerciantes Locatarios y Ambulantes (UCLA) del Mercado Municipal de Huejutla, Jorge Lara Garc\u00eda; se\u00f1al\u00f3 que los operativos iniciaron el pasado lunes y se realizaron por lo menos tres en el transcurso de la semana.<\/p>\n\n\n\n<p>Las acciones correspondientes para liberar los pasillos del mercado municipal de Huejutla se aplican ante la presencia de los directivos de la UCLA, as\u00ed como del personal de la administraci\u00f3n de Mercados, Protecci\u00f3n Civil Municipal e integrantes del Heroico Cuerpo de Bomberos.<\/p>\n\n\n\n<p>Jorge Lara Garc\u00eda, hizo un llamado a todos los socios comerciantes Locatarios del mercado municipal de Huejutla, para que de manera consciente acaten las recomendaciones que emiten las autoridades competentes.<\/p>\n\n\n\n<p>Concluy\u00f3 que, con estas acciones se busca mantener los pasillos con mayor espacio, reducir al m\u00e1ximo los lugares que ocupan los locatarios en los pasillos, y principalmente permitir una mayor fluidez para que pueda caminar comerciantes y clientes.<\/p>\n","protected":false},"excerpt":{"rendered":"<p>Por Enedino Hern\u00e1ndez\/Zunoticia Huejutla, Hgo.- Como parte de las acciones encaminadas a tener espacios m\u00e1s amplios para que los comerciantes y clientes puedan caminar, en estos d\u00edas se intensificar\u00e1n los operativos para &#8216;alinear&#8217; los pasillos del mercado municipal de Huejutla. El secretario general de la Uni\u00f3n de Comerciantes Locatarios y Ambulantes (UCLA) del Mercado Municipal&hellip; <a class=\"more-link\" href=\"https:\/\/www.zunoticia.com\/noticias-de-hidalgo\/2023\/05\/27\/intensificaran-operativos-para-alinear-pasillos-del-mercado\/\">Seguir leyendo <span class=\"screen-reader-text\">Intensificar\u00e1n operativos para &#8216;alinear&#8217; pasillos del mercado<\/span><\/a><\/p>\n","protected":false},"author":20,"featured_media":483715,"comment_status":"closed","ping_status":"open","sticky":false,"template":"","format":"standard","meta":{"rop_custom_images_group":[],"rop_custom_messages_group":[],"rop_publish_now":"initial","rop_publish_now_accounts":{"facebook_10159540855086992_322828327761733":""},"rop_publish_now_history":[],"rop_publish_now_status":"pending","footnotes":""},"categories":[181],"tags":[121],"class_list":["post-483714","post","type-post","status-publish","format-standard","has-post-thumbnail","hentry","category-huejutla","tag-huejutla","entry"],"_links":{"self":[{"href":"https:\/\/www.zunoticia.com\/noticias-de-hidalgo\/wp-json\/wp\/v2\/posts\/483714","targetHints":{"allow":["GET"]}}],"collection":[{"href":"https:\/\/www.zunoticia.com\/noticias-de-hidalgo\/wp-json\/wp\/v2\/posts"}],"about":[{"href":"https:\/\/www.zunoticia.com\/noticias-de-hidalgo\/wp-json\/wp\/v2\/types\/post"}],"author":[{"embeddable":true,"href":"https:\/\/www.zunoticia.com\/noticias-de-hidalgo\/wp-json\/wp\/v2\/users\/20"}],"replies":[{"embeddable":true,"href":"https:\/\/www.zunoticia.com\/noticias-de-hidalgo\/wp-json\/wp\/v2\/comments?post=483714"}],"version-history":[{"count":1,"href":"https:\/\/www.zunoticia.com\/noticias-de-hidalgo\/wp-json\/wp\/v2\/posts\/483714\/revisions"}],"predecessor-version":[{"id":483716,"href":"https:\/\/www.zunoticia.com\/noticias-de-hidalgo\/wp-json\/wp\/v2\/posts\/483714\/revisions\/483716"}],"wp:featuredmedia":[{"embeddable":true,"href":"https:\/\/www.zunoticia.com\/noticias-de-hidalgo\/wp-json\/wp\/v2\/media\/483715"}],"wp:attachment":[{"href":"https:\/\/www.zunoticia.com\/noticias-de-hidalgo\/wp-json\/wp\/v2\/media?parent=483714"}],"wp:term":[{"taxonomy":"category","embeddable":true,"href":"https:\/\/www.zunoticia.com\/noticias-de-hidalgo\/wp-json\/wp\/v2\/categories?post=483714"},{"taxonomy":"post_tag","embeddable":true,"href":"https:\/\/www.zunoticia.com\/noticias-de-hidalgo\/wp-json\/wp\/v2\/tags?post=483714"}],"curies":[{"name":"wp","href":"https:\/\/api.w.org\/{rel}","templated":true}]}}