{"id":483736,"date":"2023-05-27T20:55:35","date_gmt":"2023-05-28T02:55:35","guid":{"rendered":"https:\/\/www.zunoticia.com\/noticias-de-hidalgo\/?p=483736"},"modified":"2023-05-27T20:55:36","modified_gmt":"2023-05-28T02:55:36","slug":"se-cayo-de-un-arbol-y-quedo-paralitico","status":"publish","type":"post","link":"https:\/\/www.zunoticia.com\/noticias-de-hidalgo\/2023\/05\/27\/se-cayo-de-un-arbol-y-quedo-paralitico\/","title":{"rendered":"Se cay\u00f3 de un \u00e1rbol y qued\u00f3 paral\u00edtico"},"content":{"rendered":"<aside class=\"mashsb-container mashsb-main mashsb-stretched\"><div class=\"mashsb-box\"><div class=\"mashsb-count mash-large\" style=\"float:left\"><div class=\"counts mashsbcount\">26<\/div><span class=\"mashsb-sharetext\">SHARES<\/span><\/div><div class=\"mashsb-buttons\"><a class=\"mashicon-facebook mash-large mash-center mashsb-noshadow\" href=\"https:\/\/www.facebook.com\/sharer.php?u=https%3A%2F%2Fwww.zunoticia.com%2Fnoticias-de-hidalgo%2F2023%2F05%2F27%2Fse-cayo-de-un-arbol-y-quedo-paralitico%2F\" target=\"_top\" rel=\"nofollow\"><span class=\"icon\"><\/span><span class=\"text\">Share<\/span><\/a><a class=\"mashicon-twitter mash-large mash-center mashsb-noshadow\" href=\"https:\/\/twitter.com\/intent\/tweet?text=&amp;url=https:\/\/www.zunoticia.com\/noticias-de-hidalgo\/2023\/05\/27\/se-cayo-de-un-arbol-y-quedo-paralitico\/\" target=\"_top\" rel=\"nofollow\"><span class=\"icon\"><\/span><span class=\"text\">Tweet<\/span><\/a><div class=\"onoffswitch2 mash-large mashsb-noshadow\" style=\"display:none\"><\/div><\/div>\n            <\/div>\n                <div style=\"clear:both\"><\/div><div class=\"mashsb-toggle-container\"><\/div><\/aside>\n            <!-- Share buttons by mashshare.net - Version: 4.0.47-->\n<p><em>Por Redacci\u00f3n\/Zunoticia<\/em><\/p>\n\n\n\n<p><strong>Huejutla, Hgo.-<\/strong> Un hombre de este municipio, sufri\u00f3 serias lesiones despu\u00e9s de que se cayera de un \u00e1rbol cuando llevaba a cabo labores de desrame, por lo anterior fue llevado al Hospital Regional, en donde se le dijo que por las serias heridas en su columna no volver\u00e1 a caminar.<\/p>\n\n\n\n<p>Se trata de Jos\u00e9 N.N. de 34 a\u00f1os quien, al estar desramando un \u00e1rbol de chaca, se resbal\u00f3 y cay\u00f3 de una altura de 5 metros, r\u00e1pidamente sus familiares llegaron al lugar de los hechos para brindarle los primeros auxilios y a bordo de una camioneta fue llevado al doctor.<\/p>\n\n\n\n<p>El hombre se caus\u00f3 diversas fracturas en diversos puntos de su cuerpo, por lo que m\u00e1s tarde se le inform\u00f3 que quedar\u00eda paralizado de la cintura para abajo por las graves lesiones. Sus familiares informaron que este hombre siempre sube a desramar el \u00e1rbol, pero en esta ocasi\u00f3n se descuid\u00f3 y se fue al vac\u00edo.<\/p>\n","protected":false},"excerpt":{"rendered":"<p>Por Redacci\u00f3n\/Zunoticia Huejutla, Hgo.- Un hombre de este municipio, sufri\u00f3 serias lesiones despu\u00e9s de que se cayera de un \u00e1rbol cuando llevaba a cabo labores de desrame, por lo anterior fue llevado al Hospital Regional, en donde se le dijo que por las serias heridas en su columna no volver\u00e1 a caminar. Se trata de&hellip; <a class=\"more-link\" href=\"https:\/\/www.zunoticia.com\/noticias-de-hidalgo\/2023\/05\/27\/se-cayo-de-un-arbol-y-quedo-paralitico\/\">Seguir leyendo <span class=\"screen-reader-text\">Se cay\u00f3 de un \u00e1rbol y qued\u00f3 paral\u00edtico<\/span><\/a><\/p>\n","protected":false},"author":13,"featured_media":483737,"comment_status":"closed","ping_status":"open","sticky":false,"template":"","format":"standard","meta":{"rop_custom_images_group":[],"rop_custom_messages_group":[],"rop_publish_now":"initial","rop_publish_now_accounts":{"facebook_10159540855086992_322828327761733":""},"rop_publish_now_history":[],"rop_publish_now_status":"pending","footnotes":""},"categories":[178],"tags":[121,259],"class_list":["post-483736","post","type-post","status-publish","format-standard","has-post-thumbnail","hentry","category-policiaca","tag-huejutla","tag-policiaca","entry"],"_links":{"self":[{"href":"https:\/\/www.zunoticia.com\/noticias-de-hidalgo\/wp-json\/wp\/v2\/posts\/483736","targetHints":{"allow":["GET"]}}],"collection":[{"href":"https:\/\/www.zunoticia.com\/noticias-de-hidalgo\/wp-json\/wp\/v2\/posts"}],"about":[{"href":"https:\/\/www.zunoticia.com\/noticias-de-hidalgo\/wp-json\/wp\/v2\/types\/post"}],"author":[{"embeddable":true,"href":"https:\/\/www.zunoticia.com\/noticias-de-hidalgo\/wp-json\/wp\/v2\/users\/13"}],"replies":[{"embeddable":true,"href":"https:\/\/www.zunoticia.com\/noticias-de-hidalgo\/wp-json\/wp\/v2\/comments?post=483736"}],"version-history":[{"count":1,"href":"https:\/\/www.zunoticia.com\/noticias-de-hidalgo\/wp-json\/wp\/v2\/posts\/483736\/revisions"}],"predecessor-version":[{"id":483739,"href":"https:\/\/www.zunoticia.com\/noticias-de-hidalgo\/wp-json\/wp\/v2\/posts\/483736\/revisions\/483739"}],"wp:featuredmedia":[{"embeddable":true,"href":"https:\/\/www.zunoticia.com\/noticias-de-hidalgo\/wp-json\/wp\/v2\/media\/483737"}],"wp:attachment":[{"href":"https:\/\/www.zunoticia.com\/noticias-de-hidalgo\/wp-json\/wp\/v2\/media?parent=483736"}],"wp:term":[{"taxonomy":"category","embeddable":true,"href":"https:\/\/www.zunoticia.com\/noticias-de-hidalgo\/wp-json\/wp\/v2\/categories?post=483736"},{"taxonomy":"post_tag","embeddable":true,"href":"https:\/\/www.zunoticia.com\/noticias-de-hidalgo\/wp-json\/wp\/v2\/tags?post=483736"}],"curies":[{"name":"wp","href":"https:\/\/api.w.org\/{rel}","templated":true}]}}