{"id":483789,"date":"2023-05-28T18:08:17","date_gmt":"2023-05-29T00:08:17","guid":{"rendered":"https:\/\/www.zunoticia.com\/noticias-de-hidalgo\/?p=483789"},"modified":"2023-05-28T18:08:18","modified_gmt":"2023-05-29T00:08:18","slug":"padre-de-familia-denunciado-por-sustraccion-de-menores","status":"publish","type":"post","link":"https:\/\/www.zunoticia.com\/noticias-de-hidalgo\/2023\/05\/28\/padre-de-familia-denunciado-por-sustraccion-de-menores\/","title":{"rendered":"Padre de familia denunciado por sustracci\u00f3n de menores"},"content":{"rendered":"<aside class=\"mashsb-container mashsb-main mashsb-stretched\"><div class=\"mashsb-box\"><div class=\"mashsb-count mash-large\" style=\"float:left\"><div class=\"counts mashsbcount\">130<\/div><span class=\"mashsb-sharetext\">SHARES<\/span><\/div><div class=\"mashsb-buttons\"><a class=\"mashicon-facebook mash-large mash-center mashsb-noshadow\" href=\"https:\/\/www.facebook.com\/sharer.php?u=https%3A%2F%2Fwww.zunoticia.com%2Fnoticias-de-hidalgo%2F2023%2F05%2F28%2Fpadre-de-familia-denunciado-por-sustraccion-de-menores%2F\" target=\"_top\" rel=\"nofollow\"><span class=\"icon\"><\/span><span class=\"text\">Share<\/span><\/a><a class=\"mashicon-twitter mash-large mash-center mashsb-noshadow\" href=\"https:\/\/twitter.com\/intent\/tweet?text=&amp;url=https:\/\/www.zunoticia.com\/noticias-de-hidalgo\/2023\/05\/28\/padre-de-familia-denunciado-por-sustraccion-de-menores\/\" target=\"_top\" rel=\"nofollow\"><span class=\"icon\"><\/span><span class=\"text\">Tweet<\/span><\/a><div class=\"onoffswitch2 mash-large mashsb-noshadow\" style=\"display:none\"><\/div><\/div>\n            <\/div>\n                <div style=\"clear:both\"><\/div><div class=\"mashsb-toggle-container\"><\/div><\/aside>\n            <!-- Share buttons by mashshare.net - Version: 4.0.47-->\n<ul class=\"wp-block-list\">\n<li>El imputado presuntamente no aporta pensi\u00f3n alimenticia para sus hijas y la guarda y custodia provisional la tiene la madre de las menores.<\/li>\n<\/ul>\n\n\n\n<p><em>Por Francisco Rosas\/Zunoticia<\/em><\/p>\n\n\n\n<p><strong>Huejutla, Hgo.-<\/strong> Un padre de familia que presuntamente rapt\u00f3 a sus hijas, fue denunciado penalmente en la agencia del Ministerio P\u00fablico del Fuero Com\u00fan de este distrito judicial, por el delito de sustracci\u00f3n de menores.<\/p>\n\n\n\n<p>De acuerdo con la carpeta de investigaci\u00f3n 05-2023-00800, trascendi\u00f3 que la denuncia fue presentada por una madre de familia de nombre Roc\u00edo Deyanira C. C., quien al rendir su declaraci\u00f3n ministerial manifest\u00f3 que, el pasado jueves 25 de mayo su expareja sentimental de nombre Esa\u00fa Josu\u00e9 V. G., se llev\u00f3 a sus ni\u00f1as de 5 y 9 a\u00f1os, porque supuestamente ir\u00edan a comer pizza.<\/p>\n\n\n<div class=\"wp-block-image\">\n<figure class=\"aligncenter size-large\"><img fetchpriority=\"high\" decoding=\"async\" width=\"768\" height=\"1024\" src=\"https:\/\/www.zunoticia.com\/noticias-de-hidalgo\/wp-content\/uploads\/2023\/05\/eZy-Watermark-28-05-2023-05-29-23-7450p.m.-768x1024.jpg\" alt=\"\" class=\"wp-image-483796\" srcset=\"https:\/\/www.zunoticia.com\/noticias-de-hidalgo\/wp-content\/uploads\/2023\/05\/eZy-Watermark-28-05-2023-05-29-23-7450p.m.-768x1024.jpg 768w, https:\/\/www.zunoticia.com\/noticias-de-hidalgo\/wp-content\/uploads\/2023\/05\/eZy-Watermark-28-05-2023-05-29-23-7450p.m.-225x300.jpg 225w, https:\/\/www.zunoticia.com\/noticias-de-hidalgo\/wp-content\/uploads\/2023\/05\/eZy-Watermark-28-05-2023-05-29-23-7450p.m..jpg 960w\" sizes=\"(max-width: 768px) 100vw, 768px\" \/><figcaption class=\"wp-element-caption\">Menores que fueron sustra\u00eddas por su padre, son buscadas por su madre.<\/figcaption><\/figure>\n<\/div>\n\n\n<p>Sin embargo, refiere que desde ese d\u00eda y hasta este domingo 28 de mayo, no sabe d\u00f3nde se encuentran sus hijas, ya que el se\u00f1or Esa\u00fa Josu\u00e9, las tiene escondidas en alg\u00fan lugar, esto aun sabiendo que la guarda y custodia provisional de las menores, la tiene ella, tal como consta en el expediente 1233\/2022, radicado en el Juzgado Civil y Familiar.<\/p>\n\n\n\n<p>Asimismo, la denunciante se\u00f1al\u00f3 que, el padre de sus hijas desde el mes de diciembre no aporta la pensi\u00f3n alimenticia provisional que le impuso el Juez para las menores, por lo que solicit\u00f3 la intervenci\u00f3n de la autoridad ministerial para que se proceda legalmente en contra de esta persona, pues adem\u00e1s tiene una denuncia por violencia familiar, tal como qued\u00f3 asentada en la carpeta de investigaci\u00f3n 05-2022-01671, radicada en el CAVI.<\/p>\n\n\n\n<p>Angustiada al no saber nada de sus menores hijas, Roc\u00edo Deyanira pide la intervenci\u00f3n del encargado del despacho de la Procuradur\u00eda General de Justicia del Estado de Hidalgo (PGJEH), Santiago Nieto Castillo, para que se elabore y difunda una ficha de b\u00fasqueda de las ni\u00f1as y se ejerza acci\u00f3n penal en contra del imputado, quien es hijo de conocido profesor y ex secretario de los maestros jubilados de la huasteca.<\/p>\n","protected":false},"excerpt":{"rendered":"<p>Por Francisco Rosas\/Zunoticia Huejutla, Hgo.- Un padre de familia que presuntamente rapt\u00f3 a sus hijas, fue denunciado penalmente en la agencia del Ministerio P\u00fablico del Fuero Com\u00fan de este distrito judicial, por el delito de sustracci\u00f3n de menores. De acuerdo con la carpeta de investigaci\u00f3n 05-2023-00800, trascendi\u00f3 que la denuncia fue presentada por una madre&hellip; <a class=\"more-link\" href=\"https:\/\/www.zunoticia.com\/noticias-de-hidalgo\/2023\/05\/28\/padre-de-familia-denunciado-por-sustraccion-de-menores\/\">Seguir leyendo <span class=\"screen-reader-text\">Padre de familia denunciado por sustracci\u00f3n de menores<\/span><\/a><\/p>\n","protected":false},"author":12,"featured_media":483797,"comment_status":"closed","ping_status":"open","sticky":false,"template":"","format":"standard","meta":{"rop_custom_images_group":[],"rop_custom_messages_group":[],"rop_publish_now":"initial","rop_publish_now_accounts":{"facebook_10159540855086992_322828327761733":""},"rop_publish_now_history":[],"rop_publish_now_status":"pending","footnotes":""},"categories":[178],"tags":[259],"class_list":["post-483789","post","type-post","status-publish","format-standard","has-post-thumbnail","hentry","category-policiaca","tag-policiaca","entry"],"_links":{"self":[{"href":"https:\/\/www.zunoticia.com\/noticias-de-hidalgo\/wp-json\/wp\/v2\/posts\/483789","targetHints":{"allow":["GET"]}}],"collection":[{"href":"https:\/\/www.zunoticia.com\/noticias-de-hidalgo\/wp-json\/wp\/v2\/posts"}],"about":[{"href":"https:\/\/www.zunoticia.com\/noticias-de-hidalgo\/wp-json\/wp\/v2\/types\/post"}],"author":[{"embeddable":true,"href":"https:\/\/www.zunoticia.com\/noticias-de-hidalgo\/wp-json\/wp\/v2\/users\/12"}],"replies":[{"embeddable":true,"href":"https:\/\/www.zunoticia.com\/noticias-de-hidalgo\/wp-json\/wp\/v2\/comments?post=483789"}],"version-history":[{"count":1,"href":"https:\/\/www.zunoticia.com\/noticias-de-hidalgo\/wp-json\/wp\/v2\/posts\/483789\/revisions"}],"predecessor-version":[{"id":483798,"href":"https:\/\/www.zunoticia.com\/noticias-de-hidalgo\/wp-json\/wp\/v2\/posts\/483789\/revisions\/483798"}],"wp:featuredmedia":[{"embeddable":true,"href":"https:\/\/www.zunoticia.com\/noticias-de-hidalgo\/wp-json\/wp\/v2\/media\/483797"}],"wp:attachment":[{"href":"https:\/\/www.zunoticia.com\/noticias-de-hidalgo\/wp-json\/wp\/v2\/media?parent=483789"}],"wp:term":[{"taxonomy":"category","embeddable":true,"href":"https:\/\/www.zunoticia.com\/noticias-de-hidalgo\/wp-json\/wp\/v2\/categories?post=483789"},{"taxonomy":"post_tag","embeddable":true,"href":"https:\/\/www.zunoticia.com\/noticias-de-hidalgo\/wp-json\/wp\/v2\/tags?post=483789"}],"curies":[{"name":"wp","href":"https:\/\/api.w.org\/{rel}","templated":true}]}}