{"id":483833,"date":"2023-05-28T19:59:55","date_gmt":"2023-05-29T01:59:55","guid":{"rendered":"https:\/\/www.zunoticia.com\/noticias-de-hidalgo\/?p=483833"},"modified":"2023-05-28T19:59:56","modified_gmt":"2023-05-29T01:59:56","slug":"participa-hidalgo-en-convencion-para-un-futuro-sostenible-en-busan-corea-del-sur","status":"publish","type":"post","link":"https:\/\/www.zunoticia.com\/noticias-de-hidalgo\/2023\/05\/28\/participa-hidalgo-en-convencion-para-un-futuro-sostenible-en-busan-corea-del-sur\/","title":{"rendered":"Participa Hidalgo en convenci\u00f3n para un futuro sostenible en Bus\u00e1n, Corea del Sur"},"content":{"rendered":"<aside class=\"mashsb-container mashsb-main mashsb-stretched\"><div class=\"mashsb-box\"><div class=\"mashsb-count mash-large\" style=\"float:left\"><div class=\"counts mashsbcount\">19<\/div><span class=\"mashsb-sharetext\">SHARES<\/span><\/div><div class=\"mashsb-buttons\"><a class=\"mashicon-facebook mash-large mash-center mashsb-noshadow\" href=\"https:\/\/www.facebook.com\/sharer.php?u=https%3A%2F%2Fwww.zunoticia.com%2Fnoticias-de-hidalgo%2F2023%2F05%2F28%2Fparticipa-hidalgo-en-convencion-para-un-futuro-sostenible-en-busan-corea-del-sur%2F\" target=\"_top\" rel=\"nofollow\"><span class=\"icon\"><\/span><span class=\"text\">Share<\/span><\/a><a class=\"mashicon-twitter mash-large mash-center mashsb-noshadow\" href=\"https:\/\/twitter.com\/intent\/tweet?text=&amp;url=https:\/\/www.zunoticia.com\/noticias-de-hidalgo\/2023\/05\/28\/participa-hidalgo-en-convencion-para-un-futuro-sostenible-en-busan-corea-del-sur\/\" target=\"_top\" rel=\"nofollow\"><span class=\"icon\"><\/span><span class=\"text\">Tweet<\/span><\/a><div class=\"onoffswitch2 mash-large mashsb-noshadow\" style=\"display:none\"><\/div><\/div>\n            <\/div>\n                <div style=\"clear:both\"><\/div><div class=\"mashsb-toggle-container\"><\/div><\/aside>\n            <!-- Share buttons by mashshare.net - Version: 4.0.47-->\n<ul class=\"wp-block-list\">\n<li>El subsecretario de Pol\u00edtica Ambiental, de la Semarnath, se reuni\u00f3 con siete empresas coreanas dedicadas a la gesti\u00f3n y tratamiento de residuos s\u00f3lidos urbanos.<\/li>\n<\/ul>\n\n\n\n<p><a><\/a><em>Por Redacci\u00f3n\/Zunoticia<\/em><\/p>\n\n\n\n<p><strong>Pachuca, Hgo.-<\/strong> En congruencia con lo planteado en el Plan Estatal de Desarrollo de Hidalgo 2022-2028 y los objetivos de la Agenda 2030, la Secretar\u00eda de Medio Ambiente y Recursos Naturales de Hidalgo (Semarnath), mantiene alianzas internacionales para la gesti\u00f3n de proyectos ambientales en materia de residuos s\u00f3lidos urbanos.<\/p>\n\n\n\n<p><a><\/a>En ese sentido, el subsecretario de Pol\u00edtica Ambiental de la Semarnath, Magdaleno Cervantez Bautista, particip\u00f3 en el Global Green Hub Korea 2023, \u201cEstrategias de Crecimiento Ecol\u00f3gico de Negocios Globales y Responsabilidad Corporativa para un Futuro Sostenible\u201d, llevada a cabo en Bus\u00e1n, Corea del Sur.<\/p>\n\n\n\n<figure class=\"wp-block-image size-large\"><img fetchpriority=\"high\" decoding=\"async\" width=\"1024\" height=\"768\" src=\"https:\/\/www.zunoticia.com\/noticias-de-hidalgo\/wp-content\/uploads\/2023\/05\/eZy-Watermark-28-05-2023-07-33-22-7940p.m.-1024x768.jpg\" alt=\"\" class=\"wp-image-483826\" srcset=\"https:\/\/www.zunoticia.com\/noticias-de-hidalgo\/wp-content\/uploads\/2023\/05\/eZy-Watermark-28-05-2023-07-33-22-7940p.m.-1024x768.jpg 1024w, https:\/\/www.zunoticia.com\/noticias-de-hidalgo\/wp-content\/uploads\/2023\/05\/eZy-Watermark-28-05-2023-07-33-22-7940p.m.-300x225.jpg 300w, https:\/\/www.zunoticia.com\/noticias-de-hidalgo\/wp-content\/uploads\/2023\/05\/eZy-Watermark-28-05-2023-07-33-22-7940p.m.-768x576.jpg 768w, https:\/\/www.zunoticia.com\/noticias-de-hidalgo\/wp-content\/uploads\/2023\/05\/eZy-Watermark-28-05-2023-07-33-22-7940p.m..jpg 1280w\" sizes=\"(max-width: 1024px) 100vw, 1024px\" \/><\/figure>\n\n\n\n<p><a><\/a>Ah\u00ed, el subsecretario Magdaleno Cervantez se reuni\u00f3 con siete empresas coreanas dedicadas a la gesti\u00f3n y tratamiento de residuos s\u00f3lidos urbanos, a trav\u00e9s de tecnolog\u00edas innovadoras y t\u00e9cnicas como la conversi\u00f3n de energ\u00eda, la recuperaci\u00f3n de materiales y el aprovechamiento de estos, con la finalidad de consolidar proyectos bilaterales, as\u00ed como la cooperaci\u00f3n para el desarrollo de Hidalgo en materia ambiental.<\/p>\n\n\n\n<p><a><\/a>Con la participaci\u00f3n del Gobierno de Hidalgo en esta convenci\u00f3n internacional, se inician potenciales colaboraciones para impulsar a la entidad hacia un futuro sostenible que supere los desaf\u00edos que plantea el cambio clim\u00e1tico y que, adem\u00e1s, promueva el desarrollo social y econ\u00f3mico del estado.<\/p>\n","protected":false},"excerpt":{"rendered":"<p>Por Redacci\u00f3n\/Zunoticia Pachuca, Hgo.- En congruencia con lo planteado en el Plan Estatal de Desarrollo de Hidalgo 2022-2028 y los objetivos de la Agenda 2030, la Secretar\u00eda de Medio Ambiente y Recursos Naturales de Hidalgo (Semarnath), mantiene alianzas internacionales para la gesti\u00f3n de proyectos ambientales en materia de residuos s\u00f3lidos urbanos. En ese sentido, el&hellip; <a class=\"more-link\" href=\"https:\/\/www.zunoticia.com\/noticias-de-hidalgo\/2023\/05\/28\/participa-hidalgo-en-convencion-para-un-futuro-sostenible-en-busan-corea-del-sur\/\">Seguir leyendo <span class=\"screen-reader-text\">Participa Hidalgo en convenci\u00f3n para un futuro sostenible en Bus\u00e1n, Corea del Sur<\/span><\/a><\/p>\n","protected":false},"author":12,"featured_media":483827,"comment_status":"closed","ping_status":"open","sticky":false,"template":"","format":"standard","meta":{"rop_custom_images_group":[],"rop_custom_messages_group":[],"rop_publish_now":"initial","rop_publish_now_accounts":{"facebook_10159540855086992_322828327761733":""},"rop_publish_now_history":[],"rop_publish_now_status":"pending","footnotes":""},"categories":[208],"tags":[214],"class_list":["post-483833","post","type-post","status-publish","format-standard","has-post-thumbnail","hentry","category-estado","tag-estado","entry"],"_links":{"self":[{"href":"https:\/\/www.zunoticia.com\/noticias-de-hidalgo\/wp-json\/wp\/v2\/posts\/483833","targetHints":{"allow":["GET"]}}],"collection":[{"href":"https:\/\/www.zunoticia.com\/noticias-de-hidalgo\/wp-json\/wp\/v2\/posts"}],"about":[{"href":"https:\/\/www.zunoticia.com\/noticias-de-hidalgo\/wp-json\/wp\/v2\/types\/post"}],"author":[{"embeddable":true,"href":"https:\/\/www.zunoticia.com\/noticias-de-hidalgo\/wp-json\/wp\/v2\/users\/12"}],"replies":[{"embeddable":true,"href":"https:\/\/www.zunoticia.com\/noticias-de-hidalgo\/wp-json\/wp\/v2\/comments?post=483833"}],"version-history":[{"count":1,"href":"https:\/\/www.zunoticia.com\/noticias-de-hidalgo\/wp-json\/wp\/v2\/posts\/483833\/revisions"}],"predecessor-version":[{"id":483837,"href":"https:\/\/www.zunoticia.com\/noticias-de-hidalgo\/wp-json\/wp\/v2\/posts\/483833\/revisions\/483837"}],"wp:featuredmedia":[{"embeddable":true,"href":"https:\/\/www.zunoticia.com\/noticias-de-hidalgo\/wp-json\/wp\/v2\/media\/483827"}],"wp:attachment":[{"href":"https:\/\/www.zunoticia.com\/noticias-de-hidalgo\/wp-json\/wp\/v2\/media?parent=483833"}],"wp:term":[{"taxonomy":"category","embeddable":true,"href":"https:\/\/www.zunoticia.com\/noticias-de-hidalgo\/wp-json\/wp\/v2\/categories?post=483833"},{"taxonomy":"post_tag","embeddable":true,"href":"https:\/\/www.zunoticia.com\/noticias-de-hidalgo\/wp-json\/wp\/v2\/tags?post=483833"}],"curies":[{"name":"wp","href":"https:\/\/api.w.org\/{rel}","templated":true}]}}