{"id":484063,"date":"2023-05-30T13:03:06","date_gmt":"2023-05-30T19:03:06","guid":{"rendered":"https:\/\/www.zunoticia.com\/noticias-de-hidalgo\/?p=484063"},"modified":"2023-05-30T13:03:07","modified_gmt":"2023-05-30T19:03:07","slug":"realiza-fdomez-mitin-politico-por-semana-internacional-del-detenido-desaparecido","status":"publish","type":"post","link":"https:\/\/www.zunoticia.com\/noticias-de-hidalgo\/2023\/05\/30\/realiza-fdomez-mitin-politico-por-semana-internacional-del-detenido-desaparecido\/","title":{"rendered":"Realiza FDOMEZ mitin pol\u00edtico por Semana Internacional del Detenido desaparecido"},"content":{"rendered":"<aside class=\"mashsb-container mashsb-main mashsb-stretched\"><div class=\"mashsb-box\"><div class=\"mashsb-count mash-large\" style=\"float:left\"><div class=\"counts mashsbcount\">37<\/div><span class=\"mashsb-sharetext\">SHARES<\/span><\/div><div class=\"mashsb-buttons\"><a class=\"mashicon-facebook mash-large mash-center mashsb-noshadow\" href=\"https:\/\/www.facebook.com\/sharer.php?u=https%3A%2F%2Fwww.zunoticia.com%2Fnoticias-de-hidalgo%2F2023%2F05%2F30%2Frealiza-fdomez-mitin-politico-por-semana-internacional-del-detenido-desaparecido%2F\" target=\"_top\" rel=\"nofollow\"><span class=\"icon\"><\/span><span class=\"text\">Share<\/span><\/a><a class=\"mashicon-twitter mash-large mash-center mashsb-noshadow\" href=\"https:\/\/twitter.com\/intent\/tweet?text=&amp;url=https:\/\/www.zunoticia.com\/noticias-de-hidalgo\/2023\/05\/30\/realiza-fdomez-mitin-politico-por-semana-internacional-del-detenido-desaparecido\/\" target=\"_top\" rel=\"nofollow\"><span class=\"icon\"><\/span><span class=\"text\">Tweet<\/span><\/a><div class=\"onoffswitch2 mash-large mashsb-noshadow\" style=\"display:none\"><\/div><\/div>\n            <\/div>\n                <div style=\"clear:both\"><\/div><div class=\"mashsb-toggle-container\"><\/div><\/aside>\n            <!-- Share buttons by mashshare.net - Version: 4.0.47-->\n<p><em>Por Enedino Hern\u00e1ndez\/Zunoticia<\/em><\/p>\n\n\n\n<p><strong>Huejutla, Hgo<\/strong>.- Integrantes del Frente Democr\u00e1tico Oriental de M\u00e9xico Emiliano Zapata (FDOMEZ) realizaron en la plaza Nicandro Castillo un mitin pol\u00edtico, en el marco de la Semana Internacional del Detenido desaparecido.<\/p>\n\n\n\n<p>Rubicel Hern\u00e1ndez, integrante del FDOMEZ, dio a conocer un comunicado en la cual destaca que la desaparici\u00f3n forzada de personas en M\u00e9xico es un hecho inocultable.<\/p>\n\n\n\n<p>\u201cEste 30 de mayo culmina la Semana Internacional del Detenido Desaparecido, la fecha cobra relevancia porque en Am\u00e9rica Latina y en espec\u00edfico en M\u00e9xico, el cometido de cr\u00edmenes de lesa humanidad y violaciones graves a los derechos humanos constituyen fen\u00f3menos recurrentes\u201d.<\/p>\n\n\n\n<p>En M\u00e9xico la desaparici\u00f3n forzada de personas es un fen\u00f3meno inocultable que por su magnitud adquiere un car\u00e1cter inconmensurable y afecta fundamentalmente al pueblo trabajador.<\/p>\n\n\n\n<p>Nuevos hallazgos de fosas clandestinas, ahora en Colima, se suman a las estad\u00edsticas de Jalisco, Michoac\u00e1n, Guerrero, Veracruz, son el indicativo que la desaparici\u00f3n forzada en muchos de los casos termina en ejecuci\u00f3n&#8221;.<\/p>\n\n\n\n<p>Aunado a estos cr\u00edmenes se ha vuelto cada vez m\u00e1s frecuente en la vida pol\u00edtica del pa\u00eds, la desaparici\u00f3n forzada de familiares que buscan a sus seres queridos. En su b\u00fasqueda se encuentran con una realidad, el Estado mexicano les presenta la hip\u00f3tesis de que sus seres queridos fueron privados de la vida, con lo cual niegan de tajo el derecho de la v\u00edctima a ser buscado con vida. Agrega.<\/p>\n\n\n\n<p>Subrayan que ante el incumplimiento del Estado mexicano por buscar con vida a los detenidos desaparecidos y al argumento nada cre\u00edble de que las desapariciones forzadas las comete la delincuencia organizada, muchos familiares de v\u00edctimas de este crimen de lesa humanidad se convierten en buscadores de sus seres queridos con sus propios medios, lo cual constituye una cr\u00edtica a la pol\u00edtica de gobierno.<\/p>\n\n\n\n<p>Consideran que la impunidad emerge de las instituciones gubernamentales y funcionarios de gobierno, de aqu\u00ed emana la actitud de indolencia y desprecio hacia los familiares de las v\u00edctimas que exigen presentaci\u00f3n con vida de los detenidos desaparecidos.<\/p>\n\n\n\n<p>Exponen que el caso de la desaparici\u00f3n forzada de los revolucionarios Edmundo Reyes Amaya y Gabriel Alberto Cruz S\u00e1nchez, a pesar de la sentencia de la Suprema Corte de Justicia de la Naci\u00f3n (SCJN).<\/p>\n\n\n\n<p>Por todo lo anterior es el indicativo de que al FNLS se le hostiga, persigue, judicializa y se le reprime por denunciar la existencia de la desaparici\u00f3n forzada en M\u00e9xico como una pol\u00edtica de gobierno, y por abrazar la bandera de la presentaci\u00f3n con vida de todos los detenidos desaparecidos, en espec\u00edfico, la de Edmundo y Gabriel.<\/p>\n\n\n\n<p>Concluy\u00f3 citando \u201cno dejaremos de luchar hasta dar con su paradero, conocer la verdad, se enjuicie y castigo a los responsables materiales e intelectuales.<\/p>\n","protected":false},"excerpt":{"rendered":"<p>Por Enedino Hern\u00e1ndez\/Zunoticia Huejutla, Hgo.- Integrantes del Frente Democr\u00e1tico Oriental de M\u00e9xico Emiliano Zapata (FDOMEZ) realizaron en la plaza Nicandro Castillo un mitin pol\u00edtico, en el marco de la Semana Internacional del Detenido desaparecido. Rubicel Hern\u00e1ndez, integrante del FDOMEZ, dio a conocer un comunicado en la cual destaca que la desaparici\u00f3n forzada de personas en&hellip; <a class=\"more-link\" href=\"https:\/\/www.zunoticia.com\/noticias-de-hidalgo\/2023\/05\/30\/realiza-fdomez-mitin-politico-por-semana-internacional-del-detenido-desaparecido\/\">Seguir leyendo <span class=\"screen-reader-text\">Realiza FDOMEZ mitin pol\u00edtico por Semana Internacional del Detenido desaparecido<\/span><\/a><\/p>\n","protected":false},"author":20,"featured_media":484064,"comment_status":"closed","ping_status":"open","sticky":false,"template":"","format":"standard","meta":{"rop_custom_images_group":[],"rop_custom_messages_group":[],"rop_publish_now":"initial","rop_publish_now_accounts":{"facebook_10159540855086992_322828327761733":""},"rop_publish_now_history":[],"rop_publish_now_status":"pending","footnotes":""},"categories":[181],"tags":[121],"class_list":["post-484063","post","type-post","status-publish","format-standard","has-post-thumbnail","hentry","category-huejutla","tag-huejutla","entry"],"_links":{"self":[{"href":"https:\/\/www.zunoticia.com\/noticias-de-hidalgo\/wp-json\/wp\/v2\/posts\/484063","targetHints":{"allow":["GET"]}}],"collection":[{"href":"https:\/\/www.zunoticia.com\/noticias-de-hidalgo\/wp-json\/wp\/v2\/posts"}],"about":[{"href":"https:\/\/www.zunoticia.com\/noticias-de-hidalgo\/wp-json\/wp\/v2\/types\/post"}],"author":[{"embeddable":true,"href":"https:\/\/www.zunoticia.com\/noticias-de-hidalgo\/wp-json\/wp\/v2\/users\/20"}],"replies":[{"embeddable":true,"href":"https:\/\/www.zunoticia.com\/noticias-de-hidalgo\/wp-json\/wp\/v2\/comments?post=484063"}],"version-history":[{"count":1,"href":"https:\/\/www.zunoticia.com\/noticias-de-hidalgo\/wp-json\/wp\/v2\/posts\/484063\/revisions"}],"predecessor-version":[{"id":484065,"href":"https:\/\/www.zunoticia.com\/noticias-de-hidalgo\/wp-json\/wp\/v2\/posts\/484063\/revisions\/484065"}],"wp:featuredmedia":[{"embeddable":true,"href":"https:\/\/www.zunoticia.com\/noticias-de-hidalgo\/wp-json\/wp\/v2\/media\/484064"}],"wp:attachment":[{"href":"https:\/\/www.zunoticia.com\/noticias-de-hidalgo\/wp-json\/wp\/v2\/media?parent=484063"}],"wp:term":[{"taxonomy":"category","embeddable":true,"href":"https:\/\/www.zunoticia.com\/noticias-de-hidalgo\/wp-json\/wp\/v2\/categories?post=484063"},{"taxonomy":"post_tag","embeddable":true,"href":"https:\/\/www.zunoticia.com\/noticias-de-hidalgo\/wp-json\/wp\/v2\/tags?post=484063"}],"curies":[{"name":"wp","href":"https:\/\/api.w.org\/{rel}","templated":true}]}}