{"id":484066,"date":"2023-05-30T13:54:38","date_gmt":"2023-05-30T19:54:38","guid":{"rendered":"https:\/\/www.zunoticia.com\/noticias-de-hidalgo\/?p=484066"},"modified":"2023-05-30T13:54:39","modified_gmt":"2023-05-30T19:54:39","slug":"se-accidento-profesor","status":"publish","type":"post","link":"https:\/\/www.zunoticia.com\/noticias-de-hidalgo\/2023\/05\/30\/se-accidento-profesor\/","title":{"rendered":"Se accident\u00f3 profesor"},"content":{"rendered":"<aside class=\"mashsb-container mashsb-main mashsb-stretched\"><div class=\"mashsb-box\"><div class=\"mashsb-count mash-large\" style=\"float:left\"><div class=\"counts mashsbcount\">26<\/div><span class=\"mashsb-sharetext\">SHARES<\/span><\/div><div class=\"mashsb-buttons\"><a class=\"mashicon-facebook mash-large mash-center mashsb-noshadow\" href=\"https:\/\/www.facebook.com\/sharer.php?u=https%3A%2F%2Fwww.zunoticia.com%2Fnoticias-de-hidalgo%2F2023%2F05%2F30%2Fse-accidento-profesor%2F\" target=\"_top\" rel=\"nofollow\"><span class=\"icon\"><\/span><span class=\"text\">Share<\/span><\/a><a class=\"mashicon-twitter mash-large mash-center mashsb-noshadow\" href=\"https:\/\/twitter.com\/intent\/tweet?text=&amp;url=https:\/\/www.zunoticia.com\/noticias-de-hidalgo\/2023\/05\/30\/se-accidento-profesor\/\" target=\"_top\" rel=\"nofollow\"><span class=\"icon\"><\/span><span class=\"text\">Tweet<\/span><\/a><div class=\"onoffswitch2 mash-large mashsb-noshadow\" style=\"display:none\"><\/div><\/div>\n            <\/div>\n                <div style=\"clear:both\"><\/div><div class=\"mashsb-toggle-container\"><\/div><\/aside>\n            <!-- Share buttons by mashshare.net - Version: 4.0.47-->\n<p>&gt;&gt;&gt;Volc\u00f3 su camioneta en el tramo de la carretera federal Huejutla-Tehuetl\u00e1n.<\/p>\n\n\n\n<p><em>Por Francisco Rosas\/Zunoticia<\/em><\/p>\n\n\n\n<p><strong>Huejutla, Hgo<\/strong>.- La madrugada de este martes, una camioneta BMW que presuntamente era conducida por un profesor, present\u00f3 una estrepitosa salida de camino y posterior volcadura en el tramo de la carretera federal Huejutla-Tehuetl\u00e1n.<\/p>\n\n\n\n<p>Agentes de la Guardia Nacional Divisi\u00f3n Caminos que tomaron conocimiento de los hechos, informaron que el accidente ocurri\u00f3 cerca de la localidad de Atalco, perteneciente a este municipio.<\/p>\n\n\n\n<p>La unidad motora de color blanco, con placas del estado de Hidalgo, al parecer era conducida a exceso de velocidad y al llegar a una curva el conductor perdi\u00f3 el control del volante, por lo que termin\u00f3 volcada a un costado de la cinta asf\u00e1ltica.<\/p>\n\n\n\n<p>El docente, quien dijo ser vecino de la colonia Cinco de Mayo de esta ciudad, sufri\u00f3 lesiones leves, por lo que no fue necesario ser trasladado a un centro hospitalario, solo fue valorado en el lugar por param\u00e9dicos de la Cruz Roja Mexicana; mientras que personal de una empresa de gr\u00faas se encarg\u00f3 de remolcar el carro.<\/p>\n\n\n\n<figure class=\"wp-block-image size-large\"><img fetchpriority=\"high\" decoding=\"async\" width=\"768\" height=\"1024\" src=\"https:\/\/www.zunoticia.com\/noticias-de-hidalgo\/wp-content\/uploads\/2023\/05\/WhatsApp-Image-2023-05-30-at-13.53.13-1-768x1024.jpeg\" alt=\"\" class=\"wp-image-484068\" srcset=\"https:\/\/www.zunoticia.com\/noticias-de-hidalgo\/wp-content\/uploads\/2023\/05\/WhatsApp-Image-2023-05-30-at-13.53.13-1-768x1024.jpeg 768w, https:\/\/www.zunoticia.com\/noticias-de-hidalgo\/wp-content\/uploads\/2023\/05\/WhatsApp-Image-2023-05-30-at-13.53.13-1-225x300.jpeg 225w, https:\/\/www.zunoticia.com\/noticias-de-hidalgo\/wp-content\/uploads\/2023\/05\/WhatsApp-Image-2023-05-30-at-13.53.13-1.jpeg 960w\" sizes=\"(max-width: 768px) 100vw, 768px\" \/><\/figure>\n","protected":false},"excerpt":{"rendered":"<p>&gt;&gt;&gt;Volc\u00f3 su camioneta en el tramo de la carretera federal Huejutla-Tehuetl\u00e1n. Por Francisco Rosas\/Zunoticia Huejutla, Hgo.- La madrugada de este martes, una camioneta BMW que presuntamente era conducida por un profesor, present\u00f3 una estrepitosa salida de camino y posterior volcadura en el tramo de la carretera federal Huejutla-Tehuetl\u00e1n. Agentes de la Guardia Nacional Divisi\u00f3n Caminos&hellip; <a class=\"more-link\" href=\"https:\/\/www.zunoticia.com\/noticias-de-hidalgo\/2023\/05\/30\/se-accidento-profesor\/\">Seguir leyendo <span class=\"screen-reader-text\">Se accident\u00f3 profesor<\/span><\/a><\/p>\n","protected":false},"author":20,"featured_media":484067,"comment_status":"closed","ping_status":"open","sticky":false,"template":"","format":"standard","meta":{"rop_custom_images_group":[],"rop_custom_messages_group":[],"rop_publish_now":"initial","rop_publish_now_accounts":{"facebook_10159540855086992_322828327761733":""},"rop_publish_now_history":[],"rop_publish_now_status":"pending","footnotes":""},"categories":[178],"tags":[259],"class_list":["post-484066","post","type-post","status-publish","format-standard","has-post-thumbnail","hentry","category-policiaca","tag-policiaca","entry"],"_links":{"self":[{"href":"https:\/\/www.zunoticia.com\/noticias-de-hidalgo\/wp-json\/wp\/v2\/posts\/484066","targetHints":{"allow":["GET"]}}],"collection":[{"href":"https:\/\/www.zunoticia.com\/noticias-de-hidalgo\/wp-json\/wp\/v2\/posts"}],"about":[{"href":"https:\/\/www.zunoticia.com\/noticias-de-hidalgo\/wp-json\/wp\/v2\/types\/post"}],"author":[{"embeddable":true,"href":"https:\/\/www.zunoticia.com\/noticias-de-hidalgo\/wp-json\/wp\/v2\/users\/20"}],"replies":[{"embeddable":true,"href":"https:\/\/www.zunoticia.com\/noticias-de-hidalgo\/wp-json\/wp\/v2\/comments?post=484066"}],"version-history":[{"count":1,"href":"https:\/\/www.zunoticia.com\/noticias-de-hidalgo\/wp-json\/wp\/v2\/posts\/484066\/revisions"}],"predecessor-version":[{"id":484069,"href":"https:\/\/www.zunoticia.com\/noticias-de-hidalgo\/wp-json\/wp\/v2\/posts\/484066\/revisions\/484069"}],"wp:featuredmedia":[{"embeddable":true,"href":"https:\/\/www.zunoticia.com\/noticias-de-hidalgo\/wp-json\/wp\/v2\/media\/484067"}],"wp:attachment":[{"href":"https:\/\/www.zunoticia.com\/noticias-de-hidalgo\/wp-json\/wp\/v2\/media?parent=484066"}],"wp:term":[{"taxonomy":"category","embeddable":true,"href":"https:\/\/www.zunoticia.com\/noticias-de-hidalgo\/wp-json\/wp\/v2\/categories?post=484066"},{"taxonomy":"post_tag","embeddable":true,"href":"https:\/\/www.zunoticia.com\/noticias-de-hidalgo\/wp-json\/wp\/v2\/tags?post=484066"}],"curies":[{"name":"wp","href":"https:\/\/api.w.org\/{rel}","templated":true}]}}