{"id":484087,"date":"2023-05-30T17:07:33","date_gmt":"2023-05-30T23:07:33","guid":{"rendered":"https:\/\/www.zunoticia.com\/noticias-de-hidalgo\/?p=484087"},"modified":"2023-05-30T17:07:34","modified_gmt":"2023-05-30T23:07:34","slug":"marcos-bautista-presente-en-reunion-general-con-secretario-de-economia","status":"publish","type":"post","link":"https:\/\/www.zunoticia.com\/noticias-de-hidalgo\/2023\/05\/30\/marcos-bautista-presente-en-reunion-general-con-secretario-de-economia\/","title":{"rendered":"Marcos Bautista presente en reuni\u00f3n general con Secretario de Econom\u00eda"},"content":{"rendered":"<aside class=\"mashsb-container mashsb-main mashsb-stretched\"><div class=\"mashsb-box\"><div class=\"mashsb-count mash-large\" style=\"float:left\"><div class=\"counts mashsbcount\">20<\/div><span class=\"mashsb-sharetext\">SHARES<\/span><\/div><div class=\"mashsb-buttons\"><a class=\"mashicon-facebook mash-large mash-center mashsb-noshadow\" href=\"https:\/\/www.facebook.com\/sharer.php?u=https%3A%2F%2Fwww.zunoticia.com%2Fnoticias-de-hidalgo%2F2023%2F05%2F30%2Fmarcos-bautista-presente-en-reunion-general-con-secretario-de-economia%2F\" target=\"_top\" rel=\"nofollow\"><span class=\"icon\"><\/span><span class=\"text\">Share<\/span><\/a><a class=\"mashicon-twitter mash-large mash-center mashsb-noshadow\" href=\"https:\/\/twitter.com\/intent\/tweet?text=&amp;url=https:\/\/www.zunoticia.com\/noticias-de-hidalgo\/2023\/05\/30\/marcos-bautista-presente-en-reunion-general-con-secretario-de-economia\/\" target=\"_top\" rel=\"nofollow\"><span class=\"icon\"><\/span><span class=\"text\">Tweet<\/span><\/a><div class=\"onoffswitch2 mash-large mashsb-noshadow\" style=\"display:none\"><\/div><\/div>\n            <\/div>\n                <div style=\"clear:both\"><\/div><div class=\"mashsb-toggle-container\"><\/div><\/aside>\n            <!-- Share buttons by mashshare.net - Version: 4.0.47-->\n<p><em>Por Zunoticia\/Redacci\u00f3n<\/em><\/p>\n\n\n\n<p><strong>Tlanchinol, Hgo.<\/strong>&#8211; La ma\u00f1ana de este martes se llev\u00f3 a cabo en las instalaciones del Centro Cultural de Huejutla de Reyes, la reuni\u00f3n regional para la presentaci\u00f3n de programas de Desarrollo Econ\u00f3mico, realizado por la Secretar\u00eda de Desarrollo Econ\u00f3mico.<br>En esta importante reuni\u00f3n regional estuvo presente Marcos Bautista Medina, presidente municipal de Tlanchinol, as\u00ed como los dem\u00e1s alcaldes de la regi\u00f3n, por citar algunos la presidenta de San Felipe Orizatl\u00e1n Erika Saab Lara, Ing. Joel Nochebuena Hern\u00e1ndez y el presidente de Huejutla Daniel Andrade Zurutuza, as\u00ed como los directores de Planeaci\u00f3n de algunos ayuntamientos.<br>La importancia de esta reuni\u00f3n es que la implementaci\u00f3n de los programas que se presentaron, son con el objetivo de reactivar la econom\u00eda regional y estatal.<br>En sus participaciones los alcaldes refrendaron su apoyo al gobierno del estado, para trabajar de la mano y poder hacer m\u00e1s por la ciudadan\u00eda.<\/p>\n","protected":false},"excerpt":{"rendered":"<p>Por Zunoticia\/Redacci\u00f3n Tlanchinol, Hgo.&#8211; La ma\u00f1ana de este martes se llev\u00f3 a cabo en las instalaciones del Centro Cultural de Huejutla de Reyes, la reuni\u00f3n regional para la presentaci\u00f3n de programas de Desarrollo Econ\u00f3mico, realizado por la Secretar\u00eda de Desarrollo Econ\u00f3mico.En esta importante reuni\u00f3n regional estuvo presente Marcos Bautista Medina, presidente municipal de Tlanchinol, as\u00ed&hellip; <a class=\"more-link\" href=\"https:\/\/www.zunoticia.com\/noticias-de-hidalgo\/2023\/05\/30\/marcos-bautista-presente-en-reunion-general-con-secretario-de-economia\/\">Seguir leyendo <span class=\"screen-reader-text\">Marcos Bautista presente en reuni\u00f3n general con Secretario de Econom\u00eda<\/span><\/a><\/p>\n","protected":false},"author":20,"featured_media":484088,"comment_status":"closed","ping_status":"open","sticky":false,"template":"","format":"standard","meta":{"rop_custom_images_group":[],"rop_custom_messages_group":[],"rop_publish_now":"initial","rop_publish_now_accounts":{"facebook_10159540855086992_322828327761733":""},"rop_publish_now_history":[],"rop_publish_now_status":"pending","footnotes":""},"categories":[201],"tags":[127],"class_list":["post-484087","post","type-post","status-publish","format-standard","has-post-thumbnail","hentry","category-tlanchinol","tag-tlanchinol","entry"],"_links":{"self":[{"href":"https:\/\/www.zunoticia.com\/noticias-de-hidalgo\/wp-json\/wp\/v2\/posts\/484087","targetHints":{"allow":["GET"]}}],"collection":[{"href":"https:\/\/www.zunoticia.com\/noticias-de-hidalgo\/wp-json\/wp\/v2\/posts"}],"about":[{"href":"https:\/\/www.zunoticia.com\/noticias-de-hidalgo\/wp-json\/wp\/v2\/types\/post"}],"author":[{"embeddable":true,"href":"https:\/\/www.zunoticia.com\/noticias-de-hidalgo\/wp-json\/wp\/v2\/users\/20"}],"replies":[{"embeddable":true,"href":"https:\/\/www.zunoticia.com\/noticias-de-hidalgo\/wp-json\/wp\/v2\/comments?post=484087"}],"version-history":[{"count":1,"href":"https:\/\/www.zunoticia.com\/noticias-de-hidalgo\/wp-json\/wp\/v2\/posts\/484087\/revisions"}],"predecessor-version":[{"id":484089,"href":"https:\/\/www.zunoticia.com\/noticias-de-hidalgo\/wp-json\/wp\/v2\/posts\/484087\/revisions\/484089"}],"wp:featuredmedia":[{"embeddable":true,"href":"https:\/\/www.zunoticia.com\/noticias-de-hidalgo\/wp-json\/wp\/v2\/media\/484088"}],"wp:attachment":[{"href":"https:\/\/www.zunoticia.com\/noticias-de-hidalgo\/wp-json\/wp\/v2\/media?parent=484087"}],"wp:term":[{"taxonomy":"category","embeddable":true,"href":"https:\/\/www.zunoticia.com\/noticias-de-hidalgo\/wp-json\/wp\/v2\/categories?post=484087"},{"taxonomy":"post_tag","embeddable":true,"href":"https:\/\/www.zunoticia.com\/noticias-de-hidalgo\/wp-json\/wp\/v2\/tags?post=484087"}],"curies":[{"name":"wp","href":"https:\/\/api.w.org\/{rel}","templated":true}]}}